{"id":16171,"date":"2014-08-03T19:52:22","date_gmt":"2014-08-03T18:52:22","guid":{"rendered":"https:\/\/intelligent-friend-7861.standoutwp.com\/?p=16171"},"modified":"2014-09-06T19:10:01","modified_gmt":"2014-09-06T18:10:01","slug":"stefan-sundstrom-mellan-skort-och-ratt-recension","status":"publish","type":"post","link":"https:\/\/www.kultursidan.nu\/?p=16171","title":{"rendered":"Stefan Sundstr\u00f6m mellan sk\u00f6rt och r\u00e5tt (recension)"},"content":{"rendered":"<p><iframe loading=\"lazy\" src=\"https:\/\/www.flickr.com\/photos\/kultursidan\/14819789492\/in\/set-72157646154127035\/player\/\" width=\"500\" height=\"373\" frameborder=\"0\" allowfullscreen webkitallowfullscreen mozallowfullscreen oallowfullscreen msallowfullscreen><\/iframe><br \/>\n<em>Ensam p\u00e5 scenen med elf\u00f6rst\u00e4rkt gitarr. Stefan Sundstr\u00f6m <\/em><em>ser ut som en annan Keith Richard n\u00e4r han s\u00e4tter sig p\u00e5 en stol framf\u00f6r micken.<\/em><\/p>\n<p>&nbsp;<\/p>\n<h1><span style=\"color: #ff0000;\"> Adams och Evas gitarrl\u00e4rare p\u00e5 scenen<\/span><\/h1>\n<p>&nbsp;<\/p>\n<p><strong>Nu \u00e4r <em>Munken In The Park<\/em> ig\u00e5ng igen efter ett \u00e5rs uppeh\u00e5ll och den som f\u00e5tt \u00e4ran att sparka ig\u00e5ng festligheterna \u00e4r Stefan Sundstr\u00f6m.<\/strong> Alla har vi n\u00e5gon relation till den mannen. Sj\u00e4lv hade jag, likt m\u00e5nga andra i min generation, mitt f\u00f6rsta m\u00f6te med honom som gitarrl\u00e4raren i serien <em>Adam och Eva<\/em>.<\/p>\n<p>Han kliver in ensam p\u00e5 scenen ikl\u00e4dd gr\u00f6n hatt, r\u00f6d-lila skjorta, jeans och med en gitarr i handen. Han ser ut som en annan Keith Richard n\u00e4r han s\u00e4tter sig p\u00e5 en stol framf\u00f6r micken. Han tycks vara p\u00e5 bra hum\u00f6r. Han skojar med oss i publiken och bjuder p\u00e5 sig sj\u00e4lv, vilket verkar uppskattas.<\/p>\n<p>&nbsp;<\/p>\n<p><iframe loading=\"lazy\" src=\"https:\/\/www.flickr.com\/photos\/kultursidan\/14633443980\/in\/set-72157646154127035\/player\/\" width=\"400\" height=\"210\" frameborder=\"0\" allowfullscreen=\"allowfullscreen\"><\/iframe><br \/>\n<em>Intimt och personligt med Stefan Sundstr\u00f6m. Hans s\u00e5nger tar upp k\u00e4rleksbekymmer, vardagsskildringar och politik.<\/em><\/p>\n<p>&nbsp;<\/p>\n<p><strong>Spelningen igenom sitter Sundstr\u00f6m ensam med gitarren och det ger en intim och personlig atmosf\u00e4r.<\/strong> Kv\u00e4llens repertoar \u00e4r en blandning av gamla klassiker, som tv\u00e5 av l\u00e5tarna om Sabina, och nytt material som <em>Dom feta \u00e5ren \u00e4r f\u00f6rbi<\/em>. Han, k\u00e4nns det som, improviserar mycket.<\/p>\n<p>Hans s\u00e5nger \u00e4r som en blandning av Cornelis Vreeswijk, Bob Dylan och Rolling Stones. Dom tar upp \u00e4mnen som k\u00e4rleksbekymmer, vardagsskildringar och politik. Som exempel p\u00e5 det sista, s\u00e5 k\u00f6r han i slutet en l\u00e5t som heter <em>Fredrik, nu \u00e4r det dags att g\u00e5<\/em>. Som helhet \u00e4r Sundstr\u00f6ms spelning en bra balans mellan sk\u00f6rhet och r\u00e5het.<\/p>\n<p><em>Text och foto: Anton Augustsson<\/em><\/p>\n<p>BILDSPEL (FLASH) \u2013 KLICKA P\u00c5 BILDEN <em>ALT\/MOBIL: SE BILDSPELET <a title=\"Bildspel\" href=\"https:\/\/www.flickr.com\/photos\/kultursidan\/sets\/72157646154127035\/show\/\" target=\"_blank\">H\u00c4R<\/a><\/em><br \/>\n<object width=\"400\" height=\"300\"><param name=\"flashvars\" value=\"offsite=true&#038;lang=en-us&#038;page_show_url=%2Fphotos%2Fkultursidan%2Fsets%2F72157646154127035%2Fshow%2F&#038;page_show_back_url=%2Fphotos%2Fkultursidan%2Fsets%2F72157646154127035%2F&#038;set_id=72157646154127035&#038;jump_to=\"><\/param><param name=\"movie\" value=\"https:\/\/www.flickr.com\/apps\/slideshow\/show.swf?v=143270\"><\/param><param name=\"allowFullScreen\" value=\"true\"><\/param><\/object><\/p>\n<blockquote>\n<h3><em>CHAMBERTS PLATS Norrk\u00f6ping<\/em><\/h3>\n<p>1 \u2013 2 augusti 2014<br \/>\n<em> <strong>Munken in the park<\/strong><\/em><\/p>\n<p style=\"padding-left: 30px;\">1 augusti 18.00<em><strong><br \/>\nStefan Sundstr\u00f6m<br \/>\n<\/strong><\/em><\/p>\n<\/blockquote>\n<p>L\u00c4NKAR<br \/>\nMunken <a title=\"Saliga munken\" href=\"http:\/\/www.saligamunken.se\/\" target=\"_blank\">hemsida<\/a><br \/>\nDi Leva st\u00e4mde gitarren och universum\u00a0<a title=\"Di Leva st\u00e4mde gitarren och universum (recension)\" href=\"https:\/\/www.kultursidan.nu\/?p=16153\" target=\"_blank\">recension<\/a> Kultursidan.nu 2\/8 2014<br \/>\nNu h\u00e4nder Munken in the park <a title=\"Nu h\u00e4nder Munken in the park\" href=\"https:\/\/www.kultursidan.nu\/?p=16139\" target=\"_blank\">reportage<\/a> Kultursidan.nu 31\/7 2014<\/p>\n<p>&nbsp;<\/p>\n","protected":false},"excerpt":{"rendered":"<p>NORRK\u00d6PING Gitarrl\u00e4raren fr\u00e5n Adam och Eva sparkade ig\u00e5ng Munken in the park. Stefan Sundstr\u00f6m skojar med publiken och bjuder p\u00e5 sig sj\u00e4lv. Under konserten blandar han gammalt med nytt, ber\u00f6r k\u00e4rlek, vardag och politik. <a class=\"continue-reading-link\" href=\"https:\/\/www.kultursidan.nu\/?p=16171\">L\u00e4s mer <span class=\"meta-nav\">&rarr; <\/span><\/a><\/p>\n","protected":false},"author":1001006,"featured_media":0,"comment_status":"closed","ping_status":"open","sticky":false,"template":"","format":"standard","meta":{"_jetpack_memberships_contains_paid_content":false,"footnotes":""},"categories":[7],"tags":[13],"class_list":["post-16171","post","type-post","status-publish","format-standard","hentry","category-norrkoping","tag-musik"],"jetpack_featured_media_url":"","jetpack_sharing_enabled":true,"_links":{"self":[{"href":"https:\/\/www.kultursidan.nu\/index.php?rest_route=\/wp\/v2\/posts\/16171","targetHints":{"allow":["GET"]}}],"collection":[{"href":"https:\/\/www.kultursidan.nu\/index.php?rest_route=\/wp\/v2\/posts"}],"about":[{"href":"https:\/\/www.kultursidan.nu\/index.php?rest_route=\/wp\/v2\/types\/post"}],"author":[{"embeddable":true,"href":"https:\/\/www.kultursidan.nu\/index.php?rest_route=\/wp\/v2\/users\/1001006"}],"replies":[{"embeddable":true,"href":"https:\/\/www.kultursidan.nu\/index.php?rest_route=%2Fwp%2Fv2%2Fcomments&post=16171"}],"version-history":[{"count":0,"href":"https:\/\/www.kultursidan.nu\/index.php?rest_route=\/wp\/v2\/posts\/16171\/revisions"}],"wp:attachment":[{"href":"https:\/\/www.kultursidan.nu\/index.php?rest_route=%2Fwp%2Fv2%2Fmedia&parent=16171"}],"wp:term":[{"taxonomy":"category","embeddable":true,"href":"https:\/\/www.kultursidan.nu\/index.php?rest_route=%2Fwp%2Fv2%2Fcategories&post=16171"},{"taxonomy":"post_tag","embeddable":true,"href":"https:\/\/www.kultursidan.nu\/index.php?rest_route=%2Fwp%2Fv2%2Ftags&post=16171"}],"curies":[{"name":"wp","href":"https:\/\/api.w.org\/{rel}","templated":true}]}}