{"id":16187,"date":"2014-08-04T19:22:06","date_gmt":"2014-08-04T18:22:06","guid":{"rendered":"https:\/\/intelligent-friend-7861.standoutwp.com\/?p=16187"},"modified":"2015-04-06T07:58:41","modified_gmt":"2015-04-06T06:58:41","slug":"satirikern-demian-tar-heder-av-klenoderna-recension","status":"publish","type":"post","link":"https:\/\/www.kultursidan.nu\/?p=16187","title":{"rendered":"Satirikern Demian tar heder av klenoderna (recension)"},"content":{"rendered":"<p><iframe loading=\"lazy\" src=\"https:\/\/www.flickr.com\/photos\/kultursidan\/14829209235\/in\/set-72157646222361973\/player\/\" width=\"500\" height=\"375\" frameborder=\"0\" allowfullscreen=\"allowfullscreen\"><\/iframe><br \/>\n<em>Luggsliten elegans. Lars Demian intog Munken in the park tillsammans med sidekicken David Tallroth.<\/em><\/p>\n<p>&nbsp;<\/p>\n<h1><span style=\"color: #ff0000;\">Sj\u00e4lvdistans kr\u00e4vs av alla svenskf\u00f6dda<\/span><\/h1>\n<p>&nbsp;<\/p>\n<p><strong>Vad l\u00e5ter? Banjo? Nej, det \u00e4r inte Den sista f\u00e4rden \u2014 det \u00e4r Lars Demian som g\u00f6r entr\u00e9 fr\u00e5n bakom scenen, och efter honom sl\u00e4ntrar en annan luggsliten figur. <\/strong>De b\u00f6rjar med \u201den hyllning till en av artisterna ikv\u00e4ll\u201d: <em>Nu tittar lilla solen in igen<\/em>. Det \u00e4r en cover av en l\u00e5t med Olle Bergman fr\u00e5n 1955, men av originalets munterhet st\u00e5r inget att finna&#8230; nu g\u00e5r det l\u00e5ngsamt i moll med ironiska undertoner. Aldrig har v\u00e4l \u201dbomfaderalla\u201d l\u00e5tit s\u00e5 dystert.<\/p>\n<p>D\u00e4rmed kan tonen anses anslagen. <em>Svenne tills du d\u00f6r<\/em> \u00e4r ju inte s\u00e5 kul som det kan l\u00e5ta. Jo, det \u00e4r det, men han lyckas ta heder av ett antal nationalklenoder (Astrid Lindgren bl.a. och \u201dBellman var en nolla och fjollan Linn\u00e9&#8230;\u201d) p\u00e5 v\u00e4gen. Sj\u00e4lvdistans kr\u00e4vs av alla svenskf\u00f6dda. <em>V\u00e4rlden utanf\u00f6r<\/em> kommer ocks\u00e5 fr\u00e5n senaste skivan (2012). (Den \u00e4r, f\u00f6r \u00f6vrigt, finansierad av fansen. Ingen ville ge ut den, och sj\u00e4lv hade han inte r\u00e5d.)<\/p>\n<p>&nbsp;<\/p>\n<p><iframe loading=\"lazy\" src=\"https:\/\/www.flickr.com\/photos\/kultursidan\/14642550669\/player\/\" width=\"310\" height=\"400\" frameborder=\"0\" allowfullscreen=\"allowfullscreen\"><\/iframe><br \/>\n<em> Skr\u00f6nor och andra sanna s\u00e5nger med Lars Demian.<\/em><\/p>\n<p>&nbsp;<\/p>\n<p><strong>B\u00e5de Demian och sidekicken David Tallroth \u00e4r elegant kl\u00e4dda.<\/strong> Eller&#8230; i alla fall vid f\u00f6rsta p\u00e5seendet. Vid n\u00e4rmare p\u00e5seende \u00e4r kl\u00e4derna slitna, och det ser ut som de har sovit i dem. Ironin str\u00e4cker sig ocks\u00e5 hit. Det ser ut som de just klivit ut fr\u00e5n en fest i f\u00f6rra seklets mitt.<\/p>\n<p><em>Konungens sk\u00e5l <\/em>\u00e4r en skr\u00f6na om ett m\u00f6te med v\u00e5r monark p\u00e5 en grekisk \u00f6. Eller s\u00e5 \u00e4r den sann&#8230; men Demian blev inte Hertigen av Halland. Dock p\u00e5pekar Demian att han \u00e4r satiriker. Men det kanske g\u00e4ller n\u00e4sta l\u00e5t?<\/p>\n<p>F\u00f6r <em>Guldkant p\u00e5 ditt liv<\/em> \u00e4r en hyllningsl\u00e5t till knark i alla dess former. Demian har bytt till elpiano och bjuder p\u00e5 medvetet falskspel n\u00e4r hyllningen blir i mesta laget. \u201dDet h\u00e4nder att n\u00e5n i publiken missuppfattar den h\u00e4r l\u00e5ten.\u201d, s\u00e4ger han. Det \u00e4r 4:e l\u00e5ten fr\u00e5n senaste skivan, och han spelar tv\u00e5 till.<\/p>\n<p><strong>David Tallrot \u00e4r en klippa vid Demians sida.<\/strong> Han spelar bastuba och trumma samtidigt, men byter ocks\u00e5 till gitarr och banjo ibland. Blickar fyllda av humor utbyts mellan dem hela tiden.<\/p>\n<p>Fr\u00e5n skivan Glad att man inte \u00e4r d\u00f6d fr\u00e5n 1994 (oj, har det g\u00e5tt 20 \u00e5r redan?!) spelar han <em>Skallen full av br\u00e4nnvin<\/em>. Jag f\u00f6rst\u00e5r inte hur de f\u00e5r det att l\u00e5ta som Black Sabbath med gitarr och banjo. Och samtidigt l\u00e5ter det lite grekiskt. Det \u00e4r egentligen ingen supvisa utan handlar om sviken k\u00e4rlek.<\/p>\n<p>N\u00e5gon (r\u00e4tt f\u00f6rfriskad) i publiken skriker efter <em>Alkohol<\/em>, men det l\u00e5tsas han inte h\u00f6ra. Den spelar han inte l\u00e4ngre anf\u00f6rtrodde han mig (vid en bardisk) f\u00f6r fem \u00e5r sen. Jag f\u00f6rst\u00e5r honom; Man ska inte s\u00e4tta en t\u00e4ndsticka till bensin.<\/p>\n<p>&nbsp;<\/p>\n<p><iframe loading=\"lazy\" src=\"https:\/\/www.flickr.com\/photos\/kultursidan\/14642576218\/in\/photostream\/player\/\" width=\"310\" height=\"400\" frameborder=\"0\" allowfullscreen=\"allowfullscreen\"><\/iframe><br \/>\n<em> David &#8221;Klippan&#8221; Tallroth spelar bastuba och trumma.\u00a0 Samtidigt.<\/em><\/p>\n<p>&nbsp;<\/p>\n<p><strong>Extranumret \u00e4r titell\u00e5ten fr\u00e5n samma skiva.<\/strong> N\u00e4r den skrevs var nog textraden \u201d&#8230;och vi har ju s\u00e5 duktig regering\u201d redan menad som sarkastisk, men nu har den utvecklats till ett rent h\u00e5n. Tallroth spelar fel \u00e5 det gr\u00f6vsta p\u00e5 tuban och avslutar med ett pruttljud i mikrofonen.<\/p>\n<p>Men alla som inte inst\u00e4mmer i den textraden g\u00e5r d\u00e4rifr\u00e5n med ett leende p\u00e5 l\u00e4pparna.<\/p>\n<p><em>Text och foto: Michael Strandhed<\/em><\/p>\n<p>BILDSPEL (FLASH) \u2013 KLICKA P\u00c5 BILDEN <em>ALT\/MOBIL: SE BILDSPELET <\/em><a title=\"Bildspel\" href=\"https:\/\/www.flickr.com\/photos\/kultursidan\/sets\/72157646222361973\/show\/\" target=\"_blank\"><em>H\u00c4R<\/em><\/a><\/p>\n<p><object width=\"400\" height=\"300\"><param name=\"flashvars\" value=\"offsite=true&amp;lang=en-us&amp;page_show_url=%2Fphotos%2Fkultursidan%2Fsets%2F72157646222361973%2Fshow%2F&amp;page_show_back_url=%2Fphotos%2Fkultursidan%2Fsets%2F72157646222361973%2F&amp;set_id=72157646222361973&amp;jump_to=\" \/><param name=\"movie\" value=\"https:\/\/www.flickr.com\/apps\/slideshow\/show.swf?v=143270\" \/><param name=\"allowFullScreen\" value=\"true\" \/><\/object><\/p>\n<blockquote>\n<h3><em>CHAMBERTS PLATS Norrk\u00f6ping<\/em><\/h3>\n<p>1 \u2013 2 augusti 2014<em><br \/>\n<strong>Munken in the park<\/strong><\/em><\/p>\n<p style=\"padding-left: 30px;\">2 augusti kl 16.45<strong><br \/>\n<em> Lars Demian (med David Tallroth)<\/em><br \/>\n<\/strong><\/p>\n<\/blockquote>\n<p>L\u00c4NKAR<br \/>\nLars Demian <a title=\"Lars Demian\" href=\"http:\/\/www.demian.se\" target=\"_blank\">hemsida <\/a><br \/>\nMunken <a title=\"Saliga munken\" href=\"http:\/\/www.saligamunken.se\/\" target=\"_blank\">hemsida<\/a><br \/>\nKung Ebbot och hans kadetter <a title=\"Kung Ebbot och hans kadetter (recension)\" href=\"https:\/\/www.kultursidan.nu\/?p=16181\" target=\"_blank\">recension<\/a> Kultursidan.nu 4\/8 2014<br \/>\nTack ska ni ha, 23Till <a title=\"Tack ska ni ha, 23Till (recension)\" href=\"https:\/\/www.kultursidan.nu\/?p=16178\" target=\"_blank\">recension<\/a> Kultursidan.nu 3\/8 2014<br \/>\nStefan Sundstr\u00f6m mellan sk\u00f6rt och r\u00e5tt <a title=\"Stefan Sundstr\u00f6m mellan sk\u00f6rt och r\u00e5tt (recension)\" href=\"https:\/\/www.kultursidan.nu\/?p=16171\" target=\"_blank\">recension<\/a> Kultursidan.nu 3\/8 2014<br \/>\nDi Leva st\u00e4mde gitarren och universum\u00a0<a title=\"Di Leva st\u00e4mde gitarren och universum (recension)\" href=\"https:\/\/www.kultursidan.nu\/?p=16153\" target=\"_blank\">recension<\/a> Kultursidan.nu 2\/8 2014<br \/>\nNu h\u00e4nder Munken in the park <a title=\"Nu h\u00e4nder Munken in the park\" href=\"https:\/\/www.kultursidan.nu\/?p=16139\" target=\"_blank\">reportage<\/a> Kultursidan.nu 31\/7 2014<\/p>\n","protected":false},"excerpt":{"rendered":"<p>NORRK\u00d6PING Luggsliten elegans. Lars Demian och sidekicken David Tallroth spelar med ironi och satir och tar heder av ett antal nationalklenoder p\u00e5 v\u00e4gen. Sj\u00e4lvdistans kr\u00e4vs av alla svenskf\u00f6dda. <a class=\"continue-reading-link\" href=\"https:\/\/www.kultursidan.nu\/?p=16187\">L\u00e4s mer <span class=\"meta-nav\">&rarr; <\/span><\/a><\/p>\n","protected":false},"author":1001006,"featured_media":0,"comment_status":"closed","ping_status":"closed","sticky":false,"template":"","format":"standard","meta":{"_jetpack_memberships_contains_paid_content":false,"footnotes":""},"categories":[7],"tags":[13],"class_list":["post-16187","post","type-post","status-publish","format-standard","hentry","category-norrkoping","tag-musik"],"jetpack_featured_media_url":"","jetpack_sharing_enabled":true,"_links":{"self":[{"href":"https:\/\/www.kultursidan.nu\/index.php?rest_route=\/wp\/v2\/posts\/16187","targetHints":{"allow":["GET"]}}],"collection":[{"href":"https:\/\/www.kultursidan.nu\/index.php?rest_route=\/wp\/v2\/posts"}],"about":[{"href":"https:\/\/www.kultursidan.nu\/index.php?rest_route=\/wp\/v2\/types\/post"}],"author":[{"embeddable":true,"href":"https:\/\/www.kultursidan.nu\/index.php?rest_route=\/wp\/v2\/users\/1001006"}],"replies":[{"embeddable":true,"href":"https:\/\/www.kultursidan.nu\/index.php?rest_route=%2Fwp%2Fv2%2Fcomments&post=16187"}],"version-history":[{"count":0,"href":"https:\/\/www.kultursidan.nu\/index.php?rest_route=\/wp\/v2\/posts\/16187\/revisions"}],"wp:attachment":[{"href":"https:\/\/www.kultursidan.nu\/index.php?rest_route=%2Fwp%2Fv2%2Fmedia&parent=16187"}],"wp:term":[{"taxonomy":"category","embeddable":true,"href":"https:\/\/www.kultursidan.nu\/index.php?rest_route=%2Fwp%2Fv2%2Fcategories&post=16187"},{"taxonomy":"post_tag","embeddable":true,"href":"https:\/\/www.kultursidan.nu\/index.php?rest_route=%2Fwp%2Fv2%2Ftags&post=16187"}],"curies":[{"name":"wp","href":"https:\/\/api.w.org\/{rel}","templated":true}]}}