{"id":1621,"date":"2011-05-16T17:24:06","date_gmt":"2011-05-16T15:24:06","guid":{"rendered":"https:\/\/intelligent-friend-7861.standoutwp.com\/?p=1621"},"modified":"2015-08-15T06:40:40","modified_gmt":"2015-08-15T05:40:40","slug":"bamse-du-pa-ewk-museet","status":"publish","type":"post","link":"https:\/\/www.kultursidan.nu\/?p=1621","title":{"rendered":"Bamse &#038; Du p\u00e5 EWK-museet"},"content":{"rendered":"<p><iframe loading=\"lazy\" src=\"https:\/\/www.flickr.com\/photos\/kultursidan\/5726826482\/player\/\" width=\"500\" height=\"335\" frameborder=\"0\" allowfullscreen=\"allowfullscreen\"><\/iframe><br \/>\n<em>P\u00e5 Bamses flygande matta. Rune Andr\u00e9assons son Ola \u00e4r i dag VD f\u00f6r Bamsef\u00f6rlaget.<\/em><\/p>\n<p>&nbsp;<\/p>\n<h1><span style=\"color: #ff0000;\">Bamse \u00e4r Olas \u201dlillebror\u201d<\/span><\/h1>\n<p>&nbsp;<\/p>\n<p><strong>N\u00e4r Ola var ett \u00e5r b\u00f6rjade pappa Rune<\/strong> rita och ber\u00e4tta om en \u00e4ventyrslysten bj\u00f6rn som fick namnet Bamse. Ola v\u00e4xte upp med Bamse och hans v\u00e4nner Lille Skutt, som var en kanin, och sk\u00f6ldpaddan Skalman. Men eftersom Ola kom f\u00f6rst har han alltid sett Bamse som sin lillebror.<\/p>\n<p>Tecknaren Rune Andr\u00e9asson skapade figurerna Bamse, Lille Skutt och Skalman som veckoserie i tidningen <em>Allers<\/em> \u00e5r 1966. Sedan 1973 \u00e4r <em>Bamse<\/em> en egen veckotidning, som s\u00e5 sm\u00e5ningom s\u00e5ldes till Egmont K\u00e4rnan, vars Bamseredaktion utvecklat serien i grundarens efterf\u00f6ljd.<\/p>\n<p><strong>I sommar flyttar seriebj\u00f6rnen Bamse in p\u00e5 EWK-museet<\/strong> p\u00e5 Arbetets museum i Norrk\u00f6ping. I utst\u00e4llningen <em>Bamse &amp; Du<\/em> f\u00e5r b\u00e5de barn och vuxna en bild av hur seriens skapare Rune Andr\u00e9asson och Egmont K\u00e4rnans Bamseredaktion har l\u00e5tit v\u00e4nnernas vardagsliv spegla f\u00f6r\u00e4ndringarna i samh\u00e4llet utanf\u00f6r serien.<\/p>\n<p>Det \u00e4r journalisten Nina Kanin, Lille Skutts fru, som ledsagar barnen i utst\u00e4llningen. Genom att g\u00e5 runt och svara p\u00e5 Nina Kanins fr\u00e5gor i utst\u00e4llningen f\u00e5r barnen tr\u00e4ffa Bamse och hans v\u00e4nner i en m\u00e4ngd olika situationer d\u00e4r utanf\u00f6rskap, tolerans och medm\u00e4nsklighet \u00e4r i fokus. Barnen f\u00e5r \u00e4ven l\u00e4ra sig om djur och natur och hur djurparker fungerar i <em>Bamses skola om Djurparker<\/em><em>. <\/em><\/p>\n<p><strong>I ett f\u00f6rfattarsp\u00e5r t\u00e4nkt f\u00f6r en \u00e4ldre publik<\/strong> presenteras hur Rune Andr\u00e9assons serie om tre killar gick fr\u00e5n ren \u00e4ventyrsskildring till att bli en serie som behandlar de \u00e4mnen som barnen skrev om i sina brev till Bamseredaktionen. Genom ett urval av serier presenteras n\u00e5gra av de olika samh\u00e4llsf\u00f6rankrade \u00e4mnen som behandlats i serien.<\/p>\n<p>Utst\u00e4llningen som nu visas har producerats av EWK-museet i samarbete med Bamse F\u00f6rlaget, Egmont K\u00e4rnan och Kolm\u00e5rdens Djurpark. EWK-museet kommer snart med en separatutst\u00e4llning d\u00e4r EWK:s seriefigur <em>Vicke Viking<\/em> g\u00f6r Bamse s\u00e4llskap i sommar.<\/p>\n<p><em>Text och foto: Sven \u00c5ke Molund<\/em><\/p>\n<p>&nbsp;<\/p>\n<ul>\n<li>\n<h3>EWK-MUSEET Arbetets museum, Norrk\u00f6ping<\/h3>\n<\/li>\n<li><em>14 maj \u2013 30 oktober 2011<\/em><br \/>\n<strong>Bamse &amp; Du<\/strong><\/li>\n<\/ul>\n<h3>L\u00c4NKAR<br \/>\n<a title=\"Arbetets museum\" href=\"http:\/\/www.arbetetsmuseum.se\/index.php\" target=\"_blank\">Arbetets museum<br \/>\n<\/a><a title=\"Bamse p\u00e5 Wikipedia\" href=\"http:\/\/sv.wikipedia.org\/wiki\/Bamse\" target=\"_blank\">Bamsehistorik<\/a><\/h3>\n<p>BILDSPEL (FLASH) \u2013 KLICKA P\u00c5 BILDEN<br \/>\n<em>ALT\/MOBIL: SE BILDSPELET <a title=\"Bildspel\" href=\"https:\/\/www.flickr.com\/photos\/kultursidan\/sets\/72157626734338672\/show\/\" target=\"_blank\">H\u00c4R<\/a><\/em><br \/>\n<object width=\"400\" height=\"300\"><param name=\"flashvars\" value=\"offsite=true&amp;lang=en-us&amp;page_show_url=%2Fphotos%2Fkultursidan%2Fsets%2F72157626734338672%2Fshow%2F&amp;page_show_back_url=%2Fphotos%2Fkultursidan%2Fsets%2F72157626734338672%2F&amp;set_id=72157626734338672&amp;jump_to=\" \/><param name=\"movie\" value=\"https:\/\/www.flickr.com\/apps\/slideshow\/show.swf?v=1811922554\" \/><param name=\"allowFullScreen\" value=\"true\" \/><\/object><\/p>\n","protected":false},"excerpt":{"rendered":"<p>NORRK\u00d6PING V\u00e4rldens starkaste bj\u00f6rn har flyttat in p\u00e5 Arbetets museum i sommar. Nina Kanin guidar i utst\u00e4llningen p\u00e5 EWK-museet och ber\u00e4ttar hur barnens brev inspirerar Bamseredaktionen att skriva om aktuella f\u00f6reteelser i samh\u00e4llet. <a class=\"continue-reading-link\" href=\"https:\/\/www.kultursidan.nu\/?p=1621\">L\u00e4s mer <span class=\"meta-nav\">&rarr; <\/span><\/a><\/p>\n","protected":false},"author":1001006,"featured_media":0,"comment_status":"closed","ping_status":"closed","sticky":false,"template":"","format":"standard","meta":{"_jetpack_memberships_contains_paid_content":false,"footnotes":""},"categories":[7],"tags":[37,47],"class_list":["post-1621","post","type-post","status-publish","format-standard","hentry","category-norrkoping","tag-barnkultur","tag-utstallning"],"jetpack_featured_media_url":"","jetpack_sharing_enabled":true,"_links":{"self":[{"href":"https:\/\/www.kultursidan.nu\/index.php?rest_route=\/wp\/v2\/posts\/1621","targetHints":{"allow":["GET"]}}],"collection":[{"href":"https:\/\/www.kultursidan.nu\/index.php?rest_route=\/wp\/v2\/posts"}],"about":[{"href":"https:\/\/www.kultursidan.nu\/index.php?rest_route=\/wp\/v2\/types\/post"}],"author":[{"embeddable":true,"href":"https:\/\/www.kultursidan.nu\/index.php?rest_route=\/wp\/v2\/users\/1001006"}],"replies":[{"embeddable":true,"href":"https:\/\/www.kultursidan.nu\/index.php?rest_route=%2Fwp%2Fv2%2Fcomments&post=1621"}],"version-history":[{"count":0,"href":"https:\/\/www.kultursidan.nu\/index.php?rest_route=\/wp\/v2\/posts\/1621\/revisions"}],"wp:attachment":[{"href":"https:\/\/www.kultursidan.nu\/index.php?rest_route=%2Fwp%2Fv2%2Fmedia&parent=1621"}],"wp:term":[{"taxonomy":"category","embeddable":true,"href":"https:\/\/www.kultursidan.nu\/index.php?rest_route=%2Fwp%2Fv2%2Fcategories&post=1621"},{"taxonomy":"post_tag","embeddable":true,"href":"https:\/\/www.kultursidan.nu\/index.php?rest_route=%2Fwp%2Fv2%2Ftags&post=1621"}],"curies":[{"name":"wp","href":"https:\/\/api.w.org\/{rel}","templated":true}]}}