{"id":16327,"date":"2014-08-16T13:21:59","date_gmt":"2014-08-16T12:21:59","guid":{"rendered":"https:\/\/intelligent-friend-7861.standoutwp.com\/?p=16327"},"modified":"2014-09-06T19:32:36","modified_gmt":"2014-09-06T18:32:36","slug":"vem-vill-du-vara-pa-augustifesten","status":"publish","type":"post","link":"https:\/\/www.kultursidan.nu\/?p=16327","title":{"rendered":"Vem vill du vara p\u00e5 Augustifesten?"},"content":{"rendered":"<p><iframe loading=\"lazy\" src=\"https:\/\/www.flickr.com\/photos\/kultursidan\/14934212455\/in\/set-72157646104541318\/player\/\" width=\"500\" height=\"375\" frameborder=\"0\" allowfullscreen webkitallowfullscreen mozallowfullscreen oallowfullscreen msallowfullscreen><\/iframe><br \/>\n<em>Sj\u00e4lvmedveten? Augustifesten \u00e4r full av budskap.<\/em><\/p>\n<p>&nbsp;<\/p>\n<h1><span style=\"color: #ff0000;\">En folkfest som s\u00e4ljer attityd<\/span><\/h1>\n<p>&nbsp;<\/p>\n<p><strong>Skrikande skratt i karusellerna. Gr\u00e4lla f\u00e4rger. <\/strong>Och s\u00e5 alla dessa budskap. Augustifesten vill vara alla Norrk\u00f6pingsbors dr\u00f6mfest och m\u00e5nga k\u00e4nner sig kallade till str\u00e5ket mellan Tyska torget och Kristinaplatsen.<\/p>\n<p>Skriken h\u00f6rs l\u00e5ng v\u00e4g fr\u00e5n den virvlande karusellen. Fr\u00e5n den uppbl\u00e5sbara rutschkanan \u00e4r r\u00f6sterna inte lika starka. Utsikten fr\u00e5n h\u00f6jdarattraktionen \u00e4r hisnande, \u00e4n mer hisnande \u00e4r det fria fallet.<\/p>\n<p>Framf\u00f6r Konstmuseets strama fasad tycks en kulturkrock svischa f\u00f6rbi. Det kanske \u00e4r en synvilla, f\u00f6r visst ryms glitter ocks\u00e5 innanf\u00f6r tegelv\u00e4ggarna.<\/p>\n<p>&nbsp;<\/p>\n<p><iframe loading=\"lazy\" src=\"https:\/\/www.flickr.com\/photos\/kultursidan\/14911218886\/in\/set-72157646104541318\/player\/\" width=\"400\" height=\"310\" frameborder=\"0\" allowfullscreen webkitallowfullscreen mozallowfullscreen oallowfullscreen msallowfullscreen><\/iframe><br \/>\n<em> Kulturkrock. Eller?<\/em><\/p>\n<p>&nbsp;<\/p>\n<p><strong>Varf\u00f6r glittrar allt p\u00e5 ett tivoli?<\/strong> Marknadsst\u00e5nden som lyser, blinkar eller \u00e5tminstone lockar med bilder, h\u00e4nger p\u00e5 popul\u00e4rkulturens ikoner. Aluminiumballonger fyllda med helium str\u00e4var upp\u00e5t, klasar med budskap: g\u00e5 med Spiderman p\u00e5 barnvagnen idag. Imorgon kan det vara f\u00f6rsent.<\/p>\n<p>Vem vill du vara p\u00e5 Augustifesten? Attityd och tuffhet mer \u00e4n solskydd sitter i t-shirts, solglas\u00f6gon och kepsar. Den som k\u00f6per betalar f\u00f6r att f\u00f6rst\u00e4rka varum\u00e4rken f\u00f6r turistm\u00e5l och alkohol, i b\u00e4sta fall sitt ego. Streetlogon OBEY \u00e4r n\u00e5got s\u00e5 ovanligt som ett v\u00e4lg\u00f6renhetsdrivande varum\u00e4rke, om det bara inte \u00e4r piratkopior.<\/p>\n<p>&nbsp;<\/p>\n<p><iframe loading=\"lazy\" src=\"https:\/\/www.flickr.com\/photos\/kultursidan\/14934211005\/in\/set-72157646104541318\/player\/\" width=\"310\" height=\"400\" frameborder=\"0\" allowfullscreen=\"allowfullscreen\"><\/iframe><br \/>\n<em> P\u00e5fyllning. En v\u00e4n p\u00e5 marknaden.<\/em><\/p>\n<p>&nbsp;<\/p>\n<p><strong>L\u00e5t ditt barn bli ett monster.<\/strong> En sn\u00e4ll hund g\u00e5r ocks\u00e5 bra. Stickade m\u00f6ssor v\u00e4rmer n\u00e4r ballongerna spruckit och h\u00f6stvindarna bl\u00e5st bort sommaren. \u00c4n s\u00e5 l\u00e4nge kan du svalka dig med en brun l\u00e4skedryck som \u00e4r s\u00e5 k\u00e4nd att den kan s\u00e4tta vilket namn som helst p\u00e5 flaskan. Nu \u00e4r turen kommen till bubblarna, namnen som n\u00e4stan d\u00f6tt ut men \u00e5ter funnit n\u00e5d f\u00f6r trendk\u00e4nsliga f\u00f6r\u00e4ldrar som s\u00f6ker det unika.<\/p>\n<p><strong>I h\u00f6rnet st\u00e5r andra budskapsm\u00e5nglare.<\/strong> Inte lika f\u00e4rgstarka, just i denna stund lockas ingen men de putsar p\u00e5 sitt budskap i v\u00e4ntan p\u00e5 valdagens bekr\u00e4ftelse, att det bj\u00e4rta och skrikiga, det fr\u00e4mmande inte lockar alla.<\/p>\n<p>En knarkare som inte f\u00e5r s\u00e5lt drar kniv. Snart kommer polisen. Festen forts\u00e4tter en dag till.<\/p>\n<p><em>Text: Ann-Charlotte Sandelin<br \/>\nFoto: Michael Strandhed<\/em><\/p>\n<p>BILDSPEL (FLASH) \u2013 KLICKA P\u00c5 BILDEN <em>ALT\/MOBIL: SE BILDSPELET <a title=\"Bildspel\" href=\"https:\/\/www.flickr.com\/photos\/kultursidan\/sets\/72157646104541318\/show\/\" target=\"_blank\">H\u00c4R<\/a><\/em><\/p>\n<p><object width=\"400\" height=\"300\"><param name=\"flashvars\" value=\"offsite=true&#038;lang=en-us&#038;page_show_url=%2Fphotos%2Fkultursidan%2Fsets%2F72157646104541318%2Fshow%2F&#038;page_show_back_url=%2Fphotos%2Fkultursidan%2Fsets%2F72157646104541318%2F&#038;set_id=72157646104541318&#038;jump_to=\"><\/param><param name=\"movie\" value=\"https:\/\/www.flickr.com\/apps\/slideshow\/show.swf?v=143270\"><\/param><param name=\"allowFullScreen\" value=\"true\"><\/param><\/object><\/p>\n<blockquote>\n<h3><em>NORRK\u00d6PING<\/em><\/h3>\n<p>13 \u2013 16 augusti 2014<em><br \/>\n<strong>Augustifesten<\/strong><\/em><\/p><\/blockquote>\n","protected":false},"excerpt":{"rendered":"<p>NORRK\u00d6PING Skrikande skratt i karusellerna. Gr\u00e4lla f\u00e4rger. Och s\u00e5 alla dessa budskap. Augustifesten vill vara alla Norrk\u00f6pingsbors fest och m\u00e5nga k\u00e4nner sig kallade till str\u00e5ket mellan Tyska torget och Kristinaplatsen. <a class=\"continue-reading-link\" href=\"https:\/\/www.kultursidan.nu\/?p=16327\">L\u00e4s mer <span class=\"meta-nav\">&rarr; <\/span><\/a><\/p>\n","protected":false},"author":1001006,"featured_media":0,"comment_status":"closed","ping_status":"open","sticky":false,"template":"","format":"standard","meta":{"_jetpack_memberships_contains_paid_content":false,"footnotes":""},"categories":[7],"tags":[54,29],"class_list":["post-16327","post","type-post","status-publish","format-standard","hentry","category-norrkoping","tag-evenemang","tag-festival"],"jetpack_featured_media_url":"","jetpack_sharing_enabled":true,"_links":{"self":[{"href":"https:\/\/www.kultursidan.nu\/index.php?rest_route=\/wp\/v2\/posts\/16327","targetHints":{"allow":["GET"]}}],"collection":[{"href":"https:\/\/www.kultursidan.nu\/index.php?rest_route=\/wp\/v2\/posts"}],"about":[{"href":"https:\/\/www.kultursidan.nu\/index.php?rest_route=\/wp\/v2\/types\/post"}],"author":[{"embeddable":true,"href":"https:\/\/www.kultursidan.nu\/index.php?rest_route=\/wp\/v2\/users\/1001006"}],"replies":[{"embeddable":true,"href":"https:\/\/www.kultursidan.nu\/index.php?rest_route=%2Fwp%2Fv2%2Fcomments&post=16327"}],"version-history":[{"count":0,"href":"https:\/\/www.kultursidan.nu\/index.php?rest_route=\/wp\/v2\/posts\/16327\/revisions"}],"wp:attachment":[{"href":"https:\/\/www.kultursidan.nu\/index.php?rest_route=%2Fwp%2Fv2%2Fmedia&parent=16327"}],"wp:term":[{"taxonomy":"category","embeddable":true,"href":"https:\/\/www.kultursidan.nu\/index.php?rest_route=%2Fwp%2Fv2%2Fcategories&post=16327"},{"taxonomy":"post_tag","embeddable":true,"href":"https:\/\/www.kultursidan.nu\/index.php?rest_route=%2Fwp%2Fv2%2Ftags&post=16327"}],"curies":[{"name":"wp","href":"https:\/\/api.w.org\/{rel}","templated":true}]}}