{"id":16418,"date":"2014-08-22T15:31:30","date_gmt":"2014-08-22T14:31:30","guid":{"rendered":"https:\/\/intelligent-friend-7861.standoutwp.com\/?p=16418"},"modified":"2014-09-06T19:43:51","modified_gmt":"2014-09-06T18:43:51","slug":"nya-perspektiv-for-nya-filmmakare","status":"publish","type":"post","link":"https:\/\/www.kultursidan.nu\/?p=16418","title":{"rendered":"Nya perspektiv f\u00f6r nya filmmakare"},"content":{"rendered":"<p><iframe loading=\"lazy\" src=\"https:\/\/www.flickr.com\/photos\/kultursidan\/14975779606\/in\/set-72157646319382660\/player\/\" width=\"500\" height=\"268\" frameborder=\"0\" allowfullscreen webkitallowfullscreen mozallowfullscreen oallowfullscreen msallowfullscreen><\/iframe><br \/>\n<em>En ny filmkurs har startat p\u00e5 Cnema i samarbete med Marieborgs folkh\u00f6gskola. En av l\u00e4rarna \u00e4r M\u00e5ns Ahlin. F\u00f6rsta kullen rymmer 20 elever.<\/em><\/p>\n<p>&nbsp;<\/p>\n<h1><span style=\"color: #ff0000;\">&#8221;Det \u00e4r ber\u00e4ttandet vi \u00e4r ute efter\u201d<\/span><\/h1>\n<p>&nbsp;<\/p>\n<p><strong>En ny filmutbildning har sett dagens ljus i Norrk\u00f6ping.<\/strong> En utbildning som verkar fylla ett h\u00e5l b\u00e5de lokalt och nationellt. En utbildning som s\u00e5 sj\u00e4lvklart ska ligga just h\u00e4r. F\u00f6r Marieborgs folkh\u00f6gskola och Cnema g\u00f6r det ihop. Startar filmutbildning p\u00e5 eftergymnasial niv\u00e5. 20 elever har just b\u00f6rjat studierna och redan gjort klart sina f\u00f6rsta filmer. De fick fyra timmar p\u00e5 sig. Inriktningen handlar om att ber\u00e4tta.<\/p>\n<p><strong>Johan Karlsson, chef p\u00e5 Cnema, ber\u00e4ttar att de f\u00f6r tre \u00e5r sedan blev uppvaktade av Marieborgs folkh\u00f6gskola med ett f\u00f6rslag om samarbete.<\/strong> Och f\u00f6r en vecka sedan startade s\u00e5 filmkursen <em>Nya perspektiv<\/em>, som \u00e4r ett j\u00e4mlikt samarbete mellan Marieborg och Norrk\u00f6pings kommun. Man satsar h\u00e4lften var, sammanlagt cirka en miljon kronor, och undervisningen kommer att bedrivas p\u00e5 b\u00e5de folkh\u00f6gskolan och Cnema. 20 elever har antagits, men antalet ans\u00f6kningar var det dubbla \u2013 n\u00e5got som \u00e4r ovanligt f\u00f6r en nystartad kurs. H\u00e4r finns b\u00e5de elever som har g\u00e5tt Film- och musikgymnasiet och de som har studerat drama p\u00e5 Marieborg.<\/p>\n<p>&nbsp;<\/p>\n<p><iframe loading=\"lazy\" src=\"https:\/\/www.flickr.com\/photos\/kultursidan\/14998387312\/in\/set-72157646319382660\/player\/\" width=\"400\" height=\"280\" frameborder=\"0\" allowfullscreen=\"allowfullscreen\"><\/iframe><br \/>\n<em> Ronja Ljung och Emil Johansson g\u00e5r den nya filmkursen.<\/em><\/p>\n<p>&nbsp;<\/p>\n<p><strong>Ronja Ljung har l\u00e4st Media p\u00e5 Kungsg\u00e5rdsskolan och efter det b\u00e5de teater och teaterpedagogik p\u00e5 Marieborg.<\/strong> Film k\u00e4ndes som ett logiskt steg d\u00e4refter och som ett bra komplement. Hon \u00e4r medlem i fria teatergruppen Revolverteatern och spelade med i <em>Hj\u00e4lten p\u00e5 den gr\u00f6na \u00f6n<\/em> i Kn\u00e4ppingsborg i somras. \u00c4ven kurskamraten Mathilda Rasmussen \u00e4r med i Revolverteatern, d\u00e4r hon g\u00e4rna skriver ny dramatik.<\/p>\n<p><strong>\u2013 Det \u00e4r ber\u00e4ttandet vi \u00e4r ute efter.<\/strong> Det tekniska f\u00e5r man \u00e4nd\u00e5 p\u00e5 k\u00f6pet, s\u00e4ger M\u00e5ns Ahlin.<\/p>\n<p>Kollegan Carl-Eric Reidler, l\u00e4rare i dramaturgi p\u00e5 Marieborgs folkh\u00f6gskola, inflikar att det \u00e4r nyt\u00e4nkandet man \u00e4r ute efter:<br \/>\n\u2013 Vi vill inte ha n\u00e5gra Hollywood-kopior.<\/p>\n<p>\u2013 Folkh\u00f6gskolans teaterlinje fyller 50 \u00e5r i \u00e5r men st\u00e5r inte stilla, menar Marieborgs rektor Jerry Wiklund. Med tanke p\u00e5 den l\u00e5nga erfarenheten av drama och teater k\u00e4ndes steget till film naturligt, vi jobbar hela tiden p\u00e5 att f\u00f6rnya skolan.<\/p>\n<p>&nbsp;<\/p>\n<p><iframe loading=\"lazy\" src=\"https:\/\/www.flickr.com\/photos\/kultursidan\/14812069029\/in\/set-72157646319382660\/player\/\" width=\"400\" height=\"280\" frameborder=\"0\" allowfullscreen=\"allowfullscreen\"><\/iframe><br \/>\n<em>Film f\u00f6r framtiden. Johan Karlsson och Jerry Wiklund, ledare f\u00f6r Cnema respektive Marieborgs folkh\u00f6gskola \u00e4r glada \u00f6ver samarbetet.<\/em><\/p>\n<p>&nbsp;<\/p>\n<p><strong>En tredjedel av tiden kommer utbildningen att ha g\u00e4stl\u00e4rare.<\/strong> Kursen har ett brett perspektiv p\u00e5 film, och ska vara f\u00f6rberedande f\u00f6r h\u00f6gre studier. Eleverna kommer att f\u00e5 filma, regissera och agera&#8230; kort sagt: vara inblandade i alla stadier i filmskapandet.<\/p>\n<p>Oavsett om det handlar om spelfilm eller dokument\u00e4rfilm jobbar eleverna i fyra grupper \u00e0 fem personer, och det kollektiva i skapandeprocessen \u00e4r det centrala. Tanken \u00e4r att varje elev ska pr\u00f6va alla moment f\u00f6r att s\u00e5 sm\u00e5ningom hitta sin inriktning att g\u00e5 vidare med. Kanske n\u00e5got g\u00e4ng blir s\u00e5 tajt att det bildar eget filmbolag.<\/p>\n<p>\u2013 Film \u00e4r inget enmansarbete, understryker M\u00e5ns Ahlin.<\/p>\n<p><strong>\u2013 Det finns m\u00e5nga v\u00e4gar in p\u00e5 kursen, s\u00e4ger Cnemas Johan Karlsson, men ocks\u00e5 m\u00e5nga v\u00e4gar ut.<\/strong> Det finns ett antal yrken som, direkt eller indirekt, har en anknytning till film.<\/p>\n<p>\u2013 Utbildningen som s\u00e5dan placerar sig emellan gymnasiet och universitetsstudier, till\u00e4gger M\u00e5ns Ahlin, film- och mediepedagog p\u00e5 Cnema som k\u00f6pt in nya filmkameror och annan utrustning.<\/p>\n<p>&nbsp;<\/p>\n<p><iframe loading=\"lazy\" src=\"https:\/\/www.flickr.com\/photos\/kultursidan\/14995676901\/in\/set-72157646319382660\/player\/\" width=\"400\" height=\"280\" frameborder=\"0\" allowfullscreen=\"allowfullscreen\"><\/iframe><br \/>\n<em> Norrk\u00f6ping st\u00e4rks inom film- och kulturomr\u00e5det, n\u00e5got som gl\u00e4der kommunalr\u00e5den Lars Stjernkvist och Olle Johansson.<\/em><\/p>\n<p>&nbsp;<\/p>\n<p><strong>Emil Johansson pendlar fr\u00e5n Vadstena.<\/strong> Film \u00e4r hans liv, och han har b\u00e5de gjort egen film och provat p\u00e5 att vara statist. Han har s\u00f6kt olika universitetskurser utan att komma in, s\u00e5 nu g\u00e5r han den h\u00e4r v\u00e4gen. Kursen tror han kommer att leda till att man bygger upp en kunskapsbank och knyter kontakter. I framtiden ser han sig sj\u00e4lv boende i G\u00f6teborg och arbetande i Sveriges filmcentrum i Trollh\u00e4ttan.<\/p>\n<p><strong>Men varf\u00f6r l\u00e4mna Norrk\u00f6ping?<\/strong> Kommunalr\u00e5det Olle Johansson tycker att vi nu f\u00e5r en pusselbit till i helheten av Norrk\u00f6ping som filmstad. Filmfonden man ber\u00e4ttade om f\u00f6r ett tag sedan var en bit, och det h\u00e4r \u00e4r ytterligare en.<\/p>\n<p>Kommunalr\u00e5det Lars Stjernkvist menar att detta \u00e4r en del av arbetet att g\u00f6ra Norrk\u00f6ping till kulturhuvudstad.<\/p>\n<p>\u2013 Synen p\u00e5 kultur har f\u00f6r\u00e4ndrats, man nu b\u00f6rjar inse att den ocks\u00e5 skapar jobb. Det \u00e4r idag ett 40-tal personer i Norrk\u00f6ping som arbetar med film p\u00e5 olika s\u00e4tt, s\u00e4ger Lars Stjernkvist.<\/p>\n<p><em>Text: Michael Strandhed och Ann-Charlotte Sandelin<br \/>\nFoto: Ann-Charlotte Sandelin<\/em><\/p>\n<p>BILDSPEL (FLASH) \u2013 KLICKA P\u00c5 BILDEN <em>ALT\/MOBIL: SE BILDSPELET <a title=\"Bildspel\" href=\"https:\/\/www.flickr.com\/photos\/kultursidan\/sets\/72157646319382660\/show\/\" target=\"_blank\">H\u00c4R<\/a><\/em><br \/>\n<object width=\"400\" height=\"300\"><param name=\"flashvars\" value=\"offsite=true&#038;lang=en-us&#038;page_show_url=%2Fphotos%2Fkultursidan%2Fsets%2F72157646319382660%2Fshow%2F&#038;page_show_back_url=%2Fphotos%2Fkultursidan%2Fsets%2F72157646319382660%2F&#038;set_id=72157646319382660&#038;jump_to=\"><\/param><param name=\"movie\" value=\"https:\/\/www.flickr.com\/apps\/slideshow\/show.swf?v=1611612882\"><\/param><param name=\"allowFullScreen\" value=\"true\"><\/param><\/object><\/p>\n<p>L\u00c4NKAR<br \/>\nCnema <a title=\"Cnema\" href=\"http:\/\/www.cnema.se\" target=\"_blank\">hemsida<\/a><br \/>\nMarieborgs folkh\u00f6gskola <a title=\"Marieborgs folkh\u00f6gskola\" href=\"http:\/\/www.marieborg.net\" target=\"_blank\">hemsida<\/a><br \/>\nNya perspektiv filmkurs <a title=\"Info\" href=\"http:\/\/www.marieborg.net\/kurser\/filmkurs-nya-perspektiv\/\" target=\"_blank\">info<\/a><\/p>\n","protected":false},"excerpt":{"rendered":"<p>NORRK\u00d6PING Marieborgs folkh\u00f6gskola och Cnema g\u00f6r det ihop. Startar filmutbildning p\u00e5 eftergymnasial niv\u00e5. 20 elever har just b\u00f6rjat studierna och redan gjort klart sina f\u00f6rsta filmer. De fick fyra timmar p\u00e5 sig. Inriktningen handlar om att ber\u00e4tta. <a class=\"continue-reading-link\" href=\"https:\/\/www.kultursidan.nu\/?p=16418\">L\u00e4s mer <span class=\"meta-nav\">&rarr; <\/span><\/a><\/p>\n","protected":false},"author":1001006,"featured_media":0,"comment_status":"closed","ping_status":"open","sticky":false,"template":"","format":"standard","meta":{"_jetpack_memberships_contains_paid_content":false,"footnotes":""},"categories":[7],"tags":[90,38],"class_list":["post-16418","post","type-post","status-publish","format-standard","hentry","category-norrkoping","tag-bildning","tag-film"],"jetpack_featured_media_url":"","jetpack_sharing_enabled":true,"_links":{"self":[{"href":"https:\/\/www.kultursidan.nu\/index.php?rest_route=\/wp\/v2\/posts\/16418","targetHints":{"allow":["GET"]}}],"collection":[{"href":"https:\/\/www.kultursidan.nu\/index.php?rest_route=\/wp\/v2\/posts"}],"about":[{"href":"https:\/\/www.kultursidan.nu\/index.php?rest_route=\/wp\/v2\/types\/post"}],"author":[{"embeddable":true,"href":"https:\/\/www.kultursidan.nu\/index.php?rest_route=\/wp\/v2\/users\/1001006"}],"replies":[{"embeddable":true,"href":"https:\/\/www.kultursidan.nu\/index.php?rest_route=%2Fwp%2Fv2%2Fcomments&post=16418"}],"version-history":[{"count":0,"href":"https:\/\/www.kultursidan.nu\/index.php?rest_route=\/wp\/v2\/posts\/16418\/revisions"}],"wp:attachment":[{"href":"https:\/\/www.kultursidan.nu\/index.php?rest_route=%2Fwp%2Fv2%2Fmedia&parent=16418"}],"wp:term":[{"taxonomy":"category","embeddable":true,"href":"https:\/\/www.kultursidan.nu\/index.php?rest_route=%2Fwp%2Fv2%2Fcategories&post=16418"},{"taxonomy":"post_tag","embeddable":true,"href":"https:\/\/www.kultursidan.nu\/index.php?rest_route=%2Fwp%2Fv2%2Ftags&post=16418"}],"curies":[{"name":"wp","href":"https:\/\/api.w.org\/{rel}","templated":true}]}}