{"id":16485,"date":"2014-08-28T12:25:48","date_gmt":"2014-08-28T11:25:48","guid":{"rendered":"https:\/\/intelligent-friend-7861.standoutwp.com\/?p=16485"},"modified":"2015-07-09T08:31:14","modified_gmt":"2015-07-09T07:31:14","slug":"nomemus-tjuvstartar-arets-gastabud","status":"publish","type":"post","link":"https:\/\/www.kultursidan.nu\/?p=16485","title":{"rendered":"NoMeMus tjuvstartar \u00e5rets G\u00e4stabud"},"content":{"rendered":"<p><a title=\"Currentes fr\u00e5n Bergen (Norge)\" href=\"https:\/\/www.flickr.com\/photos\/kultursidan\/15058447741\/in\/album-72157646536378317\/\" data-flickr-embed=\"true\"><img loading=\"lazy\" decoding=\"async\" src=\"https:\/\/farm4.staticflickr.com\/3922\/15058447741_43a6b01747.jpg\" alt=\"Currentes fr\u00e5n Bergen (Norge)\" width=\"500\" height=\"333\" \/><\/a><script src=\"\/\/embedr.flickr.com\/assets\/client-code.js\" async=\"\" charset=\"utf-8\"><\/script><br \/>\n<em>Clavisimbalum, f\u00f6reg\u00e5ngare till cembalo och piano, finns med i norska Currentes instrumentupps\u00e4ttning. P\u00e5 bilden syns dock bara s\u00e5ngare, fiddlor och fl\u00f6jt.<\/em><\/p>\n<p>&nbsp;<\/p>\n<h1><span style=\"color: #ff0000;\">\u00a0Senmedeltid och Fransiscus heliga Klara<\/span><\/h1>\n<p>&nbsp;<\/p>\n<p><strong>Senmedeltida musik \u00e4r i fokus under NoMeMus \u2013 Nordisk festival f\u00f6r<\/strong> <strong>Medeltida Musik.<\/strong> Festivalens fyra konserter, kurs och workshop ing\u00e5r i S\u00f6derk\u00f6pings G\u00e4stabud. Och en f\u00f6rel\u00e4sning om helgonet Klara som startade Fransiscanerordens kvinnliga gren.<\/p>\n<p><strong>NoMeMus tjuvstartar g\u00e4stabudsfirandet p\u00e5 torsdag kv\u00e4ll med en konsert i S:t Laurentii kyrka.<\/strong> Det \u00e4r vokalensemblen <em>Machaut Machine<\/em> best\u00e5ende av fyra r\u00f6ster, tre m\u00e4n och en kvinna, fr\u00e5n Malm\u00f6. Redan h\u00e4r sl\u00e5s festivalens tema an med senmedeltida musik i programmet som cirkulerar kring Maria-motivet.<\/p>\n<p><strong>Under festivalen genomf\u00f6rs i snitt en konsert per dag och som tidigare \u00e5r blir det flera internationella g\u00e4stspel.<\/strong> Tyska trion <em>Aeolos<\/em> m\u00f6ter svenska duon <em>Laude Novella<\/em> i ett program med musik av tons\u00e4ttaren Johannes Ciconia. Stycken med avancerad rytmik och halsbrytande harmonier men \u00e4ven vackra och finst\u00e4mda k\u00e4rlekss\u00e5nger utlovas.<\/p>\n<p>Ensemblen Currentes, med s\u00e4te i Bergen, Norge, kommer med sju musiker fr\u00e5n olika l\u00e4nder. Konserten <em>Angelica bilt\u00e0<\/em> inneh\u00e5ller finst\u00e4md och h\u00f6visk musik fr\u00e5n Italien och Frankrike under 1300-tal och 1400-tal. Men \u00e4ven samtida toner av Eivind Buene (f\u00f6dd 1973). Konserterna ges i S\u00f6derk\u00f6pings medeltidskyrkor.<\/p>\n<p>F\u00e4rgstarkt blir m\u00f6tet mellan Johannes Geworkian Hellman och Per Gross som spelar p\u00e5 vevlira respektive blockfl\u00f6jt. Ocks\u00e5 de till\u00e5ter sig att kliva mellan medeltiden och v\u00e5r egen tid. Den konserten h\u00e5lls i Brunnssalongen.<\/p>\n<p>&nbsp;<\/p>\n<p><iframe loading=\"lazy\" src=\"https:\/\/www.flickr.com\/photos\/kultursidan\/15061471035\/in\/set-72157646536378317\/player\/\" width=\"340\" height=\"400\" frameborder=\"0\" allowfullscreen=\"allowfullscreen\"><\/iframe><br \/>\n<em> Halsbrytande harmonier och finst\u00e4mda k\u00e4rlekss\u00e5nger med tyska Aelos och svenska Laude novella.<\/em><\/p>\n<p>&nbsp;<\/p>\n<p><strong>Ett annat tema f\u00f6r \u00e5rets musikfestival \u00e4r s\u00e5ngen och traditionen runt det franciskanska konvent som fanns i staden under medeltiden.<\/strong> Festivalens s\u00e5ngkurs i gregoriansk s\u00e5ng kommer att medverka i en tideg\u00e4rd (klostergudstj\u00e4nst) med denna form av liturgisk s\u00e5ng.<\/p>\n<p>Franciskanerna lyfts \u00e4ven fram genom ett ber\u00e4ttande och gestaltande f\u00f6redrag med forskaren och musikern Viveca Servatius kring helgonet Klara, hennes klosterorden och hennes relation till den helige Franciskus. D\u00e4rmed knyter f\u00f6redraget an till G\u00e4stabudets f\u00f6rel\u00e4sningar som fokuserar p\u00e5 medeltida kvinnoroller.<\/p>\n<p>Dessutom blir det workshop i balladdans och s\u00e5ng med Marie L\u00e4nne Persson. Sveriges Radio spelar in tv\u00e5 av NoMeMus konserter under festivalen f\u00f6r senare s\u00e4ndning i P2.<\/p>\n<p><em>Text: Ann-Charlotte Sandelin<br \/>\nFoto: NoMeMus<\/em><\/p>\n<p>BILDSPEL (FLASH) \u2013 KLICKA P\u00c5 BILDEN <em>ALT\/MOBIL: SE BILDSPELET <a title=\"Bildspel\" href=\"https:\/\/www.flickr.com\/photos\/kultursidan\/sets\/72157646536378317\/show\/\" target=\"_blank\">H\u00c4R<\/a><\/em><br \/>\n<object width=\"400\" height=\"300\"><param name=\"flashvars\" value=\"offsite=true&amp;lang=en-us&amp;page_show_url=%2Fphotos%2Fkultursidan%2Fsets%2F72157646536378317%2Fshow%2F&amp;page_show_back_url=%2Fphotos%2Fkultursidan%2Fsets%2F72157646536378317%2F&amp;set_id=72157646536378317&amp;jump_to=\" \/><param name=\"movie\" value=\"https:\/\/www.flickr.com\/apps\/slideshow\/show.swf?v=1811922554\" \/><param name=\"allowFullScreen\" value=\"true\" \/><\/object><\/p>\n<blockquote>\n<h3><em>S\u00d6DERK\u00d6PING<\/em><\/h3>\n<p><em>NoMeMus \u2013 Nordisk festival f\u00f6r medeltida musik<\/em><\/p>\n<p><em>torsdag 28 augusti 2014 kl 19.30 S:t Laurentii kyrka<br \/>\n<strong>Machaut Machine<\/strong><\/em><\/p>\n<p style=\"padding-left: 30px;\"><em>Musik med Maria-tema av Guillaume de Machaut, John Dunstaple (c. 1390-1453), Guillaume Du Fay (c. 1397-1474), John Plummer (c. 1410-1483) och Gavin Bryars (1943)<\/em><\/p>\n<p>fredag 29\/8 kl 19.30<em> Drothems kyrka<\/em><br \/>\n<em> <strong>Aeolos \/ Laude Novella<\/strong><\/em><\/p>\n<p style=\"padding-left: 30px;\"><em>Musik av italienske komponisten Johannes Ciconia (1373-1411).<\/em><\/p>\n<p>l\u00f6rdag 30\/8 kl 16<em> Brunnssalongen, S\u00f6derk\u00f6pings brunn<\/em><br \/>\n<strong><em> Duo vevlira och blockfl\u00f6jt<\/em><\/strong><br \/>\n<em> med Johannes Geworkian Hellman och Per Gross.<\/em><\/p>\n<p>l\u00f6rdag 30\/8 l\u00f6 19.30<em> S:t Laurentii kyrka<\/em><br \/>\n<strong><em> Angelica bilt\u00e0 med Currentes<\/em><\/strong><\/p>\n<p style=\"padding-left: 30px;\"><em>Musik av Landini, Machaut, Dufay och Eivind Buene (f\u00f6dd 1973).<\/em><\/p>\n<p>fredag 29\/8 kl 18<br \/>\nl\u00f6rdag 30\/8 kl 9, 12 och 18<br \/>\ni S:t Laurentii kyrka <em><strong><br \/>\nTideg\u00e4rd<\/strong> <\/em><em><br \/>\nmed medverkan av kursen i gregoriansk s\u00e5ng<\/em><br \/>\n<em><br \/>\n<\/em>l\u00f6rdag 30\/8 kl 13-15 <em>i Drothems f\u00f6rsamlingshem<\/em><br \/>\n<em><strong>Balladdans och s\u00e5ng<br \/>\n<\/strong>Workshop med Marie L\u00e4nne Persson<\/em><\/p>\n<p>l\u00f6rdag 30\/8 kl 13<em> S:t Laurentii f\u00f6rsamlingshem<\/em><br \/>\n<em><strong>I den heliga Klaras glans &#8211; Kvinnan vid den helige Franciskus sida.<\/strong><\/em><br \/>\n<em> F\u00f6redrag och musik med Viveca Servatius.<\/em><\/p><\/blockquote>\n<p>L\u00c4NKAR<br \/>\nNoMeMus <a title=\"NoMeMus\" href=\"http:\/\/www.nomemus.se\" target=\"_blank\">hemsida<\/a><br \/>\nS\u00f6derk\u00f6pings G\u00e4stabud <a title=\"S\u00f6derk\u00f6pings g\u00e4stabud\" href=\"http:\/\/www.gastabud.se\/\" target=\"_blank\">hemsida<\/a><\/p>\n","protected":false},"excerpt":{"rendered":"<p>S\u00d6DERK\u00d6PING Senmedeltida musik \u00e4r i fokus under NoMeMus. Festivalen med fyra konserter, kurs och workshop ing\u00e5r i S\u00f6derk\u00f6pings G\u00e4stabud. Och en f\u00f6rel\u00e4sning om helgonet Klara som startade Fransiscanerordens kvinnliga gren. <a class=\"continue-reading-link\" href=\"https:\/\/www.kultursidan.nu\/?p=16485\">L\u00e4s mer <span class=\"meta-nav\">&rarr; <\/span><\/a><\/p>\n","protected":false},"author":1001006,"featured_media":0,"comment_status":"closed","ping_status":"open","sticky":false,"template":"","format":"standard","meta":{"_jetpack_memberships_contains_paid_content":false,"footnotes":""},"categories":[6],"tags":[29,13],"class_list":["post-16485","post","type-post","status-publish","format-standard","hentry","category-soderkoping","tag-festival","tag-musik"],"jetpack_featured_media_url":"","jetpack_sharing_enabled":true,"_links":{"self":[{"href":"https:\/\/www.kultursidan.nu\/index.php?rest_route=\/wp\/v2\/posts\/16485","targetHints":{"allow":["GET"]}}],"collection":[{"href":"https:\/\/www.kultursidan.nu\/index.php?rest_route=\/wp\/v2\/posts"}],"about":[{"href":"https:\/\/www.kultursidan.nu\/index.php?rest_route=\/wp\/v2\/types\/post"}],"author":[{"embeddable":true,"href":"https:\/\/www.kultursidan.nu\/index.php?rest_route=\/wp\/v2\/users\/1001006"}],"replies":[{"embeddable":true,"href":"https:\/\/www.kultursidan.nu\/index.php?rest_route=%2Fwp%2Fv2%2Fcomments&post=16485"}],"version-history":[{"count":0,"href":"https:\/\/www.kultursidan.nu\/index.php?rest_route=\/wp\/v2\/posts\/16485\/revisions"}],"wp:attachment":[{"href":"https:\/\/www.kultursidan.nu\/index.php?rest_route=%2Fwp%2Fv2%2Fmedia&parent=16485"}],"wp:term":[{"taxonomy":"category","embeddable":true,"href":"https:\/\/www.kultursidan.nu\/index.php?rest_route=%2Fwp%2Fv2%2Fcategories&post=16485"},{"taxonomy":"post_tag","embeddable":true,"href":"https:\/\/www.kultursidan.nu\/index.php?rest_route=%2Fwp%2Fv2%2Ftags&post=16485"}],"curies":[{"name":"wp","href":"https:\/\/api.w.org\/{rel}","templated":true}]}}