{"id":16531,"date":"2014-08-30T11:25:02","date_gmt":"2014-08-30T10:25:02","guid":{"rendered":"https:\/\/intelligent-friend-7861.standoutwp.com\/?p=16531"},"modified":"2017-03-15T12:30:02","modified_gmt":"2017-03-15T11:30:02","slug":"stadsfest-nar-gastabudet-flog-i-luften","status":"publish","type":"post","link":"https:\/\/www.kultursidan.nu\/?p=16531","title":{"rendered":"Stadsfest n\u00e4r G\u00e4stabudet fl\u00f6g i luften"},"content":{"rendered":"<p><a title=\"Pest &amp; Kolera tar h\u00f6jd.\" href=\"https:\/\/www.flickr.com\/photos\/kultursidan\/15079947342\/in\/album-72157647006297881\/\"><img loading=\"lazy\" decoding=\"async\" src=\"https:\/\/c1.staticflickr.com\/6\/5562\/15079947342_ae366e1c62.jpg\" alt=\"Pest &amp; Kolera tar h\u00f6jd.\" width=\"500\" height=\"333\" \/><\/a><br \/>\n<em>Bullriga, burleska h\u00f6jdare. Pest &amp; Kolera (med en sl\u00e4ng av Tyfus) kombinerar halsbrytande akrobatik med knasig komik.<\/em><\/p>\n<p>&nbsp;<\/p>\n<h1><span style=\"color: #ff0000;\">Snipp, snapp, s\u00e5 var balunsen invigd<\/span><\/h1>\n<p>&nbsp;<\/p>\n<p><strong>S:t Laurentiis kyrkklockor slog h\u00f6gtidligt sex.<\/strong> Skr\u00e5l \u00f6verr\u00f6stade allt d\u00e4refter. Musik, magi och en riktig magk\u00f6rare stod f\u00f6r invigningen av \u00e5rets medeltidsfest i S\u00f6derk\u00f6ping. F\u00f6lj med p\u00e5 en rundvandring p\u00e5 G\u00e4stabudet som bygger gemenskap i S\u00f6derk\u00f6ping.<\/p>\n<p>S\u00f6derk\u00f6pings g\u00e4stabud lockar fler \u00e4n bara stadens egen befolkning. Det \u00e4r tr\u00e5ngt om saligheten i Kyrkparken, intensiv tr\u00e4ngsel p\u00e5 R\u00e5dhustorget. M\u00e5nga har kl\u00e4tt upp sig i finaste medeltidsdr\u00e4kt. I Kanalhamnen, sommarens g\u00e5ngstr\u00e5k, \u00e4r det lugnare liksom i Brunnsparken d\u00e4r <em>Torn\u00e9rspelet<\/em> just lockat in en stor publik innanf\u00f6r hank och st\u00f6r. Inne i S:t Laurentii kyrka h\u00e5lls medeltidskonsert.<\/p>\n<p>&nbsp;<\/p>\n<p><iframe loading=\"lazy\" src=\"https:\/\/www.flickr.com\/photos\/kultursidan\/15077290891\/in\/set-72157647006297881\/player\/\" width=\"400\" height=\"280\" frameborder=\"0\" allowfullscreen=\"allowfullscreen\"><\/iframe><br \/>\n<em> Skr\u00e5l. F\u00f6rst upp p\u00e5 scenen med trumma, fl\u00f6jt och s\u00e4ckpipa.<\/em><\/p>\n<p>&nbsp;<\/p>\n<p><strong>G\u00e4stabudet har redan p\u00e5g\u00e5tt i flera timmar n\u00e4r det \u00e4r dags f\u00f6r invigning.<\/strong> Under t\u00e4ltduk f\u00f6r regnet faller t\u00e4tt. <em>Skr\u00e5l<\/em> inleder med s\u00e4ckpipa, trumma och blockfl\u00f6jt. Det l\u00e5ter h\u00f6gt och g\u00e4llt. <em>Inga-Lill \u00d6stlund<\/em> h\u00e5ller tal, g\u00e4stabudet \u00e4r det nionde och i \u00e5r \u00e4r det fler barnaktiviteter \u00e4n n\u00e5gonsin. Magikern <em>Arkadia<\/em> fr\u00e5gar Emil i publiken om han kan trolla. Efter n\u00e5gra \u201dhokus pokus\u201d-viftningar med trollstaven \u00e4r de r\u00f6da sidendukarna f\u00f6rsvunna, h\u00e5len i \u00e4ggen borta och \u00e4ggen kn\u00e4ckta.<\/p>\n<p><em>TRiX<\/em> kan ocks\u00e5 ett och annat. Som att sluka sv\u00e4rd med f\u00e5rtarmsballong och vips f\u00e5 fram ett invigningsband. <em>\u00d6stlund<\/em> klapp till med stora saxen. Snipp, snapp, s\u00e5 var balunsen invigd.<\/p>\n<p>&nbsp;<\/p>\n<p><iframe loading=\"lazy\" src=\"https:\/\/www.flickr.com\/photos\/kultursidan\/15057294396\/in\/set-72157647006297881\/player\/\" width=\"280\" height=\"400\" frameborder=\"0\" allowfullscreen=\"allowfullscreen\"><\/iframe><br \/>\n<em> Smyckade stengodsb\u00e4gare. Jenny anv\u00e4nder olja f\u00f6r att f\u00e5 fram silverglansen.<\/em><\/p>\n<p>&nbsp;<\/p>\n<p><strong>Vana medeltidshantverkare petar p\u00e5 t\u00e4ltdukarna f\u00f6r att l\u00e5ta regnet \u00f6sa ner.<\/strong> Svart\u00f6gda <em>Black Magic Fools<\/em> har tagit skydd i ett av Korps st\u00e5nd och samlar genast publik med fiol-, s\u00e4ckpipe- och trumsv\u00e4ng. N\u00e5gon dansar. I Kyrkparken st\u00e5r m\u00e5nglarna t\u00e4tt. Kl\u00e4der av prima ull, tyger f\u00f6r den som sj\u00e4lv syr, skinn och smycken. Om nu inte en skinande blank riddarrustning lockar?<\/p>\n<p>\u2013 Jag stryker p\u00e5 en olja som reagerar med oxiden i tredje br\u00e4nningen, f\u00f6rklarar keramikern Jenny fr\u00e5n V\u00e4stervik. Hennes b\u00e4gare i stengods \u00e4r smyckade med silverbl\u00e4nkande slingor av blad, taggtr\u00e5d eller piggar.<\/p>\n<p>I Br\u00f6dboden handlas \u00f6ver disk. Instrumentmakaren plockar med blockfl\u00f6jter och n\u00e5gon \u00e4r riktigt sugen p\u00e5 kanderade \u00e4pplen.<\/p>\n<p>&nbsp;<\/p>\n<p><iframe loading=\"lazy\" src=\"https:\/\/www.flickr.com\/photos\/kultursidan\/14893727858\/in\/set-72157647006297881\/player\/\" width=\"400\" height=\"280\" frameborder=\"0\" allowfullscreen=\"allowfullscreen\"><\/iframe><br \/>\n<em>Det \u00e5ngar om h\u00e4starna. 25 kronor kostar \u00e5kturen mellan Kyrkparken och Brunnsparken. <\/em><\/p>\n<p>&nbsp;<\/p>\n<p><strong>Fr\u00e5n Kyrkparken till Brunnsparken \u00e4r v\u00e4gen l\u00e5ng att g\u00e5.<\/strong> H\u00e4stskjuts finns, tar ungef\u00e4r lika l\u00e5ng tid som apostlah\u00e4starna. Just nu \u00e4r det lugnt i Kanalhamnen. Hagatorget ser tomt ut s\u00e5 h\u00e4r dags, s\u00e5 n\u00e4r som p\u00e5 n\u00e5gra t\u00e4lt och fyrkantiga halmbalar. Sk\u00f6nbergagatan och m\u00e5nga andra gator flaggar glatt och Habibas caf\u00e9personal t\u00e4nder veden i eldkorgen i f\u00f6rhoppning om att n\u00e5gra frusna sj\u00e4lar vill sl\u00e5 sig ner p\u00e5 uteserveringen. <em>\u00d6rtag\u00e5rden<\/em> st\u00e5r \u00f6ppen och g\u00f6r reklam f\u00f6r l\u00f6rdagens medeltidssoppa.<\/p>\n<p>Det \u00e4r lugnt under tr\u00e4den i Brunnsparken. N\u00e5gra tar f\u00f6r sig av maten. N\u00e5gon tr\u00e4ffar sitt m\u00e5l med yxa. N\u00e5gon plockar med nysk\u00f6rdade mor\u00f6tter p\u00e5 marknaden. Var \u00e4r alla? Innanf\u00f6r det h\u00f6ga planket, h\u00e4star och ryttare t\u00e4vlar med eld och vapen p\u00e5 Tornerbanan. Nytt f\u00f6r \u00e5ret \u00e4r att alla \u00e5sk\u00e5dare sitter p\u00e5 ena sidan.<\/p>\n<p>&nbsp;<\/p>\n<p><iframe loading=\"lazy\" src=\"https:\/\/www.flickr.com\/photos\/kultursidan\/14893751207\/in\/set-72157647006297881\/player\/\" width=\"400\" height=\"280\" frameborder=\"0\" allowfullscreen=\"allowfullscreen\"><\/iframe><br \/>\n<em> Sk\u00f6rdemarknad i Brunnsparken. \u00c4pplen, mor\u00f6tter och honung.<\/em><\/p>\n<p>&nbsp;<\/p>\n<p><strong>En t\u00e4t halvcirkel f\u00f6ljer akrobaterna Pest &amp; Koleras (\u201dmed en sl\u00e4ng av Tyfus\u201d st\u00e5r det p\u00e5 en skylt) v\u00e5dliga luftspr\u00e5ng och halsbrytande.<\/strong> F\u00f6r att inte tala om alla verbala \u00f6verdrifter. Fr\u00e5n publiken vid R\u00e5dhustorgets utmarker h\u00e4mtas Isak, Jocke, Alex och Cornelia. Eldf\u00e4ngda \u00e4r de ocks\u00e5.<\/p>\n<p>\u2013 Vet ni varf\u00f6r en gycklares m\u00f6ssa \u00e4r magisk? F\u00f6r att d\u00e5 f\u00f6rsvinner halva publiken, s\u00e4ger de.<\/p>\n<p>Tricket lyckas men alla barnen flockas och l\u00e4gger sina slantar i m\u00f6ssorna. Men nu s\u00e4tter hungern \u00e5t. R\u00e5dhustorget \u00e4r mat-torget framf\u00f6r andra, \u00e4ven om restauranger och caf\u00e9er lockar med trubadurer, magiker och gycklare.<\/p>\n<p>\u2013 Vi s\u00e4ljer biljetter till Torn\u00e9rspelet och Eldshowen. Och delar ut G\u00e4stabudsbroschyrer f\u00f6rst\u00e5s, svarar Therese Rahmel i Infot\u00e4ltet p\u00e5 fr\u00e5gan om vad folk fr\u00e5gar mest om. G\u00e4stabudspiga \u00e4r hennes titel denna helg, till vardags arbetar hon p\u00e5 Turistbyr\u00e5n.<\/p>\n<p>&nbsp;<\/p>\n<p><iframe loading=\"lazy\" src=\"https:\/\/www.flickr.com\/photos\/kultursidan\/14893607069\/in\/set-72157647006297881\/player\/\" width=\"400\" height=\"280\" frameborder=\"0\" allowfullscreen=\"allowfullscreen\"><\/iframe><br \/>\n<em>Nutid m\u00f6ter d\u00e5tid under S\u00f6derk\u00f6pings G\u00e4stabud. M\u00e5nga kl\u00e4r upp sig i finaste medeltidsdr\u00e4kt.<\/em><\/p>\n<p>&nbsp;<\/p>\n<p><strong>\u2013 Vi startar fr\u00e5n scratch varje \u00e5r, vi f\u00e5r 80.000 fr\u00e5n kommunen, ber\u00e4ttar n\u00e4ringslivssamordnaren Barbro Mellqvist.<\/strong> Hon \u00e4r en viktig spelare i S\u00f6derk\u00f6ping \u00e5ret om men G\u00e4stabudet \u00e4r ett av hennes sk\u00f6tebarn. Hon r\u00e4knar upp hur mycket f\u00f6retagen bidrar med: en hel del pengar men ocks\u00e5 med sand till tornerbanan, plank, elkablar, transporter, schaktning och handg\u00e5ngna m\u00e4n och kvinnor.<\/p>\n<p>\u2013 Det \u00e4r j\u00e4ttetrevlig st\u00e4mning. Tillsammans bygger vi S\u00f6derk\u00f6ping. G\u00e4stabudet \u00e4r ett gemenskapsprojekt.<\/p>\n<p><em>Text och foto: Ann-Charlotte Sandelin<\/em><\/p>\n<p>BILDSPEL (FLASH) \u2013 KLICKA P\u00c5 BILDEN <em>ALT\/MOBIL: SE BILDSPELET <a title=\"Bildspel\" href=\"https:\/\/www.flickr.com\/photos\/kultursidan\/sets\/72157647006297881\/show\/\" target=\"_blank\">H\u00c4R<\/a><\/em><\/p>\n<p><object width=\"400\" height=\"300\"><param name=\"flashvars\" value=\"offsite=true&amp;lang=en-us&amp;page_show_url=%2Fphotos%2Fkultursidan%2Fsets%2F72157647006297881%2Fshow%2F&amp;page_show_back_url=%2Fphotos%2Fkultursidan%2Fsets%2F72157647006297881%2F&amp;set_id=72157647006297881&amp;jump_to=\" \/><param name=\"movie\" value=\"https:\/\/www.flickr.com\/apps\/slideshow\/show.swf?v=1811922554\" \/><param name=\"allowFullScreen\" value=\"true\" \/><\/object><\/p>\n<blockquote>\n<h3><em>S\u00d6DERK\u00d6PING<\/em><\/h3>\n<p>(28) 29 \u2013 31 augusti 2014<em><br \/>\n<strong>S\u00f6derk\u00f6pings G\u00e4stabud<\/strong><\/em><br \/>\n<strong><em>NoMeMus<\/em><\/strong><em> Nordisk festival f\u00f6r medeltida musik<\/em><\/p>\n<p style=\"padding-left: 30px;\">29\/8 Kyrkparken<br \/>\n<strong><em>Invigning<\/em><\/strong><em> med tal, uppt\u00e5g och tornerspelets riddare till h\u00e4st<\/em><br \/>\n31\/8 Kyrkparken<br \/>\n<strong><em>Avslutning<\/em><\/strong><em> med gyckel och musik<\/em><\/p>\n<\/blockquote>\n<p>L\u00c4NKAR<br \/>\nNoMeMus <a title=\"NoMeMus\" href=\"http:\/\/www.nomemus.se\" target=\"_blank\">hemsida<\/a><br \/>\nS\u00f6derk\u00f6pings G\u00e4stabud <a title=\"S\u00f6derk\u00f6pings g\u00e4stabud\" href=\"http:\/\/www.gastabud.se\/\" target=\"_blank\">hemsida<\/a> <a title=\"Program\" href=\"http:\/\/www.gastabud.se\/wp-content\/uploads\/2013\/05\/programmet-2014.pdf\" target=\"_blank\">program-pdf<\/a><br \/>\n2014 \u00e5rs G\u00e4stabud \u00f6ppnar idag <a title=\"2014 \u00e5rs G\u00e4stabud \u00f6ppnar idag\" href=\"https:\/\/www.kultursidan.nu\/?p=16512\" target=\"_blank\">reportage<\/a> Kultursidan.nu 29\/8 2014<br \/>\nNoMeMus tjuvstartar \u00e5rets G\u00e4stabud <a title=\"NoMeMus tjuvstartar \u00e5rets G\u00e4stabud\" href=\"https:\/\/www.kultursidan.nu\/?p=16485\" target=\"_blank\">reportage<\/a> Kultursidan.nu 28\/8 2014<\/p>\n","protected":false},"excerpt":{"rendered":"<p>S\u00d6DERK\u00d6PING Kyrkklockorna slog h\u00f6gtidligt sex. Skr\u00e5l \u00f6verr\u00f6stade allt d\u00e4refter. Musik, magi och en riktig magk\u00f6rare stod f\u00f6r invigningen av \u00e5rets medeltidsfest. F\u00f6lj med p\u00e5 en rundvandring p\u00e5 G\u00e4stabudet som bygger gemenskap i S\u00f6derk\u00f6ping. <a class=\"continue-reading-link\" href=\"https:\/\/www.kultursidan.nu\/?p=16531\">L\u00e4s mer <span class=\"meta-nav\">&rarr; <\/span><\/a><\/p>\n","protected":false},"author":1001006,"featured_media":0,"comment_status":"closed","ping_status":"open","sticky":false,"template":"","format":"standard","meta":{"_jetpack_memberships_contains_paid_content":false,"footnotes":""},"categories":[6],"tags":[37,29],"class_list":["post-16531","post","type-post","status-publish","format-standard","hentry","category-soderkoping","tag-barnkultur","tag-festival"],"jetpack_featured_media_url":"","jetpack_sharing_enabled":true,"_links":{"self":[{"href":"https:\/\/www.kultursidan.nu\/index.php?rest_route=\/wp\/v2\/posts\/16531","targetHints":{"allow":["GET"]}}],"collection":[{"href":"https:\/\/www.kultursidan.nu\/index.php?rest_route=\/wp\/v2\/posts"}],"about":[{"href":"https:\/\/www.kultursidan.nu\/index.php?rest_route=\/wp\/v2\/types\/post"}],"author":[{"embeddable":true,"href":"https:\/\/www.kultursidan.nu\/index.php?rest_route=\/wp\/v2\/users\/1001006"}],"replies":[{"embeddable":true,"href":"https:\/\/www.kultursidan.nu\/index.php?rest_route=%2Fwp%2Fv2%2Fcomments&post=16531"}],"version-history":[{"count":0,"href":"https:\/\/www.kultursidan.nu\/index.php?rest_route=\/wp\/v2\/posts\/16531\/revisions"}],"wp:attachment":[{"href":"https:\/\/www.kultursidan.nu\/index.php?rest_route=%2Fwp%2Fv2%2Fmedia&parent=16531"}],"wp:term":[{"taxonomy":"category","embeddable":true,"href":"https:\/\/www.kultursidan.nu\/index.php?rest_route=%2Fwp%2Fv2%2Fcategories&post=16531"},{"taxonomy":"post_tag","embeddable":true,"href":"https:\/\/www.kultursidan.nu\/index.php?rest_route=%2Fwp%2Fv2%2Ftags&post=16531"}],"curies":[{"name":"wp","href":"https:\/\/api.w.org\/{rel}","templated":true}]}}