{"id":16636,"date":"2014-09-04T08:00:33","date_gmt":"2014-09-04T07:00:33","guid":{"rendered":"https:\/\/intelligent-friend-7861.standoutwp.com\/?p=16636"},"modified":"2017-03-16T07:51:34","modified_gmt":"2017-03-16T06:51:34","slug":"fransk-son-start-stravinsky-gershwin","status":"publish","type":"post","link":"https:\/\/www.kultursidan.nu\/?p=16636","title":{"rendered":"Fransk SON-start: Stravinsky &#038; Gershwin"},"content":{"rendered":"<p><a title=\"Notbl\u00e4ddring.\" href=\"https:\/\/www.flickr.com\/photos\/kultursidan\/14943836740\/in\/album-72157647187498922\/\"><img loading=\"lazy\" decoding=\"async\" src=\"https:\/\/c1.staticflickr.com\/4\/3885\/14943836740_239937a426.jpg\" alt=\"Notbl\u00e4ddring.\" width=\"500\" height=\"333\" \/><\/a><br \/>\n<em>V\u00e4nder blad. Symfoniorkestern arbetade h\u00e5rt inf\u00f6r s\u00e4songstarten i De Geerhallen.<\/em><\/p>\n<p>&nbsp;<\/p>\n<h1><span style=\"color: #ff0000;\">&#8230;tv\u00e5 fingrar, tv\u00e5 takter kvar, lyfter taktpinnen<\/span><\/h1>\n<p>&nbsp;<\/p>\n<p><strong>F\u00f6rsta v\u00e4rldskriget var \u00f6ver.<\/strong> V\u00e4rlden var som nyf\u00f6dd och Paris var dess huvudstad p\u00e5 samma s\u00e4tt som Wien hade varit den gamla v\u00e4rldens kosmopolitiska samlingspunkt. Allt var m\u00f6jligt, det l\u00e5g i luften. Alla, som var n\u00e5got, eller skulle bli n\u00e5got, var d\u00e4r. De inspirerade \u2013 och konkurrerade \u2013 med varandra. Storstadens moderna m\u00e4nniskor och trafik inspirerade till helt nya verk inom konsten, teatern och musiken. Futurism. Dada. Svenska baletten i Paris grundas och n\u00e5r stora konstn\u00e4rliga framg\u00e5ngar.<\/p>\n<p>Det \u00e4r detta Norrk\u00f6pings symfoniorkester vill f\u00f6rmedla med h\u00f6stens <em>S\u00e4songspremi\u00e4r med fransk esprit. <\/em>Jag smyger in i De Geerhallen d\u00e4r repetitionen redan \u00e4r i full g\u00e5ng. Tyske pianosolisten Andreas Boyde l\u00e4gger mjuka toner, tassar tyst p\u00e5 tangenterna. Orkestern h\u00e5ller andan. Dirigenten Michael Francis lutar sig fram\u00e5t, rak som taktpinne \u2013 att han inte tappar balansen? Han h\u00e5ller upp tv\u00e5 fingrar, tv\u00e5 takter kvar, lyfter taktpinnen.<\/p>\n<p>&nbsp;<\/p>\n<p><iframe loading=\"lazy\" src=\"https:\/\/www.flickr.com\/photos\/kultursidan\/14943786479\/in\/set-72157647187498922\/player\/\" width=\"500\" height=\"333\" frameborder=\"0\" allowfullscreen=\"allowfullscreen\"><\/iframe><br \/>\n<em> Symfoniorkestern Big Band. De ljusa str\u00e5karna har g\u00e5tt och l\u00e4mnat bl\u00e5s, slagverk och basister. Solisten Andreas Boyde vid flygeln, Michael Francis p\u00e5 pulten.<\/em><\/p>\n<p>&nbsp;<\/p>\n<p><strong>Under en kort timmes repetition h\u00f6r jag slutet av Stravinskys <em>Konsert f\u00f6r piano och bl\u00e5sare<\/em>, flera g\u00e5nger om.<\/strong> Det \u00e4r bara bl\u00e5sare, en slagverkare och kontrabasar p\u00e5 scen \u2013 som ett f\u00f6rtida storband. F\u00f6ljt av nedslag i Gershwin.<\/p>\n<p>Under konserten som ges i De Geerhallen torsdag kv\u00e4ll och i Crusellhallen i Link\u00f6ping p\u00e5 fredag blir det mycket Gershwin, uvertyren till <em>Girl Crazy<\/em> och s\u00e5 storverken <em>Rhapsody in Blue<\/em> och <em>An American in Paris<\/em>. Dessutom ges <em>Oxen p\u00e5 taket,<\/em> skriven av Milhaud f\u00f6r just Svenska baletten.<\/p>\n<p>Repetitionen blir stackatoartad, precisionsgnuggningar av taktbyten och \u00f6verg\u00e5ngar. M\u00e5nga avbrott. Jag h\u00f6r \u00e4nd\u00e5 tydligt hur pianist och orkester f\u00f6r ett tydligt samtal, ett utbyte och uppf\u00f6ljningar av toner och teman. Andreas Boyde tar, liksom \u00f6vriga i orkestern, d\u00e5 och d\u00e5 fram sina noter och bl\u00e4ddrar fram r\u00e4tt takt, ibland j\u00e4mf\u00f6r han med partituret han har i beh\u00e4ndigt studieformat. P\u00e5\u2019t igen.<\/p>\n<p><strong>\u2013 Vi hade genomg\u00e5ng i g\u00e5r, nu \u00e4r det finkirurgi, sm\u00e5stycken som filas inp\u00e5 mikrosekunden, f\u00f6rklarar Michael Francis efter repetitionen.<\/strong> I morgon repeterar vi igen.<\/p>\n<p>Om Stravinsky lyfter de tv\u00e5 fram hur han p\u00e5 1920-talet ville distansera sig fr\u00e5n romantiken, inte f\u00f6lja andra ryssar, som Rachmaninov, i stilen.<\/p>\n<p>\u2013 Det p\u00e5minner om barockmusik \u2013 och fungerar mycket bra ihop med Gershwin, s\u00e4ger Michael Francis.<\/p>\n<p>\u2013 Det var i Paris som Gershwin experimenterade. Han hyste en m\u00e4rklig hatk\u00e4rlek till jazzen, forts\u00e4tter Andreas Boyde. <em>Rhapsody in blue <\/em>skrev han f\u00f6r att tj\u00e4na pengar, f\u00f6r sig sj\u00e4lv som pianist. Han uppf\u00f6rde den 40-50 g\u00e5nger. Det blev ett inflytelserikt verk.<\/p>\n<p>De fyller i f\u00f6r varandra genom hela intervjun, jag misst\u00e4nker att de \u00e4r speedade av repetitionens\/musikens h\u00f6ga tempo. N\u00e4stan s\u00e5 att jag borde skriva \u201ds\u00e4ger Michael-Andreas\u201d f\u00f6r att komma intervjuns sanning n\u00e4rmast.<\/p>\n<p>&nbsp;<\/p>\n<p><iframe loading=\"lazy\" src=\"https:\/\/www.flickr.com\/photos\/kultursidan\/15130496655\/in\/set-72157647187498922\/player\/\" width=\"400\" height=\"280\" frameborder=\"0\" allowfullscreen=\"allowfullscreen\"><\/iframe><br \/>\n<em> Michael-Andreas Francis och Boyde f\u00f6r ett t\u00e4tt samtal kring verken.<\/em><\/p>\n<p>&nbsp;<\/p>\n<p><strong>Under repetitionen h\u00f6rde jag delar som var mjuka och s\u00e5 direkt partier som var n\u00e4rmast furi\u00f6sa, n\u00e4r Andreas spelade. <\/strong>Hur kan han vara s\u00e5 snabb? Fingrarna tycks inte bry sig om de h\u00f6r till h\u00f6ger eller v\u00e4nster hand. Det \u00e4r bara p\u00e5 \u2013 eller av \u2013 som g\u00e4ller, samma f\u00f6r orkestern.<\/p>\n<p>\u2013 Andreas Boyde spelar extremt vilt!<\/p>\n<p>Michael Francis retas lite med nygifte Andreas Boyde; han har tvingats \u00e4gna en stor del av sommaren \u00e5t sina kommande insatser f\u00f6r Norrk\u00f6pings symfoniorkester, ensam vid tangenterna. Sanningen \u00e4r nog att alla m\u00e5ste vara p\u00e5 t\u00e5rna f\u00f6r att hantera de sv\u00e5ra \u00f6verg\u00e5ngarna, och de parallella skalorna. (H\u00e4r greppar Michael Francis pianot i dirigentlogen och sl\u00e5r an n\u00e5gra ackord, fr\u00e5n ett rent via en komplettering till dubbla ackord \u2013 disharmonier som han menar \u00e4nd\u00e5 harmonierar.)<\/p>\n<p>Tar chefdirigenten med sig konsertid\u00e9n till sitt nya uppdrag? Michael har n\u00e4mligen utsetts till Music Director f\u00f6r Florida Orchestra i USA med tilltr\u00e4de 2015, parallellt som han forts\u00e4tter att leda Norrk\u00f6pings symfoniorkester.<\/p>\n<p>\u2013 Inte f\u00f6rsta \u00e5ret men kanske andra s\u00e4songen.<\/p>\n<p><strong>Andreas Boyde tycker att Symfoniorkestern och dess chefdirigent \u00e4r underbara, ljudet fantastiskt.<\/strong><\/p>\n<p>Gershwins verk har bara v\u00e4xt i betydelse (s\u00e4ger Michael-Andreas och ber\u00e4ttar att <em>Rhapsodyn<\/em> f\u00f6ddes under en t\u00e5gresa till Boston \u2013 det h\u00f6rs). Den amerikanska publiken h\u00f6r inslagen av jazz, den europeiska h\u00f6r den klassiska grunden. Fusion kunde det heta i dag.<\/p>\n<p>Michael Francis avslutar:<br \/>\n\u2013 This piece has no fat on it. Det h\u00e4r stycket har inget fett p\u00e5 sig.<\/p>\n<p><em>Text och foto: Ann-Charlotte Sandelin<\/em><\/p>\n<p>BILDSPEL (FLASH) \u2013 KLICKA P\u00c5 BILDEN <em>ALT\/MOBIL: SE BILDSPELET <a title=\"Bildspel\" href=\"https:\/\/www.flickr.com\/photos\/kultursidan\/sets\/72157647187498922\/show\/\" target=\"_blank\">H\u00c4R<\/a><\/em><\/p>\n<p><object width=\"400\" height=\"300\"><param name=\"flashvars\" value=\"offsite=true&amp;lang=en-us&amp;page_show_url=%2Fphotos%2Fkultursidan%2Fsets%2F72157647187498922%2Fshow%2F&amp;page_show_back_url=%2Fphotos%2Fkultursidan%2Fsets%2F72157647187498922%2F&amp;set_id=72157647187498922&amp;jump_to=\" \/><param name=\"movie\" value=\"https:\/\/www.flickr.com\/apps\/slideshow\/show.swf?v=1811922554\" \/><param name=\"allowFullScreen\" value=\"true\" \/><\/object><\/p>\n<blockquote><p><em>DE GEERHALLEN Norrk\u00f6ping<\/em><\/p>\n<p>4 september 2014 kl 19 (introduktion Stig Jacobsson 18.30)<br \/>\n5 september kl 19 Crusellhallen i Link\u00f6ping<em><br \/>\n<strong>S\u00e4songspremi\u00e4r med fransk esprit<\/strong><br \/>\nNorrk\u00f6pings Symfoniorkester<br \/>\nDirigent: Michael Francis<br \/>\nPianosolist: Andreas Boyde<\/em><\/p>\n<p style=\"padding-left: 30px;\"><em>PROGRAM<br \/>\n<strong>Gershwin<\/strong> Girl Crazy, uvertyr<\/em><br \/>\n<em> <strong>Milhaud<\/strong> Le Boeuf sur le Toit &#8221;Oxen p\u00e5 taket&#8221;<\/em><br \/>\n<em> <strong>Gershwin<\/strong> Rhapsody in Blue<\/em><br \/>\n<em> <strong>Stravinsky<\/strong> Konsert f\u00f6r piano och bl\u00e5sare<\/em><br \/>\n<em> <strong>Gershwin<\/strong> An American in Paris<\/em><\/p>\n<\/blockquote>\n<p>L\u00c4NKAR<br \/>\nNorrk\u00f6pings symfoniorkester <a title=\"SON\" href=\"http:\/\/www.norrkopingssymfoniorkester.se\" target=\"_blank\">hemsida<\/a><br \/>\nLa belle epoque inspirerar SON 2014\/2015 <a title=\"La belle epoque inspirerar SON 2014\/2015\" href=\"https:\/\/www.kultursidan.nu\/?p=14959\" target=\"_blank\">reportage<\/a> Kultursidan.nu 24\/5 2014<\/p>\n","protected":false},"excerpt":{"rendered":"<p>NORRK\u00d6PING V\u00e4rlden var som nyf\u00f6dd och Paris dess huvudstad. Alla var d\u00e4r och allt var m\u00f6jligt. Norrk\u00f6pings symfoniorkester repeterar inf\u00f6r h\u00f6stens S\u00e4songspremi\u00e4r med fransk esprit. Ett samtal med solisten Andreas Boyde och Michael Francis.  <a class=\"continue-reading-link\" href=\"https:\/\/www.kultursidan.nu\/?p=16636\">L\u00e4s mer <span class=\"meta-nav\">&rarr; <\/span><\/a><\/p>\n","protected":false},"author":1001006,"featured_media":0,"comment_status":"closed","ping_status":"open","sticky":false,"template":"","format":"standard","meta":{"_jetpack_memberships_contains_paid_content":false,"footnotes":""},"categories":[7],"tags":[13],"class_list":["post-16636","post","type-post","status-publish","format-standard","hentry","category-norrkoping","tag-musik"],"jetpack_featured_media_url":"","jetpack_sharing_enabled":true,"_links":{"self":[{"href":"https:\/\/www.kultursidan.nu\/index.php?rest_route=\/wp\/v2\/posts\/16636","targetHints":{"allow":["GET"]}}],"collection":[{"href":"https:\/\/www.kultursidan.nu\/index.php?rest_route=\/wp\/v2\/posts"}],"about":[{"href":"https:\/\/www.kultursidan.nu\/index.php?rest_route=\/wp\/v2\/types\/post"}],"author":[{"embeddable":true,"href":"https:\/\/www.kultursidan.nu\/index.php?rest_route=\/wp\/v2\/users\/1001006"}],"replies":[{"embeddable":true,"href":"https:\/\/www.kultursidan.nu\/index.php?rest_route=%2Fwp%2Fv2%2Fcomments&post=16636"}],"version-history":[{"count":0,"href":"https:\/\/www.kultursidan.nu\/index.php?rest_route=\/wp\/v2\/posts\/16636\/revisions"}],"wp:attachment":[{"href":"https:\/\/www.kultursidan.nu\/index.php?rest_route=%2Fwp%2Fv2%2Fmedia&parent=16636"}],"wp:term":[{"taxonomy":"category","embeddable":true,"href":"https:\/\/www.kultursidan.nu\/index.php?rest_route=%2Fwp%2Fv2%2Fcategories&post=16636"},{"taxonomy":"post_tag","embeddable":true,"href":"https:\/\/www.kultursidan.nu\/index.php?rest_route=%2Fwp%2Fv2%2Ftags&post=16636"}],"curies":[{"name":"wp","href":"https:\/\/api.w.org\/{rel}","templated":true}]}}