{"id":16787,"date":"2014-09-15T19:56:21","date_gmt":"2014-09-15T18:56:21","guid":{"rendered":"https:\/\/intelligent-friend-7861.standoutwp.com\/?p=16787"},"modified":"2017-03-16T08:15:45","modified_gmt":"2017-03-16T07:15:45","slug":"f-13-fran-luftrum-till-museum","status":"publish","type":"post","link":"https:\/\/www.kultursidan.nu\/?p=16787","title":{"rendered":"F 13 fr\u00e5n luftrum till museum"},"content":{"rendered":"<p><a title=\"Norrk\u00f6ping minns... F 13\" href=\"https:\/\/www.flickr.com\/photos\/kultursidan\/15036275310\/in\/album-72157647132557519\/\"><img loading=\"lazy\" decoding=\"async\" src=\"https:\/\/c1.staticflickr.com\/4\/3884\/15036275310_209f861231.jpg\" alt=\"Norrk\u00f6ping minns... F 13\" width=\"500\" height=\"261\" \/><\/a><br \/>\n<em>De skyddade Sveriges luftrum. Utst\u00e4llningen ber\u00e4ttar om m\u00e4nniskorna p\u00e5 F 13 Br\u00e5valla flygflottilj.<\/em><\/p>\n<p>&nbsp;<\/p>\n<h1><span style=\"color: #ff0000;\">Milit\u00e4rfotografen Rune Rydhs bildskatt<\/span><\/h1>\n<p>&nbsp;<\/p>\n<p><strong>De skyddade Sveriges luftrum i 70 \u00e5r.<\/strong> Men piloterna var bara den yttersta spjutspetsen i en stor organisation vars m\u00e5l var att f\u00e5 upp dem i luften. F 13 var en milit\u00e4rstrategiskt betydelsefull pusselbit och samtidigt en egen stad i staden. I film och fotografi \u00e4r det den bredden, m\u00e4nniskorna, som lyfts fram i dubbelutst\u00e4llningen <em>Norrk\u00f6pings minns\u2026 F 13 Br\u00e5valla flygflottilj 1943-1994<\/em> p\u00e5 Stadsmuseet.<\/p>\n<p>\u2013 Det \u00e4r 20 \u00e5r sedan F 13 lades ner. N\u00e4r Kamratf\u00f6reningen kontaktade oss ins\u00e5g vi att det ingick klockrent i v\u00e5rt uppdrag, s\u00e4ger museiintendent Anette Kindahl som arbetat med utst\u00e4llningen.<\/p>\n<p>&nbsp;<\/p>\n<p><iframe loading=\"lazy\" src=\"https:\/\/www.flickr.com\/photos\/kultursidan\/15222589852\/in\/set-72157647132557519\/player\/\" width=\"400\" height=\"300\" frameborder=\"0\" allowfullscreen=\"allowfullscreen\"><\/iframe><br \/>\n<em>Tre filmer finns att se p\u00e5 Hyllan.<\/em><\/p>\n<p>&nbsp;<\/p>\n<p><strong>P\u00e5 v\u00e4g upp mot Stadsmuseets filmhylla st\u00e5r p\u00e5kl\u00e4dda dockor.<\/strong> En pilot i bruns\u00e4ckig mundering. Noterar den elegant stilrena designen p\u00e5 Flygvapnets uniformer, f\u00f6r m\u00e4n och f\u00f6r kvinnor.<\/p>\n<p>Bortsett fr\u00e5n skyltningen och soffan \u00e4r det tomt p\u00e5 Hyllan. Allt fokus p\u00e5 de tre filmer bes\u00f6karen kan v\u00e4lja mellan. Bakom fotot till <em>Snabbare \u00e4n ljudet \u2013 n\u00e4stan<\/em> st\u00e5r Sven Nykvist, Sveriges st\u00f6rste filmfotograf, redan d\u00e5 k\u00e4nd f\u00f6r sitt samarbete med Ingmar Bergman. De tv\u00e5 andra filmerna \u00e4r <em>Flyglotta<\/em> och ett inslag fr\u00e5n popul\u00e4ra TV-magasinet <em>Caf\u00e9 Norrk\u00f6ping<\/em> d\u00e4r uppvisningsf\u00f6raren Ulf Johansson \u00e4r g\u00e4st.<\/p>\n<p><strong>\u2013 Det \u00e4r en bildskatt,<\/strong> s\u00e4ger intendent Anette Kindahl om fotografierna som komponerats till en t\u00e4t utst\u00e4llning i Rum f\u00f6r fotografi p\u00e5 Stadsmuseet.<\/p>\n<p>Flygflottiljens m\u00e5ng\u00e5rige fotograf Rune Rydh har st\u00e5tt bakom kameran i merparten av fallen. Tio av de 46 bilderna \u00e4r fr\u00e5n Br\u00e5vallas f\u00f6rsta \u00e5rtionden, med flottiljchef, f\u00f6rsta spadtagen och mekaniker som servar en knubbig J 22 framf\u00f6r blommande frukttr\u00e4d.<\/p>\n<p>Merparten av fotona skildrar k\u00e4ndisbes\u00f6k och vardagliv under de f\u00f6ljande \u00e5rtiondena, fr\u00e5n 1960-tal till de sista \u00e5ren. De v\u00e4rnpliktiga avl\u00f6ste varandra \u00e5r f\u00f6r \u00e5r, totalt ber\u00e4knas 30.000 ha gjort tj\u00e4nst p\u00e5 F 13. P\u00e5 en bild sitter n\u00e5gra av dem med valpar i famnen, blivande vakthundar.<\/p>\n<p><strong>Br\u00e5valla med officerare, piloter, tekniker, sjukv\u00e5rd, mat och transporter bildade en hel stad.<\/strong> En betydelsefull del av Norrk\u00f6ping under 1900-talet. Nu \u00e4r den helt borta, inga protester hj\u00e4lpte. Bara kamratf\u00f6reningen \u00e4r kvar och den v\u00e4xer till sig \u00e4ven med personer som inte tj\u00e4nstgjort inom flygvapnet.<\/p>\n<p>\u2013 Vi \u00e4r teknikn\u00f6rdar, vi hade velat ha massor med bilder p\u00e5 flyplan. Men m\u00e4nniskor, det \u00e4r suver\u00e4nt, s\u00e4ger H\u00e5kan Fredriksson om urvalet. P\u00e5 den tiden var han \u00f6verstel\u00f6jtnant och bataljonschef p\u00e5 Br\u00e5valla, nu ordf\u00f6rande i F 13:s Kamratf\u00f6rening.<\/p>\n<p>&nbsp;<\/p>\n<p><iframe loading=\"lazy\" src=\"https:\/\/www.flickr.com\/photos\/kultursidan\/15036178109\/in\/set-72157647132557519\/player\/\" width=\"400\" height=\"295\" frameborder=\"0\" allowfullscreen=\"allowfullscreen\"><\/iframe><br \/>\n<em>Fotoutst\u00e4llningen skildrar m\u00e4nniskor, flygplan och hundar.<\/em><\/p>\n<p>&nbsp;<\/p>\n<p><strong>F 13 startade under brinnande v\u00e4rldskrig.<\/strong> Flygflottiljens betydelse v\u00e4xte n\u00e4r den fick ansvaret \u00f6ver de milit\u00e4ra flygbaserna och stridsledningen i \u00f6stra Sverige. F 13 fick de nya flygplansmodellerna f\u00f6rst av alla. Lansen, Draken, Viggen. Men inte JAS Gripen.<\/p>\n<p>Lika viktigt som planen i luften var de hemliga underjordiska anl\u00e4ggningarna. Och den manuella luftbevakningen innan radarn klarade av \u00e4ven l\u00e5gflygande flygplan. Bland annat h\u00e4r var kvinnor viktiga. \u00c4ven om kvinnor inte tillh\u00f6rde stridande trupp s\u00e5 kunde de tj\u00e4nstg\u00f6ra som stril-lottor, f\u00f6rkortningen st\u00e5r f\u00f6r stridsledning. P\u00e5 ett foto sitter unge officeren H\u00e5kan Fredriksson bredvid en kvinnlig kollega vid radarsk\u00e4rmar och apparater.<\/p>\n<p>\u2013Det var en sp\u00e4nnande tid p\u00e5 1970-talet med mer \u00e4n 100 kr\u00e4nkningar och \u00f6verflygningar \u00f6ver \u00d6stersj\u00f6n varje \u00e5r. Flygvapnet gick alltid upp och skyddade v\u00e5rt luftrum, kommenterar han.<\/p>\n<p><strong>N\u00e5gra modellflygplan h\u00e4nger i taket och st\u00e5r i en monter i den sparsmakade utst\u00e4llningen.<\/strong> Hos Saab i Link\u00f6ping st\u00e5r Sveriges sista hela Viggenplan. Det \u00e4r F 13 Kamratf\u00f6renings \u2013 om de kan ta emot den. Den mycket aktiva f\u00f6reningen vill bygga en utst\u00e4llning kring den, om jaktflygets historia, \u00f6ppen f\u00f6r bes\u00f6kande allm\u00e4nhet och skolelever. Tanken \u00e4r att l\u00e5na en gammal hangar i n\u00e4rheten av f\u00f6reningslokalen vid S\u00f6rby herrg\u00e5rd. Men de har knappast r\u00e5d med den \u00e5rshyra som kommunen vill ha.<\/p>\n<p>\u2013 Norrk\u00f6pings kommun fick Br\u00e5valla f\u00f6r en spottstyver av f\u00f6rsvaret, s\u00e4ger Lars \u00c5berg, en g\u00e5ng eltekniker p\u00e5 Andra kompaniet. Nu vill de ha 125.000 kronor f\u00f6r en jordkula.<\/p>\n<p><em>Text och foto: Ann-Charlotte Sandelin<\/em><\/p>\n<p>BILDSPEL (FLASH) \u2013 KLICKA P\u00c5 BILDEN <em>ALT\/MOBIL: SE BILDSPELET <a title=\"Bildspel\" href=\"https:\/\/www.flickr.com\/photos\/kultursidan\/sets\/72157647132557519\/show\/\" target=\"_blank\">H\u00c4R<\/a><\/em><\/p>\n<p><object width=\"400\" height=\"300\"><param name=\"flashvars\" value=\"offsite=true&amp;lang=en-us&amp;page_show_url=%2Fphotos%2Fkultursidan%2Fsets%2F72157647132557519%2Fshow%2F&amp;page_show_back_url=%2Fphotos%2Fkultursidan%2Fsets%2F72157647132557519%2F&amp;set_id=72157647132557519&amp;jump_to=\" \/><param name=\"movie\" value=\"https:\/\/www.flickr.com\/apps\/slideshow\/show.swf?v=1811922554\" \/><param name=\"allowFullScreen\" value=\"true\" \/><\/object><\/p>\n<blockquote>\n<h3><em>STADSMUSEET Norrk\u00f6ping<\/em><\/h3>\n<p>13 september \u2013 26 oktober 2014<em><br \/>\n<strong>Norrk\u00f6pings minns\u2026 F 13 Br\u00e5valla flygflottilj 1943-1994<\/strong><\/em><br \/>\n<em> Filmvisning, fotoutst\u00e4llning<\/em><br \/>\n<em> Prod: Norrk\u00f6pings stadsmuseum i samarbete med F 13 kamratf\u00f6rening<\/em><\/p><\/blockquote>\n<p>L\u00c4NKAR<br \/>\nF 13 Kamratf\u00f6rening <a title=\"F 13 kamratf\u00f6rening\" href=\"http:\/\/f13.kamratforening.se\" target=\"_blank\">hemsida <\/a><br \/>\nF 13:s historia Norrkopingsprojekts <a title=\"Historieblogg\" href=\"http:\/\/norrkopingprojekt.wordpress.com\/historia\/norrkopings-naringsliv-efter-textilindustrin-under-bearbetning\/kungliga-bravalla-flygflottilj-f13\/\" target=\"_blank\">blogg <\/a><br \/>\nNorrk\u00f6pings stadsmuseum <a title=\"Norrk\u00f6pings stadsmuseum\" href=\"http:\/\/www.norrkoping.se\/kultur-fritid\/museer\/stadsmuseum\/\" target=\"_blank\">hemsida<\/a>\u00a0 <a title=\"Facebook\" href=\"https:\/\/www.facebook.com\/Norrkopingsstadsmuseum?fref=ts\" target=\"_blank\">facebook<\/a><\/p>\n","protected":false},"excerpt":{"rendered":"<p>NORRK\u00d6PING De skyddade Sveriges luftrum i 70 \u00e5r. Men piloterna var bara den yttersta spjutspetsen i en stor organisation vars m\u00e5l var att f\u00e5 upp dem i luften. I film och fotografi \u00e4r det den bredden, m\u00e4nniskorna, som lyfts fram i dubbelutst\u00e4llningen p\u00e5 Stadsmuseet. <a class=\"continue-reading-link\" href=\"https:\/\/www.kultursidan.nu\/?p=16787\">L\u00e4s mer <span class=\"meta-nav\">&rarr; <\/span><\/a><\/p>\n","protected":false},"author":1001006,"featured_media":0,"comment_status":"closed","ping_status":"open","sticky":false,"template":"","format":"standard","meta":{"_jetpack_memberships_contains_paid_content":false,"footnotes":""},"categories":[7],"tags":[47],"class_list":["post-16787","post","type-post","status-publish","format-standard","hentry","category-norrkoping","tag-utstallning"],"jetpack_featured_media_url":"","jetpack_sharing_enabled":true,"_links":{"self":[{"href":"https:\/\/www.kultursidan.nu\/index.php?rest_route=\/wp\/v2\/posts\/16787","targetHints":{"allow":["GET"]}}],"collection":[{"href":"https:\/\/www.kultursidan.nu\/index.php?rest_route=\/wp\/v2\/posts"}],"about":[{"href":"https:\/\/www.kultursidan.nu\/index.php?rest_route=\/wp\/v2\/types\/post"}],"author":[{"embeddable":true,"href":"https:\/\/www.kultursidan.nu\/index.php?rest_route=\/wp\/v2\/users\/1001006"}],"replies":[{"embeddable":true,"href":"https:\/\/www.kultursidan.nu\/index.php?rest_route=%2Fwp%2Fv2%2Fcomments&post=16787"}],"version-history":[{"count":0,"href":"https:\/\/www.kultursidan.nu\/index.php?rest_route=\/wp\/v2\/posts\/16787\/revisions"}],"wp:attachment":[{"href":"https:\/\/www.kultursidan.nu\/index.php?rest_route=%2Fwp%2Fv2%2Fmedia&parent=16787"}],"wp:term":[{"taxonomy":"category","embeddable":true,"href":"https:\/\/www.kultursidan.nu\/index.php?rest_route=%2Fwp%2Fv2%2Fcategories&post=16787"},{"taxonomy":"post_tag","embeddable":true,"href":"https:\/\/www.kultursidan.nu\/index.php?rest_route=%2Fwp%2Fv2%2Ftags&post=16787"}],"curies":[{"name":"wp","href":"https:\/\/api.w.org\/{rel}","templated":true}]}}