{"id":16829,"date":"2014-09-17T21:41:02","date_gmt":"2014-09-17T20:41:02","guid":{"rendered":"https:\/\/intelligent-friend-7861.standoutwp.com\/?p=16829"},"modified":"2019-06-28T16:31:41","modified_gmt":"2019-06-28T15:31:41","slug":"son-spelar-allan-petterssons-svaraste","status":"publish","type":"post","link":"https:\/\/www.kultursidan.nu\/?p=16829","title":{"rendered":"SON spelar Allan Petterssons sv\u00e5raste"},"content":{"rendered":"<p><a title=\"Christian Lindberg.\" href=\"https:\/\/www.flickr.com\/photos\/kultursidan\/15270699842\/in\/album-72157647710572122\/\"><img loading=\"lazy\" decoding=\"async\" src=\"https:\/\/live.staticflickr.com\/5551\/15270699842_91298ed80f.jpg\" alt=\"Christian Lindberg.\" width=\"500\" height=\"333\" \/><\/a><br \/>\n<em>\u00c5terh\u00e5llsamhet. Christian Lindberg lyssnar in nyanserna och styr tydligt under repetitionen.<\/em><\/p>\n<p>&nbsp;<\/p>\n<h1><span style=\"color: #ff0000;\">F\u00f6r varje f\u00e4rdig cd-skiva blir det en ny konsert<\/span><\/h1>\n<p>&nbsp;<\/p>\n<p><strong><em>Nr 13.<\/em> Den l\u00e4r ska vara tons\u00e4ttaren Allan Petterssons mest sv\u00e5rspelade symfoni. <\/strong>P\u00e5 l\u00f6rdag \u00e4r det dags f\u00f6r Sverigepremi\u00e4r av stycket, som skrevs 1978, i De Geerhallen. Bakom pinnen st\u00e5r dirigenten Christian Lindberg.<\/p>\n<p>\u2013 Det \u00e4r fascinerande att det h\u00e4r stycket som skrevs f\u00f6r festspelen i Bergen inte har framf\u00f6rts i Sverige tidigare, och fantastiskt f\u00f6r mig och orkestern att f\u00e5 vara de f\u00f6rsta att g\u00f6ra det, s\u00e4ger Christian Lindberg.<\/p>\n<p>&nbsp;<\/p>\n<p><a title=\"Symfoniorkestern och Christian Lindberg.\" href=\"https:\/\/www.flickr.com\/photos\/kultursidan\/15133604909\/in\/album-72157647710572122\/\"><img loading=\"lazy\" decoding=\"async\" src=\"https:\/\/live.staticflickr.com\/3870\/15133604909_72b089732b.jpg\" alt=\"Symfoniorkestern och Christian Lindberg.\" width=\"500\" height=\"333\" \/><\/a><br \/>\n<em>Symfoniorkestern kan sin Pettersson efter en rad konserter och inspelningar.<\/em><\/p>\n<p>&nbsp;<\/p>\n<p><strong>Konserten \u00e4r en del av SON:s uppm\u00e4rksammade j\u00e4ttesatsning <em>The Allan Pettersson Project<\/em> som presenterades h\u00f6sten 2013.<\/strong> Fram till 2018 ska Symfoniorkestern fylla en cd-box med komposit\u00f6rens samtliga 17 symfonier f\u00f6r BIS Records. Och det \u00e4r Christian Lindbergs jobb att g\u00f6ra det, \u00e4ven om n\u00e5gra tidigare inspelningar med Leif Segerstam vid dirigentpulten ing\u00e5r i paketet.<\/p>\n<p>F\u00f6r varje f\u00e4rdig cd-skiva blir det en ny konsert. Allts\u00e5 blir l\u00f6rdagens konsert med <em>Symfoni nr 13<\/em> en releasefest f\u00f6r cd:n med symfonierna <em>4<\/em> och <em>16<\/em> som sl\u00e4pps tillsammans med dvd:n <em>Vem fan \u00e4r Allan Pettersson?<\/em> En fr\u00e5ga som Norrk\u00f6pings symfoniorkester successivt arbetar fram svaret p\u00e5.<\/p>\n<p>&nbsp;<\/p>\n<p><a title=\"Bl\u00e5sare p\u00e5 rad.\" href=\"https:\/\/www.flickr.com\/photos\/kultursidan\/15271088035\/in\/album-72157647710572122\/\"><img loading=\"lazy\" decoding=\"async\" src=\"https:\/\/live.staticflickr.com\/5552\/15271088035_8cf3663d1c.jpg\" alt=\"Bl\u00e5sare p\u00e5 rad.\" width=\"500\" height=\"333\" \/><\/a><br \/>\n<em>Kraft. Bl\u00e5sare p\u00e5 rad.<\/em><\/p>\n<p>&nbsp;<\/p>\n<p><strong>P\u00e5 onsdagen h\u00f6ll orkestern en \u00f6ppen repetition f\u00f6r alla som ville se och h\u00f6ra.<\/strong> Kanske ryktet om symfonins otillg\u00e4nglighet \u00e4r \u00f6verdrivet. F\u00f6r orkester och dirigent arbetade sig fram\u00e5t genom stycket med sp\u00e4nstiga str\u00e5kar, kraftfullt bl\u00e5s och gott mod.<\/p>\n<p><strong>L\u00f6rdagens konsert inleds med sedvanlig introduktion en halvtimme f\u00f6re upptakt.<\/strong> P\u00e5 programmet st\u00e5r f\u00f6rst Mozarts <em>Pianokonsert nr 21<\/em>, som blev mer allm\u00e4nt k\u00e4nd n\u00e4r filmaren Bo Widerberg anv\u00e4nde den l\u00e5ngsamma satsen i filmen <em>Elvira Madigan<\/em>. Vid tangenterna solisten Roland P\u00f6ntinten.<\/p>\n<p><em>\u00a9 Text och foto: Ann-Charlotte Sandelin<br \/>\n<\/em><\/p>\n<blockquote>\n<h3><em>DE GEERHALLEN Norrk\u00f6ping<\/em><\/h3>\n<p>20 september 2014<em> kl 15<br \/>\nKonsertintroduktion 14.30 med Matts Eriksson<br \/>\n<strong>Mozart &amp; Pettersson<\/strong><\/em><br \/>\n<em> Norrk\u00f6pings symfoniorkester<\/em><br \/>\n<em> Dirigent: Christian Lindberg<\/em><br \/>\n<em> Solist: Roland P\u00f6ntinen<\/em><\/p>\n<p style=\"padding-left: 30px;\"><em>PROGRAM<\/em><br \/>\n<em> <strong>W. A. Mozart<\/strong> Pianokonsert nr 21<\/em><br \/>\n<em> <strong>Allan Pettersson<\/strong> Symfoni nr 13<\/em><\/p>\n<p style=\"padding-left: 30px;\">I samband med konserten sl\u00e4pps cd:n med Petterssons symfonier nr 4 och 16 och som \u00e4ven inneh\u00e5ller dvd:n Vem fan \u00e4r Allan Pettersson?<\/p>\n<\/blockquote>\n<p>L\u00c4NKAR<br \/>\nThe Allan Pettersson Project <a title=\"Allan Pettersson-projektet\" href=\"http:\/\/www.norrkopingssymfoniorkester.se\/Allan+Pettersson-projektet__1053.html\" target=\"_blank\" rel=\"noopener noreferrer\">hemsida <\/a><br \/>\nAllan Pettersson society <a title=\"Allan Pettersson\" href=\"http:\/\/www.allanpettersson.org%20\" target=\"_blank\" rel=\"noopener noreferrer\">hemsida <\/a><br \/>\nBIS records <a title=\"BIS\" href=\"http:\/\/www.bis.se%20\" target=\"_blank\" rel=\"noopener noreferrer\">hemsida <\/a><br \/>\nNorrk\u00f6pings symfoniorkester <a title=\"SON\" href=\"http:\/\/www.norrkopingssymfoniorkester.se\" target=\"_blank\" rel=\"noopener noreferrer\">hemsida<\/a><br \/>\nSON och BIS ger ut Allan Pettersson-box\u00a0<a title=\"SON och BIS ger ut Allan Pettersson-box\" href=\"https:\/\/www.kultursidan.nu\/?p=12839\" target=\"_blank\" rel=\"noopener noreferrer\">reportage<\/a> Kultursidan.nu 1\/11 2013<\/p>\n","protected":false},"excerpt":{"rendered":"<p>NORRK\u00d6PING Nr 13. Den l\u00e4r vara tons\u00e4ttaren Allan Petterssons mest sv\u00e5rspelade symfoni. P\u00e5 l\u00f6rdag \u00e4r det dags i De Geerhallen. P\u00e5 programmet st\u00e5r ocks\u00e5 Mozarts k\u00e4nda pianokonsert nr 21. Vid tangenterna Roland P\u00f6ntinten. Bakom pinnen st\u00e5r Christian Lindberg. <a class=\"continue-reading-link\" href=\"https:\/\/www.kultursidan.nu\/?p=16829\">L\u00e4s mer <span class=\"meta-nav\">&rarr; <\/span><\/a><\/p>\n","protected":false},"author":1001006,"featured_media":0,"comment_status":"closed","ping_status":"open","sticky":false,"template":"","format":"standard","meta":{"_jetpack_memberships_contains_paid_content":false,"footnotes":""},"categories":[7],"tags":[13],"class_list":["post-16829","post","type-post","status-publish","format-standard","hentry","category-norrkoping","tag-musik"],"jetpack_featured_media_url":"","jetpack_sharing_enabled":true,"_links":{"self":[{"href":"https:\/\/www.kultursidan.nu\/index.php?rest_route=\/wp\/v2\/posts\/16829","targetHints":{"allow":["GET"]}}],"collection":[{"href":"https:\/\/www.kultursidan.nu\/index.php?rest_route=\/wp\/v2\/posts"}],"about":[{"href":"https:\/\/www.kultursidan.nu\/index.php?rest_route=\/wp\/v2\/types\/post"}],"author":[{"embeddable":true,"href":"https:\/\/www.kultursidan.nu\/index.php?rest_route=\/wp\/v2\/users\/1001006"}],"replies":[{"embeddable":true,"href":"https:\/\/www.kultursidan.nu\/index.php?rest_route=%2Fwp%2Fv2%2Fcomments&post=16829"}],"version-history":[{"count":2,"href":"https:\/\/www.kultursidan.nu\/index.php?rest_route=\/wp\/v2\/posts\/16829\/revisions"}],"predecessor-version":[{"id":41935,"href":"https:\/\/www.kultursidan.nu\/index.php?rest_route=\/wp\/v2\/posts\/16829\/revisions\/41935"}],"wp:attachment":[{"href":"https:\/\/www.kultursidan.nu\/index.php?rest_route=%2Fwp%2Fv2%2Fmedia&parent=16829"}],"wp:term":[{"taxonomy":"category","embeddable":true,"href":"https:\/\/www.kultursidan.nu\/index.php?rest_route=%2Fwp%2Fv2%2Fcategories&post=16829"},{"taxonomy":"post_tag","embeddable":true,"href":"https:\/\/www.kultursidan.nu\/index.php?rest_route=%2Fwp%2Fv2%2Ftags&post=16829"}],"curies":[{"name":"wp","href":"https:\/\/api.w.org\/{rel}","templated":true}]}}