{"id":17034,"date":"2014-09-24T21:12:22","date_gmt":"2014-09-24T20:12:22","guid":{"rendered":"https:\/\/intelligent-friend-7861.standoutwp.com\/?p=17034"},"modified":"2014-09-26T12:25:53","modified_gmt":"2014-09-26T11:25:53","slug":"2-sakert-eller-osakert-pa-kulturnatten","status":"publish","type":"post","link":"https:\/\/www.kultursidan.nu\/?p=17034","title":{"rendered":"#2 \u2013 S\u00e4kert eller Os\u00e4kert p\u00e5 Kulturnatten?"},"content":{"rendered":"<h1><span style=\"color: #ff0000;\">Mysigt och mytologiskt<\/span><\/h1>\n<p>&nbsp;<\/p>\n<p><strong>K\u00f6rmaraton i De-Geerhallen.<\/strong> Som k\u00f6rs\u00e5ngare i Fenixk\u00f6ren har det varit tradition att medverka i K\u00f6rmaraton varje Kulturnatt. I m\u00e5nga \u00e5r var H\u00f6rsalen den givna platsen, men n\u00e4r det inte l\u00e4ngre var m\u00f6jligt att anv\u00e4nda den lokalen har K\u00f6rmaraton genomf\u00f6rts p\u00e5 olika platser i Norrk\u00f6ping.<\/p>\n<p>I \u00e5r h\u00e5ller vi till i De Geerhallens foaj\u00e9. Fr\u00e5n kl 16 och fram\u00e5t kan du lyssna p\u00e5 flera av stadens k\u00f6rer. Det \u00e4r korta men intensiva framtr\u00e4danden \u2013 j\u00e4ttekul att medverka och som publik f\u00e5r du ta del av ett brett utbud av musikgenrer.<\/p>\n<p>Detta \u00e5r finns ocks\u00e5 m\u00f6jlighet att sjunga med sj\u00e4lv. Vill du sjunga med barnen bjuder SON in till Singalong med barns\u00e5nger kl 14. Den mer modige b\u00e4nkar sig inne i salongen kl 18 och tar ton i Opera-singalong. Jag hoppas att vi ses!<\/p>\n<p><strong>Jag skulle g\u00e4rna \u00e4gna n\u00e5gra timmar i Antikvariatet p\u00e5 Kn\u00e4ppingsborgsgatan 7 den h\u00e4r Kulturnatten.<\/strong> Varje \u00e5r l\u00e4ser jag deras program och t\u00e4nker, i \u00e5r g\u00e5r jag dit. Men det har hittills aldrig h\u00e4nt.<\/p>\n<p>Nu sitter jag h\u00e4r igen och l\u00e4ser om h\u00f6gl\u00e4sning, indierock och d\u00e4mpade elgitarrballader. Om b\u00f6cker som ska slumpas ut och orientalmusik. Det l\u00e5ter mysigt att sitta bland b\u00f6cker och bara f\u00f6lja med i det som bjuds. Kanske uppt\u00e4cka n\u00e5got nytt att gilla som jag inte k\u00e4nde till f\u00f6rut.\u00a0 Go with the flow \u2013 det \u00e4r Kulturnatt f\u00f6r mig.<br \/>\n<em><strong>Felicia Eriksson<\/strong> livsnjutare med br\u00f6dbak och k\u00f6rs\u00e5ng p\u00e5 programmet<\/em><\/p>\n<p><strong>Hattaff\u00e4ren p\u00e5 Hospitalsgatan.<\/strong> En unik butik i \u00d6sterg\u00f6tland\u00a0med en l\u00e5ng historia, n\u00e4stan mytologisk vid det h\u00e4r laget&#8230;<br \/>\n<em><strong>Hanna Stjernfeldt<\/strong> l\u00e4ser och skriver, skriver och l\u00e4ser<\/em><\/p>\n<blockquote>\n<h3><em>KULTURNATTEN<\/em><\/h3>\n<p>27\/9 2014<\/p>\n<p><em><strong>Antikvariatet kl 10\u201324 <\/strong>Programpunkterna avl\u00f6ser varandra till midnattstimmens h\u00f6gl\u00e4sning. KONST, MUSIK, LYRIK<br \/>\n<strong>Hattaff\u00e4ren \u00c5kerlind &amp; Janzon kl 12, 14, 16<\/strong> Hatthistorier med Helene \u00c5dahl. MODEHISTORIA<br \/>\n<strong>De Geerhallen kl 14 <\/strong>Singalong f\u00f6r barn<strong> kl 16\u201322.30 <\/strong>K\u00f6rmaraton<strong> kl 18\u201319.15<\/strong> Opera-Singalong. S\u00c5NG<\/em><\/p><\/blockquote>\n<p>L\u00c4NKAR<br \/>\nAntikvariatet i <a title=\"Program\" href=\"http:\/\/www.norrkoping.se\/kultur-fritid\/kulturnatten\/kulturnattsprogram-2014.pdf\" target=\"_blank\">Kulturnattsprogrammet<\/a><br \/>\nHattaff\u00e4ren \u00c5kerlind &amp; Janzon <a title=\"Facebook\" href=\"https:\/\/www.facebook.com\/events\/346723008838590\/%20\" target=\"_blank\">Facebook<\/a><br \/>\nK\u00f6rmaraton och Singalong <a title=\"Facebook\" href=\"https:\/\/www.facebook.com\/events\/629749823790929\/?fref=ts\" target=\"_blank\">Facebook<\/a> <a title=\"Info\" href=\"http:\/\/www.norrkopingssymfoniorkester.se\/filer\/Operasingalong.pdf\" target=\"_blank\">Opera-texterna<\/a><\/p>\n<p># 1 \u2013 S\u00e4kert eller Os\u00e4kert p\u00e5 Kulturnatten? <a title=\"# 1 \u2013 S\u00e4kert eller Os\u00e4kert p\u00e5 Kulturnatten?\" href=\"https:\/\/www.kultursidan.nu\/?p=16958\" target=\"_blank\">tips<\/a> Kultursidan.nu 23\/9 2014<\/p>\n","protected":false},"excerpt":{"rendered":"<p>NORRK\u00d6PING K\u00f6rmaraton flyttar in i De Geerhallen. Singalong f\u00f6r b\u00e5de barn och operafantaster. Antikvariatets mys och mytologiska Hattaff\u00e4ren. Kultursidan.nu:s medarbetare tipsar. <a class=\"continue-reading-link\" href=\"https:\/\/www.kultursidan.nu\/?p=17034\">L\u00e4s mer <span class=\"meta-nav\">&rarr; <\/span><\/a><\/p>\n","protected":false},"author":1001006,"featured_media":0,"comment_status":"closed","ping_status":"open","sticky":false,"template":"","format":"standard","meta":{"_jetpack_memberships_contains_paid_content":false,"footnotes":""},"categories":[7],"tags":[36],"class_list":["post-17034","post","type-post","status-publish","format-standard","hentry","category-norrkoping","tag-kulturnatten"],"jetpack_featured_media_url":"","jetpack_sharing_enabled":true,"_links":{"self":[{"href":"https:\/\/www.kultursidan.nu\/index.php?rest_route=\/wp\/v2\/posts\/17034","targetHints":{"allow":["GET"]}}],"collection":[{"href":"https:\/\/www.kultursidan.nu\/index.php?rest_route=\/wp\/v2\/posts"}],"about":[{"href":"https:\/\/www.kultursidan.nu\/index.php?rest_route=\/wp\/v2\/types\/post"}],"author":[{"embeddable":true,"href":"https:\/\/www.kultursidan.nu\/index.php?rest_route=\/wp\/v2\/users\/1001006"}],"replies":[{"embeddable":true,"href":"https:\/\/www.kultursidan.nu\/index.php?rest_route=%2Fwp%2Fv2%2Fcomments&post=17034"}],"version-history":[{"count":0,"href":"https:\/\/www.kultursidan.nu\/index.php?rest_route=\/wp\/v2\/posts\/17034\/revisions"}],"wp:attachment":[{"href":"https:\/\/www.kultursidan.nu\/index.php?rest_route=%2Fwp%2Fv2%2Fmedia&parent=17034"}],"wp:term":[{"taxonomy":"category","embeddable":true,"href":"https:\/\/www.kultursidan.nu\/index.php?rest_route=%2Fwp%2Fv2%2Fcategories&post=17034"},{"taxonomy":"post_tag","embeddable":true,"href":"https:\/\/www.kultursidan.nu\/index.php?rest_route=%2Fwp%2Fv2%2Ftags&post=17034"}],"curies":[{"name":"wp","href":"https:\/\/api.w.org\/{rel}","templated":true}]}}