{"id":17097,"date":"2014-09-26T20:41:22","date_gmt":"2014-09-26T19:41:22","guid":{"rendered":"https:\/\/intelligent-friend-7861.standoutwp.com\/?p=17097"},"modified":"2014-09-26T20:41:22","modified_gmt":"2014-09-26T19:41:22","slug":"det-var-som-sjutton-pa-np33","status":"publish","type":"post","link":"https:\/\/www.kultursidan.nu\/?p=17097","title":{"rendered":"Det var som sjutton! p\u00e5 NP33"},"content":{"rendered":"<p><a href=\"https:\/\/www.kultursidan.nu\/wp-content\/uploads\/2014\/09\/Stefan-Ceder1.jpg\"><img loading=\"lazy\" decoding=\"async\" class=\"alignnone size-medium wp-image-17099\" src=\"https:\/\/www.kultursidan.nu\/wp-content\/uploads\/2014\/09\/Stefan-Ceder1-567x279.jpg\" alt=\"Stefan Ceder\" width=\"567\" height=\"279\" srcset=\"https:\/\/www.kultursidan.nu\/wp-content\/uploads\/2014\/09\/Stefan-Ceder1-567x279.jpg 567w, https:\/\/www.kultursidan.nu\/wp-content\/uploads\/2014\/09\/Stefan-Ceder1-1024x505.jpg 1024w, https:\/\/www.kultursidan.nu\/wp-content\/uploads\/2014\/09\/Stefan-Ceder1-150x74.jpg 150w, https:\/\/www.kultursidan.nu\/wp-content\/uploads\/2014\/09\/Stefan-Ceder1.jpg 1280w\" sizes=\"auto, (max-width: 567px) 100vw, 567px\" \/><\/a><\/p>\n<p><em>Stefan Ceder \u00e4r en av 17 konstn\u00e4rer som tar plats p\u00e5 Galleri Sander \/ NP33. Vernissage under Kulturnatten.<\/em><\/p>\n<p>&nbsp;<\/p>\n<h1><span style=\"color: #ff0000;\">Jag tror det handlar om avtryck<\/span><\/h1>\n<p>&nbsp;<\/p>\n<p><strong>Det \u00e4r mycket nu inf\u00f6r Kulturnatten.<\/strong> M\u00e5nga beslut att ta, var ska jag vara? En av akt\u00f6rerna som har v\u00e4xt de senaste \u00e5ren \u00e4r NP33. D\u00e4rf\u00f6r har Eder Flygande Reporter fladdrat f\u00f6rbi f\u00f6r ett f\u00f6rsta intryck av utst\u00e4llningen som ska b\u00f6rja, och jag kan bara s\u00e4ga:<\/p>\n<p>Det var som sjutton!<\/p>\n<p>Ja, det \u00e4r 17 konstn\u00e4rer som fyller upp hela huset. Det finns anledning att \u00e5terkomma till dem, men h\u00e4r \u00e4r en liten snabb v\u00e4gledning.<\/p>\n<p>&nbsp;<\/p>\n<p><iframe loading=\"lazy\" src=\"https:\/\/www.flickr.com\/photos\/kultursidan\/15339304786\/in\/set-72157648051771061\/player\/\" width=\"300\" height=\"400\" frameborder=\"0\" allowfullscreen=\"allowfullscreen\"><\/iframe><br \/>\n<em> Lars Eje Larsson.<\/em><\/p>\n<p>&nbsp;<\/p>\n<p><strong>Stefan Ceder<\/strong> visar visar m\u00e5lade och ristade landskap med en koppling mellan det yttre och inre. Det \u00e4r inte alltid man k\u00e4nner sig helt bekv\u00e4m.<\/p>\n<p><strong>Lars Eje Larsson<\/strong> m\u00e5lar \u201dscener\u201d inspirerad av film i akvarell och akryl i akvarellteknik. Hotfullt och sp\u00e4nnande.<\/p>\n<p><strong>Ricardo Montesdoca<\/strong> visar tittl\u00e5dor d\u00e4r text m\u00f6ter bild p\u00e5 ett surrealistiskt vis. Hur kom jag hit? \u00c4r det verkligen en bulle?<\/p>\n<p><strong>Bertil Hansson<\/strong> presenterar foton p\u00e5 sand och dess omgivningar. Verkligheten blir abstrakt. Och tv\u00e4rtom.<\/p>\n<p>&nbsp;<\/p>\n<p><iframe loading=\"lazy\" src=\"https:\/\/www.flickr.com\/photos\/kultursidan\/15175561439\/in\/set-72157648051771061\/player\/\" width=\"400\" height=\"300\" frameborder=\"0\" allowfullscreen=\"allowfullscreen\"><\/iframe><br \/>\n<em> Ester Hernandez.<\/em><\/p>\n<p>&nbsp;<\/p>\n<p><strong>Esther Hernandez <\/strong>visar oskarpa fotografier p\u00e5 f\u00f6tterna av en kvinna, ikl\u00e4dd r\u00f6d kl\u00e4nning, som man skulle vilja l\u00e4ra k\u00e4nna.<\/p>\n<p><strong>Karin Petri Wennstr\u00f6m<\/strong>, har m\u00e5lerisk grafik och grafiskt m\u00e5leri p\u00e5 stora och sm\u00e5 v\u00e4xter och folksamlingar. Jag tror det handlar om avtryck.<\/p>\n<p><strong>Peter Jeppson<\/strong> har installerat och m\u00e5lat. Om han hade verkat p\u00e5 60-talet hade han varit avantgarde, men det vet han inte. M\u00e5lar \u00e4ven p\u00e5 g\u00e5rden och har ritat p\u00e5 f\u00f6nstren p\u00e5 stadsmuseet. Anarkistiskt.<\/p>\n<p><strong>Meriyam Exon<\/strong>, fr\u00e5n Norrk\u00f6ping, delar rum, och samspelar (bra!), med Peter. Hantverksm\u00e4ssigt fl\u00e4tade lampor i grovt rep fr\u00e5n repslageri i Norrk\u00f6ping. Men i orange. Och s\u00e5 stort att man blir glad.<\/p>\n<p><strong>Marie Palmgren<\/strong> visar figurer, av vilka vissa brutit sig ut ur ramen och kl\u00e4ttrar p\u00e5 v\u00e4ggarna, och andra \u00e4r p\u00e5 m\u00e5lningar och ett stort tyg.<\/p>\n<p><strong>Kersti R\u00e5gfelt Strandberg<\/strong> presenterar akvareller en masse, vissa i collage, och 2 stora collografier som \u00e4r ansl\u00e5ende.<\/p>\n<p><strong>Hansi Falc Vobruba<\/strong> har en gigantisk totem i glas. Den \u00e4r monumental och etnisk. N\u00e4r man kan slita blicken fr\u00e5n den ser man flera mindre. Och en rundare r\u00f6dtonad. Och n\u00e5gra uts\u00f6kta vaser.<\/p>\n<p>&nbsp;<\/p>\n<p><iframe loading=\"lazy\" src=\"https:\/\/www.flickr.com\/photos\/kultursidan\/15175789437\/in\/set-72157648051771061\/player\/\" width=\"400\" height=\"305\" frameborder=\"0\" allowfullscreen=\"allowfullscreen\"><\/iframe><br \/>\n<em> Peter Svensson.<\/em><\/p>\n<p>&nbsp;<\/p>\n<p><strong>Helena Elfgren<\/strong> m\u00e5lar utsnitt av stadsmilj\u00f6er i olja som n\u00e4stan \u00e4r abstrakta. Men det finns byggnader. Och man undrar. V\u00e4ldigt mycket.<\/p>\n<p><strong>Berndt Wennstr\u00f6m<\/strong> har oljor och akryl med collage och mixedmedia, men mest m\u00e5leri. En stor, m\u00f6rk, m\u00e5lning p\u00e5 f\u00e5r mig att om det handlar om landskap eller park. Jag g\u00e5r vilse.<\/p>\n<p><strong>Stan Wys<\/strong> skulpturer ekar av Chistian Berg, men dom \u00e4r mindre strama. Och mer erotiska och flamboyanta. Fl\u00f6diga.<\/p>\n<p><strong>\u00c5se Christian Danell<\/strong><strong>s<\/strong> m\u00e5leri \u00e4r l\u00e4tt undflyende. Som ett minne av n\u00e5t man gl\u00f6mt. Skimrande och atmosf\u00e4riskt och aningen bleknande.<\/p>\n<p><strong>Peter Svenssons<\/strong> foto \u00e4r lite ot\u00e4ckt. Hans bilder p\u00e5 rostande bilar \u00e4r behandlat b\u00e5de analogt och digitalt f\u00f6r den b\u00e4sta osk\u00e4rpan. L\u00e4skigt och tyskt.<\/p>\n<p><strong>\u00c5sa L Winterqvist<\/strong> hade tagit tillbaks sina 4 m\u00e5lningar f\u00f6r att f\u00f6rb\u00e4ttra dem ytterligare, s\u00e5 dem har jag inte sett. Men jag antar att de \u00e4r b\u00e4ttre.<\/p>\n<p>Och s\u00e5 ska jag inte tjata om <strong>Shoutin&#8217; Red<\/strong> (mera), men en s\u00e4ker k\u00e4lla (Joakim Sander) p\u00e5st\u00e5r att hon kommer att sitta och spela p\u00e5 bussen. Kanske \u00e5ker jag buss.<\/p>\n<p><em>Text och foto: Michael Strandhed<\/em><\/p>\n<p>BILDSPEL (FLASH) \u2013 KLICKA P\u00c5 BILDEN <em>ALT\/MOBIL: SE BILDSPELET <a title=\"Bildspel\" href=\"https:\/\/www.flickr.com\/photos\/kultursidan\/sets\/72157648051771061\/show\/\" target=\"_blank\">H\u00c4R<\/a><br \/>\n<object width=\"400\" height=\"300\"><param name=\"flashvars\" value=\"offsite=true&amp;lang=en-us&amp;page_show_url=%2Fphotos%2Fkultursidan%2Fsets%2F72157648051771061%2Fshow%2F&amp;page_show_back_url=%2Fphotos%2Fkultursidan%2Fsets%2F72157648051771061%2F&amp;set_id=72157648051771061&amp;jump_to=\" \/><param name=\"movie\" value=\"https:\/\/www.flickr.com\/apps\/slideshow\/show.swf?v=1811922554\" \/><param name=\"allowFullScreen\" value=\"true\" \/><\/object><br \/>\n<\/em><\/p>\n<blockquote>\n<h3><em>GALLERI SANDER\/ NP33 Norrk\u00f6ping<\/em><\/h3>\n<p>27 september \u2013 12 oktober 2014<br \/>\nKulturnatten 27\/9 kl 12\u201324<em><strong><br \/>\n17 konstn\u00e4rer<br \/>\n9 musikakter<\/strong><\/em><\/p>\n<p><em>UTST\u00c4LLNINGAR<\/em><\/p>\n<p style=\"padding-left: 30px;\"><em>Roger Nystr\u00f6m,\u00a0\u00a0\u201dTrumteckningar\u201d\u2028\u2028<\/em><\/p>\n<p style=\"padding-left: 30px;\"><strong><em>Stora Galleriet\u00a0\u2028<\/em><\/strong><br \/>\n<em>Berndt\u00a0Wennstr\u00f6m, m\u00e5leri &amp; grafik\u2028<\/em><br \/>\n<em> Marie Palmgren, m\u00e5leri &amp; grafik\u2028<\/em><br \/>\n<em> Stefan Ceder,\u00a0m\u00e5leri\u2028<\/em><br \/>\n<em> Karin Petri Wennstr\u00f6m, m\u00e5leri &amp; grafik\u2028<\/em><br \/>\n<em> Lars Eje Larsson, m\u00e5leri &amp; grafik \u00a0 \u00a0<\/em><\/p>\n<p style=\"padding-left: 30px;\"><strong><em>Chamberts Rum<br \/>\n<\/em><\/strong><em>\u00c5 C Danell, m\u00e5leri \u00a0 \u00a0\u2028<\/em><br \/>\n<em> Stan Wys, skulptur \u00a0 \u00a0<\/em><\/p>\n<p style=\"padding-left: 30px;\"><strong><em>\u2028\u2028Fotogalleriet<br \/>\n<\/em><\/strong><em>Peter Svensson, foto<\/em><\/p>\n<p style=\"padding-left: 30px;\"><strong><em>V\u00e4stra Galleriet<br \/>\n<\/em><\/strong><em>Helena Elfgren, teckning &amp; grafik \u00a0 \u00a0<\/em><br \/>\n<em> Hansi Vobruba, glas \u00a0 \u00a0<\/em><br \/>\n<em> Kersti R\u00e5gfelt Strandberg, akvarell &amp; grafik \u00a0 \u00a0<\/em><br \/>\n<em> \u00c5sa L Winterqvist, m\u00e5leri \u00a0 \u00a0<\/em><\/p>\n<p style=\"padding-left: 30px;\"><strong><em>\u00d6stra Galleriet<br \/>\n<\/em><\/strong><em>Bertil Hansson, foto \u00a0 \u00a0<\/em><br \/>\n<em> Ricardo Montesdeoca, foto \u00a0 \u00a0<\/em><br \/>\n<em> Esther Hernandez, foto \u00a0 \u00a0 \u00a0 \u00a0<\/em><\/p>\n<p style=\"padding-left: 30px;\"><em><strong>Magasinet<\/strong><br \/>\nPeter Jeppson,\u00a0installation &amp; m\u00e5leri<\/em><br \/>\n<em> Meriyam Exon, lampor &amp; m\u00f6bler<\/em><\/p>\n<p><em>MUSIKPROGRAM\u00a0<\/em><\/p>\n<p style=\"padding-left: 30px;\"><em>kl 12.00\u201312.30\u00a0\u2028<strong>S\u00e5ng-gruppen E.L.S.<\/strong><\/em><br \/>\n<em>kl 13.00\u201313.45\u00a0\u2028<strong>AYLA Quartet <\/strong><\/em><br \/>\n<em> kl 14.00\u201314.40\u00a0\u2028<strong>Jessica H\u00e4gg<\/strong><\/em><br \/>\n<em> kl 15.00\u201315.45\u00a0\u2028<strong>Monica Borrfors med G\u00f6sta Nilsson Trio &amp; Nisse Sandstr\u00f6m\u2028<\/strong><\/em><br \/>\n<em> kl 16.00\u201316.30\u00a0\u2028<strong>The JAHA Experience\u2028<\/strong><\/em><br \/>\n<em> kl 17.00\u201317.30\u00a0\u2028<strong>Shoutin&#8217; Red\u2028<\/strong><\/em><br \/>\n<em> kl 18.00\u201318.45\u2028 <strong>Red Hot Jazzband &amp; Novelty Sisters\u2028<\/strong><\/em><br \/>\n<em> kl 19.00\u201320.00\u2028 <strong>Micke Fall &amp; Matte \u201dLittle King\u201d Gustafsson<\/strong>\u2028<\/em><br \/>\n<em> kl 20.00\u201324.00\u00a0\u2028<strong>Bluesjam Harpmeet, Bluecomets &amp; Train Yard<\/strong>\u2028<\/em><\/p>\n<p><em>KONSTBUSSEN<\/em><\/p>\n<p style=\"padding-left: 30px;\"><em> rullar mellan kl 12 och 23, p\u00e5 ett ungef\u00e4r.<\/em><br \/>\n<em>H\u00e5llplatserna \u00e4r Kn\u00e4ppingsborg, Konstmuseet, NP33 och Konstforum<\/em><\/p>\n<\/blockquote>\n<p>L\u00c4NKAR<br \/>\nNP33 <a title=\"Galleri Sander\/NP33\" href=\"http:\/\/www.np33.se\" target=\"_blank\">hemsida<\/a> <a title=\"Facebook\" href=\"https:\/\/www.facebook.com\/np33.se?ref=bookmarks\" target=\"_blank\">Facebook<\/a><\/p>\n","protected":false},"excerpt":{"rendered":"<p>NORRK\u00d6PING Det \u00e4r mycket nu inf\u00f6r Kulturnatten. M\u00e5nga beslut att ta, var ska jag vara? En av akt\u00f6rerna som har v\u00e4xt de senaste \u00e5ren \u00e4r NP33. H\u00e4r \u00e4r en snabb v\u00e4gledning till 17 konstn\u00e4rer. Och en lista p\u00e5 musiken. <a class=\"continue-reading-link\" href=\"https:\/\/www.kultursidan.nu\/?p=17097\">L\u00e4s mer <span class=\"meta-nav\">&rarr; <\/span><\/a><\/p>\n","protected":false},"author":1001006,"featured_media":0,"comment_status":"closed","ping_status":"open","sticky":false,"template":"","format":"standard","meta":{"_jetpack_memberships_contains_paid_content":false,"footnotes":""},"categories":[7],"tags":[14,13],"class_list":["post-17097","post","type-post","status-publish","format-standard","hentry","category-norrkoping","tag-konst","tag-musik"],"jetpack_featured_media_url":"","jetpack_sharing_enabled":true,"_links":{"self":[{"href":"https:\/\/www.kultursidan.nu\/index.php?rest_route=\/wp\/v2\/posts\/17097","targetHints":{"allow":["GET"]}}],"collection":[{"href":"https:\/\/www.kultursidan.nu\/index.php?rest_route=\/wp\/v2\/posts"}],"about":[{"href":"https:\/\/www.kultursidan.nu\/index.php?rest_route=\/wp\/v2\/types\/post"}],"author":[{"embeddable":true,"href":"https:\/\/www.kultursidan.nu\/index.php?rest_route=\/wp\/v2\/users\/1001006"}],"replies":[{"embeddable":true,"href":"https:\/\/www.kultursidan.nu\/index.php?rest_route=%2Fwp%2Fv2%2Fcomments&post=17097"}],"version-history":[{"count":0,"href":"https:\/\/www.kultursidan.nu\/index.php?rest_route=\/wp\/v2\/posts\/17097\/revisions"}],"wp:attachment":[{"href":"https:\/\/www.kultursidan.nu\/index.php?rest_route=%2Fwp%2Fv2%2Fmedia&parent=17097"}],"wp:term":[{"taxonomy":"category","embeddable":true,"href":"https:\/\/www.kultursidan.nu\/index.php?rest_route=%2Fwp%2Fv2%2Fcategories&post=17097"},{"taxonomy":"post_tag","embeddable":true,"href":"https:\/\/www.kultursidan.nu\/index.php?rest_route=%2Fwp%2Fv2%2Ftags&post=17097"}],"curies":[{"name":"wp","href":"https:\/\/api.w.org\/{rel}","templated":true}]}}