{"id":17192,"date":"2014-10-03T16:38:30","date_gmt":"2014-10-03T15:38:30","guid":{"rendered":"https:\/\/intelligent-friend-7861.standoutwp.com\/?p=17192"},"modified":"2014-12-29T16:13:55","modified_gmt":"2014-12-29T15:13:55","slug":"arets-flimrande-filmfestival-har-borjat","status":"publish","type":"post","link":"https:\/\/www.kultursidan.nu\/?p=17192","title":{"rendered":"\u00c5rets flimrande filmfestival har b\u00f6rjat"},"content":{"rendered":"<p><a href=\"https:\/\/www.kultursidan.nu\/wp-content\/uploads\/2014\/10\/the-skeleton-twins02.jpg\"><img loading=\"lazy\" decoding=\"async\" class=\"alignnone size-medium wp-image-17193\" src=\"https:\/\/www.kultursidan.nu\/wp-content\/uploads\/2014\/10\/the-skeleton-twins02-567x284.jpg\" alt=\"The Skeleton Twins\" width=\"567\" height=\"284\" srcset=\"https:\/\/www.kultursidan.nu\/wp-content\/uploads\/2014\/10\/the-skeleton-twins02-567x284.jpg 567w, https:\/\/www.kultursidan.nu\/wp-content\/uploads\/2014\/10\/the-skeleton-twins02-150x75.jpg 150w, https:\/\/www.kultursidan.nu\/wp-content\/uploads\/2014\/10\/the-skeleton-twins02.jpg 609w\" sizes=\"auto, (max-width: 567px) 100vw, 567px\" \/><\/a><br \/>\n<em>Invigningsfilm. The Skeleton Twins har Sverigepremi\u00e4r p\u00e5 Cnema ikv\u00e4ll.<\/em><\/p>\n<p>&nbsp;<\/p>\n<h1><span style=\"color: #ff0000;\">Skrapkort till luktfilmen Polyester<br \/>\n<\/span><\/h1>\n<p>&nbsp;<\/p>\n<p><strong>The <em>Skeleton Twins<\/em>, amerikansk independence inviger filmfestivalen Flimmer ikv\u00e4ll.<\/strong> Svenska <em>All We Have is Now<\/em> om punkbandet Volcano avslutar den n\u00e4sta s\u00f6ndag. Dessemellan visas hur mycket film som helst. Och siffran 60 kommer att blinka till lite h\u00e4r och d\u00e4r, Flimmer jubilerar ju i \u00e5r.<\/p>\n<p>\u00c5tta filmer per dag under vardagarna, fr\u00e5n klockan 16 och till sen kv\u00e4ll. Under helgerna \u00e4r det full rulle \u2013 om det inte var f\u00f6r att film \u00e4r en digital historia nu f\u00f6r tiden. Spelfilmer, Panorama, klassiker \u2013 Marlene Dietrich i <em>Den bl\u00e5 \u00e4ngeln<\/em> (60 \u00e5r sedan premi\u00e4rvisningen), smala rullar, Dox, Midnattsflimmer och kortfilmer. Men inte barnfilm, det har filmfestivalen sl\u00e4ppt sedan n\u00e5gra \u00e5r.<\/p>\n<p>&nbsp;<\/p>\n<p><iframe loading=\"lazy\" src=\"https:\/\/www.flickr.com\/photos\/kultursidan\/15428706522\/in\/set-72157647911662729\/player\/\" width=\"400\" height=\"200\" frameborder=\"0\" allowfullscreen=\"allowfullscreen\"><\/iframe><br \/>\n<em>Kr\u00e4vs det en psykolog f\u00f6r att se p\u00e5 The Eternal Return of Antonis Paraskevas?<\/em><\/p>\n<p>&nbsp;<\/p>\n<p><strong>Flimmer \u00e4r s\u00e5 mycket mer \u00e4n bara film.<\/strong> Man kan ju titta p\u00e5 film tillsammans och prata om den efter\u00e5t. Psykologer tittar p\u00e5 film \u00e4r ett s\u00e5dant tillf\u00e4lle, ett evenemang som f\u00f6ddes i Stockholm f\u00f6r n\u00e5gra \u00e5r sedan och blev en f\u00f6rening som snart spreds till Flimmer. \u00c5rets film \u00e4r grekiska <em>The Eternal Return of Antonis Paraskevas<\/em> (textad till engelska) och \u00e5rets psykolog \u00e4r Jenny J\u00e4gerfeldt.<\/p>\n<p>Andra event \u00e4r mysiga <em>Filmquiz<\/em> \u2013 ett blinkar med jubileumssiffran 60. <em>Pink Flimmer<\/em> p\u00e5 Bredgatan 54 h\u00e4vdar att rosa aldrig \u00e4r fel. Dans i \u00d6st presenterar dansfilmer och arrangerar trivsam dansfilmsfrukost. Mer mysko \u00e4r luktfilm \u2013 med biobiljetten till filmen <em>Polyester<\/em> f\u00f6ljer ett skrapkort. P\u00e5 Dynamo blir det f\u00f6rst\u00e5s stor Flimmerfest sista l\u00f6rdagskv\u00e4llen.<\/p>\n<p><strong>Nytt f\u00f6r i \u00e5r \u00e4r <em>\u00d6stg\u00f6tska Filmbranschdagen<\/em>, en dag f\u00f6r regionens alla filmakt\u00f6rer arrangerad av Film i \u00d6st.<\/strong> Branschen har stort hopp om framtiden med politiker som jobbar f\u00f6r en regional filmfond. Norrk\u00f6ping ser ut att g\u00e5 f\u00f6re med en lokal filmpott.<\/p>\n<p>Vet man vad man ska leta efter s\u00e5 hittar man ocks\u00e5 <em>Guldsvanen<\/em> i Flimmers program (l\u00e4ngst ner p\u00e5 sidan 23), den regionala kortfilmst\u00e4vlingen f\u00f6r unga filmare. De som vinner h\u00e4r g\u00e5r vidare till <em>Novemberfestivalen<\/em> i Trollh\u00e4ttan.<\/p>\n<p><em>Text: Ann-Charlotte Sandelin<br \/>\nFoto: Filmbolagen\/Flimmer<br \/>\n<\/em><\/p>\n<p>BILDSPEL (FLASH) \u2013 KLICKA P\u00c5 BILDEN <em>ALT\/MOBIL: SE BILDSPELET <a title=\"Bildspel\" href=\"https:\/\/www.flickr.com\/photos\/kultursidan\/sets\/72157647911662729\/show\/\" target=\"_blank\">H\u00c4R<\/a><\/em><br \/>\n<object width=\"400\" height=\"300\"><param name=\"flashvars\" value=\"offsite=true&amp;lang=en-us&amp;page_show_url=%2Fphotos%2Fkultursidan%2Fsets%2F72157647911662729%2Fshow%2F&amp;page_show_back_url=%2Fphotos%2Fkultursidan%2Fsets%2F72157647911662729%2F&amp;set_id=72157647911662729&amp;jump_to=\" \/><param name=\"movie\" value=\"https:\/\/www.flickr.com\/apps\/slideshow\/show.swf?v=1811922554\" \/><param name=\"allowFullScreen\" value=\"true\" \/><\/object><\/p>\n<blockquote>\n<h3><em>CNEMA Norrk\u00f6ping<\/em><\/h3>\n<p>3 \u2013 12 oktober 2014<em><br \/>\n<strong>Flimmer filmfestival<\/strong><\/em><br \/>\n<em> Arr: Filmf\u00f6reningen Flimmer<\/em><\/p><\/blockquote>\n<p>L\u00c4NKAR<br \/>\nFlimmer <a title=\"Flimmer\" href=\"http:\/\/flimmer.nu%20\" target=\"_blank\">hemsida<\/a> <a title=\"Facebook\" href=\"https:\/\/www.facebook.com\/pages\/Filmf%C3%B6reningen-Flimmer\/207101385993917?fref=ts\" target=\"_blank\">Facebook<\/a> <a title=\"Program\" href=\"http:\/\/flimmer.nu\/filmfestival\/festivalprogram\" target=\"_blank\">program<\/a><\/p>\n","protected":false},"excerpt":{"rendered":"<p>NORRK\u00d6PING The Skeleton Twins, amerikansk independence inviger filmfestivalen Flimmer ikv\u00e4ll. Svenska All we have is now om punkbandet Volcano avslutar den n\u00e4sta s\u00f6ndag. Dessemellan visas hur mycket film som helst. <a class=\"continue-reading-link\" href=\"https:\/\/www.kultursidan.nu\/?p=17192\">L\u00e4s mer <span class=\"meta-nav\">&rarr; <\/span><\/a><\/p>\n","protected":false},"author":1001006,"featured_media":0,"comment_status":"closed","ping_status":"open","sticky":false,"template":"","format":"standard","meta":{"_jetpack_memberships_contains_paid_content":false,"footnotes":""},"categories":[7],"tags":[29,38],"class_list":["post-17192","post","type-post","status-publish","format-standard","hentry","category-norrkoping","tag-festival","tag-film"],"jetpack_featured_media_url":"","jetpack_sharing_enabled":true,"_links":{"self":[{"href":"https:\/\/www.kultursidan.nu\/index.php?rest_route=\/wp\/v2\/posts\/17192","targetHints":{"allow":["GET"]}}],"collection":[{"href":"https:\/\/www.kultursidan.nu\/index.php?rest_route=\/wp\/v2\/posts"}],"about":[{"href":"https:\/\/www.kultursidan.nu\/index.php?rest_route=\/wp\/v2\/types\/post"}],"author":[{"embeddable":true,"href":"https:\/\/www.kultursidan.nu\/index.php?rest_route=\/wp\/v2\/users\/1001006"}],"replies":[{"embeddable":true,"href":"https:\/\/www.kultursidan.nu\/index.php?rest_route=%2Fwp%2Fv2%2Fcomments&post=17192"}],"version-history":[{"count":0,"href":"https:\/\/www.kultursidan.nu\/index.php?rest_route=\/wp\/v2\/posts\/17192\/revisions"}],"wp:attachment":[{"href":"https:\/\/www.kultursidan.nu\/index.php?rest_route=%2Fwp%2Fv2%2Fmedia&parent=17192"}],"wp:term":[{"taxonomy":"category","embeddable":true,"href":"https:\/\/www.kultursidan.nu\/index.php?rest_route=%2Fwp%2Fv2%2Fcategories&post=17192"},{"taxonomy":"post_tag","embeddable":true,"href":"https:\/\/www.kultursidan.nu\/index.php?rest_route=%2Fwp%2Fv2%2Ftags&post=17192"}],"curies":[{"name":"wp","href":"https:\/\/api.w.org\/{rel}","templated":true}]}}