{"id":1728,"date":"2011-05-30T11:19:40","date_gmt":"2011-05-30T09:19:40","guid":{"rendered":"https:\/\/intelligent-friend-7861.standoutwp.com\/?p=1728"},"modified":"2016-12-12T08:15:24","modified_gmt":"2016-12-12T07:15:24","slug":"bilden-av-det-goda-sverige-ifragasatts-pa-verkstad","status":"publish","type":"post","link":"https:\/\/www.kultursidan.nu\/?p=1728","title":{"rendered":"Bilden av Det goda Sverige ifr\u00e5gas\u00e4tts p\u00e5 Verkstad"},"content":{"rendered":"<p><iframe loading=\"lazy\" src=\"https:\/\/www.flickr.com\/photos\/kultursidan\/5774869795\/player\/\" width=\"500\" height=\"464\" frameborder=\"0\" allowfullscreen=\"allowfullscreen\"><\/iframe><br \/>\n<em>M\u00f6rka gestalter \u00f6ver ett blodr\u00f6tt land. P\u00e5 onsdag kan vi se en gestaltning som fokuserar p\u00e5 m\u00f6rka delar av Sveriges historia.<\/em><\/p>\n<p>&nbsp;<\/p>\n<h1><span style=\"color: #ff0000;\">En m\u00f6rkare ber\u00e4ttelse<\/span><\/h1>\n<p>&nbsp;<\/p>\n<p><strong>Segraren skriver historien \u2013 en urlakad sanning men \u00e4nd\u00e5 inte en l\u00f6gn.<\/strong> Moderna historiker av facket gr\u00e4ver i arkiven och publicerar st\u00e4ndigt nytt material som f\u00f6rdjupar och nyanserar bilden av det som skett \u2013 nyligen eller f\u00f6r l\u00e4nge sedan.<\/p>\n<p>Men de klarar inte av att rucka p\u00e5 den \u00f6vergripande bilden, att Sverige \u00e4r ett tolerant och \u00f6ppet samh\u00e4lle.<\/p>\n<p><strong>Sverigebilden i dag ber\u00e4ttar g\u00e4rna om framstegen,<\/strong> om framv\u00e4xten av det moderna samh\u00e4llet. Den forskning som gjorts och som visar p\u00e5 det modernas m\u00f6rka sidor, om det som g\u00f6mts undan och f\u00f6rtryckts, har inte n\u00e5tt fram tillr\u00e4ckligt f\u00f6r att rucka p\u00e5 den skinande sj\u00e4lvbilden, som f\u00f6rblir stabil bakgrund till alla rapporter som mots\u00e4ger dess enhetlighet.<\/p>\n<p>Det menar de fem studenter som nu genomf\u00f6r eventet Det goda Sverige under en heldag den 1 juni. M\u00e5let \u00e4r att belysa dunkla och mindre uppm\u00e4rksammade h\u00e4ndelser i nyare svensk historia med fokus p\u00e5 f\u00f6rtryck och rasism.<\/p>\n<p>\u2013 Vi menar att delar av Sveriges historia inte f\u00e5tt det mediala och samh\u00e4lleliga genomslag de f\u00f6rtj\u00e4nar. P\u00e5 s\u00e5 s\u00e4tt kan grymma tankem\u00f6nster leva vidare \u00e4n idag, utan att ifr\u00e5gas\u00e4ttas, skriver de i ett pressmeddelande.<\/p>\n<p><strong>I Verkstads ruffiga lokaler <\/strong><strong>kan man vandra l\u00e4ngs en tidslinje<\/strong> genom Sveriges m\u00f6rka historia med nedslag i h\u00e4ndelser fr\u00e5n slutet av 1800-talet fram till idag. Det blir musik, blandade medieformer s\u00e5som projektioner, installationer, informativa element och levande inslag.<\/p>\n<p><em>Text: Ann-Charlotte Sandelin<\/em><\/p>\n<ul>\n<li>VERKSTAD Norrk\u00f6ping<\/li>\n<li><em>1 juni 2011 kl 10-15, kl 18-23<\/em><br \/>\n<strong>Det goda Sverige<\/strong><\/li>\n<\/ul>\n<p>L\u00c4NKAR<br \/>\n<a title=\"Myten om det goda Sverige, DN\" href=\"http:\/\/www.dn.se\/nyheter\/sverige\/myten-om-det-goda-sverige\" target=\"_blank\">Det goda Sverige<br \/>\nMyten om det goda Sverige<\/a> intervju med Helene L\u00f6\u00f6w, DN 27\/10 2010<br \/>\n<a title=\"Om\u00e4nskligt\" href=\"http:\/\/www.omanskligt.se\/\" target=\"_blank\">Om\u00e4nskligt<\/a> utst\u00e4llning med levande hemsida i samproduktione mellan <a href=\"http:\/\/www.etnografiska.se\/smvk\/jsp\/polopoly.jsp?d=1657\">Etnografiska museet<\/a>, <a href=\"http:\/\/www.levandehistoria.se\/\">Forum f\u00f6r levande historia <\/a>och <a href=\"http:\/\/www.riksutstallningar.se\/\">Riksutst\u00e4llningar<\/a>\u00a0<a title=\"Utrota varenda j\u00e4vel, Wikipedia\" href=\"http:\/\/sv.wikipedia.org\/wiki\/Utrota_varenda_j\u00e4vel\" target=\"_blank\"><br \/>\nUtrota varenda j\u00e4vel<\/a> bok av Sven Lindqvist 1992<br \/>\n<a title=\"V\u00e5r m\u00f6rka historia, trailer\" href=\"http:\/\/www.youtube.com\/watch?v=3PSuJa9ST0s&amp;feature=related\" target=\"_blank\">V\u00e5r m\u00f6rka historia<\/a> Gustaf Fridolin och Laikafilm (trailer)<\/p>\n","protected":false},"excerpt":{"rendered":"<p>NORRK\u00d6PING Bevisen om motsatsen tycks inte f\u00f6rm\u00e5 rucka p\u00e5 den sj\u00e4lvbilden om Sverige som ett tolerant och v\u00e4nligt land. Fem studenter bygger under ett endagsevent en tidslinje som skildrar de m\u00f6rka sidorna av v\u00e5r historia, baksidan av det moderna Sverige. <a class=\"continue-reading-link\" href=\"https:\/\/www.kultursidan.nu\/?p=1728\">L\u00e4s mer <span class=\"meta-nav\">&rarr; <\/span><\/a><\/p>\n","protected":false},"author":1001006,"featured_media":0,"comment_status":"closed","ping_status":"open","sticky":false,"template":"","format":"standard","meta":{"_jetpack_memberships_contains_paid_content":false,"footnotes":""},"categories":[7],"tags":[15,47],"class_list":["post-1728","post","type-post","status-publish","format-standard","hentry","category-norrkoping","tag-debatt","tag-utstallning"],"jetpack_featured_media_url":"","jetpack_sharing_enabled":true,"_links":{"self":[{"href":"https:\/\/www.kultursidan.nu\/index.php?rest_route=\/wp\/v2\/posts\/1728","targetHints":{"allow":["GET"]}}],"collection":[{"href":"https:\/\/www.kultursidan.nu\/index.php?rest_route=\/wp\/v2\/posts"}],"about":[{"href":"https:\/\/www.kultursidan.nu\/index.php?rest_route=\/wp\/v2\/types\/post"}],"author":[{"embeddable":true,"href":"https:\/\/www.kultursidan.nu\/index.php?rest_route=\/wp\/v2\/users\/1001006"}],"replies":[{"embeddable":true,"href":"https:\/\/www.kultursidan.nu\/index.php?rest_route=%2Fwp%2Fv2%2Fcomments&post=1728"}],"version-history":[{"count":0,"href":"https:\/\/www.kultursidan.nu\/index.php?rest_route=\/wp\/v2\/posts\/1728\/revisions"}],"wp:attachment":[{"href":"https:\/\/www.kultursidan.nu\/index.php?rest_route=%2Fwp%2Fv2%2Fmedia&parent=1728"}],"wp:term":[{"taxonomy":"category","embeddable":true,"href":"https:\/\/www.kultursidan.nu\/index.php?rest_route=%2Fwp%2Fv2%2Fcategories&post=1728"},{"taxonomy":"post_tag","embeddable":true,"href":"https:\/\/www.kultursidan.nu\/index.php?rest_route=%2Fwp%2Fv2%2Ftags&post=1728"}],"curies":[{"name":"wp","href":"https:\/\/api.w.org\/{rel}","templated":true}]}}