{"id":1754,"date":"2011-06-03T09:47:04","date_gmt":"2011-06-03T07:47:04","guid":{"rendered":"https:\/\/intelligent-friend-7861.standoutwp.com\/?p=1754"},"modified":"2016-01-30T08:12:19","modified_gmt":"2016-01-30T07:12:19","slug":"kraksangen-lyfter-prastens-lilla-kraka","status":"publish","type":"post","link":"https:\/\/www.kultursidan.nu\/?p=1754","title":{"rendered":"Kr\u00e5ks\u00e5ngen lyfter Pr\u00e4stens lilla kr\u00e5ka"},"content":{"rendered":"<p><iframe loading=\"lazy\" src=\"https:\/\/www.flickr.com\/photos\/kultursidan\/5786320645\/in\/set-72157626860871120\/player\/\" width=\"500\" height=\"332\" frameborder=\"0\" allowfullscreen=\"allowfullscreen\"><\/iframe><br \/>\n<em>Ljus och fr\u00e4scht. Den helvita entr\u00e9n slog an tonen f\u00f6r kv\u00e4llen. Fr\u00e5n v\u00e4nster Johan Klarbrant, Lotta K\u00e4llstr\u00f6m, Denny Lekstr\u00f6m, Pontus Helander, Anders H\u00e5kansson och Carina Perenkranz.<\/em><\/p>\n<p>&nbsp;<\/p>\n<h1><span style=\"color: #ff0000;\">Kr\u00e5korna slinker b\u00e5de hit och dit, men aldrig ner i diket<\/span><\/h1>\n<p>&nbsp;<\/p>\n<p><strong>Traditionsenligt visar Chopp Event i samarbete med Louis de Geer sommarrevy p\u00e5 Kr\u00e5kholmen.<\/strong> \u00c5rets upplaga b\u00e4r titeln <em>Pr\u00e4stens lilla kr\u00e5ka<\/em>. Medverkar g\u00f6r som vanligt parh\u00e4starna Pontus Helander och Carina Perenkranz, och de har dessutom s\u00e4llskap av Denny Lekstr\u00f6m, Anders H\u00e5kansson, Johan Klarbrant och Lotta K\u00e4llstr\u00f6m. Ensemblen st\u00e5r \u00e4ven f\u00f6r regin och texter till flera av de framf\u00f6rda numren.<\/p>\n<p>I god revyanda varvas s\u00e5ng- och dansnummer med sketcher, fyllda av drastiska situationer och fr\u00e4cka vitsar. V\u00e4lk\u00e4nda personer parodieras; internationella storheter som Dolly Parton s\u00e5v\u00e4l som lokalt f\u00f6rankrade namn som Lars Stjernkvist. Redan i inledningsnumret \u201dHet \u00f6ppning\u201d \u2013 en svensk variant av Donna Summers \u201dHot Stuff\u201d \u2013 f\u00e5r publiken veta att det enda syftet med revyn \u00e4r att roa. Till viss del lyckas ensemblen uppn\u00e5 sitt syfte.<\/p>\n<p>Efter den fartiga inledningen tappar f\u00f6rest\u00e4llningen ganska snart tempo och det \u00e4r inte f\u00f6rr\u00e4n i f\u00f6rsta aktens avslutningsnummer, schlagermixen \u201dH\u00e4rliga sommar\u201d, som pulsen \u00f6kar igen.<\/p>\n<p><strong>Andra akten startar med ett mycket v\u00e4l genomf\u00f6rt Blues Brothers-medley<\/strong>, d\u00e4r Lekstr\u00f6m, H\u00e5kansson och Klarbrant i minsta gest och danssteg liknar John Belushis och Dan Aykroyds kultf\u00f6rklarade bluesbr\u00f6der.<\/p>\n<p>Strax d\u00e4rp\u00e5 upptr\u00e4der Lotta K\u00e4llstr\u00f6m trov\u00e4rdigt som Dolly Parton. Hon f\u00e5r d\u00e5 verkligen m\u00f6jlighet att demonstrera sina r\u00f6stresurser, samtidigt som hon f\u00e5r f\u00e4lla kv\u00e4llens roligaste replik: \u201dDet \u00e4r dyrt att se s\u00e5 h\u00e4r billig ut!\u201d<\/p>\n<p>Helander imponerar sedan d\u00e5 han framf\u00f6r en variant av Jussi Bj\u00f6rlings paradnummer \u201dSverige\u201d, och Perenkranz f\u00e5r publiken att skratta d\u00e5 hon p\u00e5 ett Laila Westersund-liknande s\u00e4tt upptr\u00e4der som kvinnlig grovarbetare. F\u00f6rest\u00e4llningen avslutas f\u00f6rtj\u00e4nstfullt med Bj\u00f6rn Skifs 1970-talsklassiker \u201c\u201dH\u00e4rligt h\u00e4rligt, men farligt farligt\u201d.<\/p>\n<p><strong>Det \u00e4r genomg\u00e5ende s\u00e5ng- och dansnumren som lyfter \u201dPr\u00e4stens lilla kr\u00e5ka\u201d.<\/strong> D\u00e4r ger de medverkande vid ett flertal tillf\u00e4llen prov p\u00e5 b\u00e5de charm och kunnighet. I sketcherna haltar dock ibland deras insatser bet\u00e4nkligt. Det faktum att man till \u00e5rets f\u00f6rest\u00e4llning har valt att l\u00e5ta hela ensemblen agera regiss\u00f6rer har s\u00e4kerligen p\u00e5verkat det n\u00e5got oj\u00e4mna slutresultatet.<\/p>\n<p>Fredrik \u201dFredde\u201d Andersson och Maria Olofsson har visserligen ryckt in som r\u00e5dgivande \u201dshowdoktorer\u201d, men faktum kvarst\u00e5r. N\u00e5gon b\u00f6r absolut styra kr\u00e5kt\u00e5get, annars \u00e4r det som bekant l\u00e4tt att det slinker ner i diket.<\/p>\n<p>S\u00e5 illa slutar det emellertid inte den h\u00e4r g\u00e5ngen. I synnerhet den andra akten \u00e4r ett stycke l\u00e4ttsam underh\u00e5llning som s\u00e4kerligen kommer att roa en m\u00e4ngd \u00f6stg\u00f6tar fram till slutet av augusti.<\/p>\n<p><em>Text: Lars-Ove \u00d6stensson<br \/>\nFoto: Sven \u00c5ke Molund<\/em><\/p>\n<p>&nbsp;<\/p>\n<ul>\n<li>\n<h3>KR\u00c5KHOLMEN Norrk\u00f6ping<\/h3>\n<\/li>\n<li><em>31 maj \u2013 26 augusti 2011<\/em><br \/>\n<strong>Pr\u00e4stens lilla kr\u00e5ka<\/strong><\/li>\n<li>Medverkande: Pontus Helander, Carina Perenkranz, Lotta K\u00e4llstr\u00f6m, Johan Klarbrant, Denny Lekstr\u00f6m och Anders H\u00e5kansson<\/li>\n<li>speldatum<br \/>\nmaj: 31<br \/>\njuni: 1, 7, 8, 13, 14, 15, 17, 21, 22, 30<br \/>\njuli: 1<br \/>\naugusti: 2, 3, 4, 9, 10, 16, 17, 23, 24<\/li>\n<\/ul>\n<p>L\u00c4NKAR<br \/>\n<a title=\"ChoppEvent\" href=\"http:\/\/www.choppevent.se\/\" target=\"_blank\">ChoppEvent \/ Skandiateatern<br \/>\n<\/a><a title=\"Louis de Geer\" href=\"http:\/\/www.louisdegeer.se\/\" target=\"_blank\">Louis de Geer<br \/>\n<\/a><a title=\"Pr\u00e4stens lilla kr\u00e5ka p\u00e5 Kr\u00e5kholmen\" href=\"https:\/\/www.kultursidan.nu\/?p=1737\" target=\"_blank\">Tv\u00e5 debutanter slinker in i \u00e5rets revy<\/a> Kultursidan.nu 31\/5 2011<\/p>\n<p>BILDSPEL (FLASH) \u2013 KLICKA P\u00c5 BILDEN <em>ALT\/MOBIL \u2013 KLICKA <a title=\"Bildspel\" href=\"https:\/\/www.flickr.com\/photos\/kultursidan\/sets\/72157626860871120\/show\/\" target=\"_blank\">H\u00c4R<\/a><\/em><br \/>\n<object width=\"400\" height=\"300\"><param name=\"flashvars\" value=\"offsite=true&amp;lang=en-us&amp;page_show_url=%2Fphotos%2Fkultursidan%2Fsets%2F72157626860871120%2Fshow%2F&amp;page_show_back_url=%2Fphotos%2Fkultursidan%2Fsets%2F72157626860871120%2F&amp;set_id=72157626860871120&amp;jump_to=\" \/><param name=\"movie\" value=\"https:\/\/www.flickr.com\/apps\/slideshow\/show.swf?v=1811922554\" \/><param name=\"allowFullScreen\" value=\"true\" \/><\/object><\/p>\n","protected":false},"excerpt":{"rendered":"<p>Fartig inledning, tempotapp och h\u00f6jd puls igen. S\u00e5ng- och dansnumren lyfter 10-\u00e5rsjubilerande revyn p\u00e5 Kr\u00e5kholmen. Det \u00e4r l\u00e4ttsam underh\u00e5llning i god revyanda med m\u00e5nga egna nummer och h\u00e4rliga parodier\/hyllningar, bland annat till Jussi Bj\u00f6rling.  <a class=\"continue-reading-link\" href=\"https:\/\/www.kultursidan.nu\/?p=1754\">L\u00e4s mer <span class=\"meta-nav\">&rarr; <\/span><\/a><\/p>\n","protected":false},"author":1001006,"featured_media":0,"comment_status":"closed","ping_status":"open","sticky":false,"template":"","format":"standard","meta":{"_jetpack_memberships_contains_paid_content":false,"footnotes":""},"categories":[7],"tags":[33],"class_list":["post-1754","post","type-post","status-publish","format-standard","hentry","category-norrkoping","tag-revy"],"jetpack_featured_media_url":"","jetpack_sharing_enabled":true,"_links":{"self":[{"href":"https:\/\/www.kultursidan.nu\/index.php?rest_route=\/wp\/v2\/posts\/1754","targetHints":{"allow":["GET"]}}],"collection":[{"href":"https:\/\/www.kultursidan.nu\/index.php?rest_route=\/wp\/v2\/posts"}],"about":[{"href":"https:\/\/www.kultursidan.nu\/index.php?rest_route=\/wp\/v2\/types\/post"}],"author":[{"embeddable":true,"href":"https:\/\/www.kultursidan.nu\/index.php?rest_route=\/wp\/v2\/users\/1001006"}],"replies":[{"embeddable":true,"href":"https:\/\/www.kultursidan.nu\/index.php?rest_route=%2Fwp%2Fv2%2Fcomments&post=1754"}],"version-history":[{"count":0,"href":"https:\/\/www.kultursidan.nu\/index.php?rest_route=\/wp\/v2\/posts\/1754\/revisions"}],"wp:attachment":[{"href":"https:\/\/www.kultursidan.nu\/index.php?rest_route=%2Fwp%2Fv2%2Fmedia&parent=1754"}],"wp:term":[{"taxonomy":"category","embeddable":true,"href":"https:\/\/www.kultursidan.nu\/index.php?rest_route=%2Fwp%2Fv2%2Fcategories&post=1754"},{"taxonomy":"post_tag","embeddable":true,"href":"https:\/\/www.kultursidan.nu\/index.php?rest_route=%2Fwp%2Fv2%2Ftags&post=1754"}],"curies":[{"name":"wp","href":"https:\/\/api.w.org\/{rel}","templated":true}]}}