{"id":17728,"date":"2014-11-04T11:14:18","date_gmt":"2014-11-04T10:14:18","guid":{"rendered":"https:\/\/intelligent-friend-7861.standoutwp.com\/?p=17728"},"modified":"2014-11-04T11:14:18","modified_gmt":"2014-11-04T10:14:18","slug":"arkiven-oppnar-for-orostider-pa-lordag","status":"publish","type":"post","link":"https:\/\/www.kultursidan.nu\/?p=17728","title":{"rendered":"Arkiven \u00f6ppnar f\u00f6r Orostider p\u00e5 l\u00f6rdag"},"content":{"rendered":"<p><a href=\"https:\/\/www.kultursidan.nu\/wp-content\/uploads\/2014\/11\/Frsvarsvning-Norrkping.jpg\"><img loading=\"lazy\" decoding=\"async\" class=\"alignnone size-medium wp-image-17729\" src=\"https:\/\/www.kultursidan.nu\/wp-content\/uploads\/2014\/11\/Frsvarsvning-Norrkping-567x434.jpg\" alt=\"F\u00f6rsvars\u00f6vning i Norrk\u00f6ping\" width=\"567\" height=\"434\" srcset=\"https:\/\/www.kultursidan.nu\/wp-content\/uploads\/2014\/11\/Frsvarsvning-Norrkping-567x434.jpg 567w, https:\/\/www.kultursidan.nu\/wp-content\/uploads\/2014\/11\/Frsvarsvning-Norrkping-1024x784.jpg 1024w, https:\/\/www.kultursidan.nu\/wp-content\/uploads\/2014\/11\/Frsvarsvning-Norrkping-434x333.jpg 434w, https:\/\/www.kultursidan.nu\/wp-content\/uploads\/2014\/11\/Frsvarsvning-Norrkping-150x114.jpg 150w, https:\/\/www.kultursidan.nu\/wp-content\/uploads\/2014\/11\/Frsvarsvning-Norrkping.jpg 1280w\" sizes=\"auto, (max-width: 567px) 100vw, 567px\" \/><\/a><br \/>\n<em>Om kriget kommer. F\u00f6rsvars\u00f6vning med gasmask och motorcykel i Norrk\u00f6ping.<\/em><\/p>\n<p>&nbsp;<\/p>\n<h1><span style=\"color: #ff0000;\">F\u00f6rsvar n\u00e4r tryggheten hotats<\/span><\/h1>\n<p>&nbsp;<\/p>\n<p><strong>Tryggheten som f\u00f6rsvar, halmstr\u00e5 och l\u00e4ngtan.<\/strong> P\u00e5 l\u00f6rdag \u00f6ppnar arkiv runt om i l\u00e4net portarna till <em>Orostider<\/em>, temat f\u00f6r <em>Arkivens dag<\/em>. I Norrk\u00f6ping kan nyfikenheten vara stor p\u00e5 museernas nya magasin p\u00e5 Br\u00e5valla. I S\u00f6derk\u00f6ping storsatsar \u00d6sterg\u00f6tlands Arkivf\u00f6rbund med en utst\u00e4llning som varar i tv\u00e5 veckor. Bakom <em>Arkivens dag<\/em> st\u00e5r, f\u00f6rutom en l\u00e5ng rad offentliga och f\u00f6reningsdrivna arkiv, \u00d6sterg\u00f6tlands Arkivf\u00f6rbund.<\/p>\n<p><strong>Arkivens dag, den dag p\u00e5 \u00e5ret d\u00e5 arkiv i hela Sverige (och i Norden) \u00f6ppnas f\u00f6r allm\u00e4nheten, har i \u00e5r temat <em>Orostider<\/em>. <\/strong>Det \u00e4r upp till varje enskilt arkiv att tolka \u00e4mnet. Sverige sett i backspegeln framst\u00e5r som en trygg oas i en orolig v\u00e4rld. 200 \u00e5r av fred, snart 100 \u00e5r av modernt demokratiskt styrelseskick med r\u00f6tter i sockenstyre och representativ st\u00e5ndsriksdag skapar en n\u00e4st intill sj\u00e4lvklar trygg ram till vardagen.<\/p>\n<p>Med <em>Orostider<\/em> p\u00e5minns vi om att det inte alltid varit s\u00e5, att krig, sjukdomar och naturkatastrofer skakat om och f\u00f6rst\u00f6rt. Men ocks\u00e5 att m\u00e4nniskor och samh\u00e4llen skyddat, botat och byggt upp igen. D\u00e5 kan beslutet att g\u00e5 med i en f\u00f6rsvarsorganisation vara avg\u00f6rande. Att gr\u00e4va ett potatisland p\u00e5 allm\u00e4n mark kan vara ett trygghetens halmstr\u00e5. Att dr\u00f6mma om en b\u00e4ttre v\u00e4rld kan vara en motst\u00e5ndshandling.<\/p>\n<p>&nbsp;<\/p>\n<p><iframe loading=\"lazy\" src=\"https:\/\/www.flickr.com\/photos\/kultursidan\/15707922015\/in\/set-72157649117049521\/player\/\" width=\"310\" height=\"400\" frameborder=\"0\" allowfullscreen=\"allowfullscreen\"><\/iframe><br \/>\n<em> V\u00e5rflod ut\u00f6ver det vanliga i S\u00f6derk\u00f6ping.<\/em><\/p>\n<p>&nbsp;<\/p>\n<p><strong>Detta \u00e5r st\u00e5r S\u00f6derk\u00f6ping i centrum, b\u00e5de S:t Ragnhilds gille och Stinsen bjuder p\u00e5 heldagsarrangemang.<\/strong> Fokus ligger p\u00e5 tiden kring f\u00f6rsta v\u00e4rldskriget, emigration och orosv\u00e4der, bland de m\u00e5nga f\u00f6redragen p\u00e5 Stinsen m\u00e4rks <em>Att vara finskt krigsbarn, F\u00f6rsta v\u00e4rldskriget ur ett lokalt perspektiv<\/em> och <em>Historiska \u00f6versv\u00e4mningar i S\u00f6derk\u00f6ping<\/em>. \u00c4ven <em>Stor\u00e4ngen<\/em>, som uppm\u00e4rksammats med en serie f\u00f6rel\u00e4sningar under h\u00f6sten finns som en programpunkt.<\/p>\n<p>Dessutom blir det prisutdelning i nyligen h\u00e5llna <em>Dagboksveckan<\/em>. Den utst\u00e4llning p\u00e5 temat <em>Orostider<\/em> som \u00f6ppnar p\u00e5 Stinsen st\u00e5r sedan i tv\u00e5 veckor.<\/p>\n<p>Ocks\u00e5 barnen bjuds in till Arkivens dag. Det \u00e4r n\u00e4mligen pyssell\u00f6rdag p\u00e5 Stinsen och de som vill f\u00e5r l\u00e4mna sina teckningar f\u00f6r arkivering f\u00f6r framtiden.<\/p>\n<p><strong>P\u00e5 Br\u00e5valla i Norrk\u00f6ping ligger Stadsmuseets, Konstmuseets och Stadsbibliotekets nya gemensamma Magasin.<\/strong> Under <em>Arkivens dag<\/em> f\u00e5r allm\u00e4nheten tilltr\u00e4de och kan se hur samlingarna bevaras f\u00f6r framtiden.<\/p>\n<p>Norrk\u00f6pings stadsarkiv, med ing\u00e5ng fr\u00e5n R\u00e5dhusets g\u00e5rd lockar b\u00e5de med utst\u00e4llning och filmvisning.<\/p>\n<p><strong>Flera arkiv passar p\u00e5 att jubilera.<\/strong> Norrk\u00f6pings f\u00f6reningsarkiv firar 65 \u00e5r, Vikbolandets arkiv- och historief\u00f6rening firar 40 \u00e5r, medan Ringarums hembygdsarkiv n\u00e5tt 10 \u00e5rs \u00e5lder.<\/p>\n<p><em>Text: Ann-Charlotte Sandelin<br \/>\nFoto: \u00d6sterg\u00f6tlands Arkivf\u00f6rbund<\/em><\/p>\n<p>BILDSPEL (FLASH) \u2013 KLICKA P\u00c5 BILDEN <em>ALT\/MOBIL: SE BILDSPELET <a title=\"Bildspel\" href=\"https:\/\/www.flickr.com\/photos\/kultursidan\/sets\/72157649117049521\/show\/\" target=\"_blank\">H\u00c4R<\/a><\/em><br \/>\n<object width=\"400\" height=\"300\"><param name=\"flashvars\" value=\"offsite=true&amp;lang=en-us&amp;page_show_url=%2Fphotos%2Fkultursidan%2Fsets%2F72157649117049521%2Fshow%2F&amp;page_show_back_url=%2Fphotos%2Fkultursidan%2Fsets%2F72157649117049521%2F&amp;set_id=72157649117049521&amp;jump_to=\" \/><param name=\"movie\" value=\"https:\/\/www.flickr.com\/apps\/slideshow\/show.swf?v=1811922554\" \/><param name=\"allowFullScreen\" value=\"true\" \/><\/object><\/p>\n<blockquote>\n<h3><em>ARKIVENS DAG \u00d6sterg\u00f6tland<\/em><\/h3>\n<p>8 november 2014<br \/>\n<strong><em> Tema Orostider<\/em><\/strong><\/p>\n<p><em>NORRK\u00d6PING<br \/>\n<strong>10-15<\/strong> \u00d6ppet hus i Norrk\u00f6pings stadsmuseums, Norrk\u00f6pings stadsbiblioteks och Norrk\u00f6pings konstmuseums nya gemensamma magasin. Visning av ett urval ur samlingarna p\u00e5 temat Orostider. <strong>Br\u00e5vallamagasinet <\/strong>Hangargatan 16, Br\u00e5valla industripark. F\u00f6lj skyltning.<br \/>\n<strong>10-14<\/strong> \u00d6ppet hus, utst\u00e4llning p\u00e5 temat Orostider. Arkivet firar dessutom 65 \u00e5r. <strong>Norrk\u00f6pings f\u00f6reningsarkiv<\/strong> Vattengr\u00e4nden 14.<br \/>\n<strong>10-14<\/strong> \u00d6ppet hus med utst\u00e4llning p\u00e5 temat Orostider samt filmvisning. <strong>Norrk\u00f6pings stadsarkiv,<\/strong> R\u00e5dhuset, ing\u00e5ng fr\u00e5n g\u00e5rden.<br \/>\n<strong>10-14<\/strong> \u00d6ppet i arkivet, utst\u00e4llning, servering. <strong>V\u00e5nga hembygdsarkiv, <\/strong>Hembygdsg\u00e5rden, V\u00e5nga.<br \/>\n<strong>10-14<\/strong> \u00d6ppet hus, fika. <strong>Kvillinge<\/strong> <strong>f\u00f6reningsarkiv,<\/strong> Holms v\u00e4g 13, \u00c5by.<br \/>\n<strong>10-15 <\/strong>\u00d6ppet hus, kaffe, arkivets 40-\u00e5rsjubileum. <strong>Vikbolandets arkiv- och historief\u00f6rening,<\/strong> \u00c5kerliden, Kuddby.<\/em><\/p>\n<p><em>S\u00d6DERK\u00d6PING<br \/>\n<strong>14\u201316<\/strong> Barnslig l\u00f6rdag med visning av arkiv, pyssel (som arkiveras). <strong>Stinsen.<br \/>\n11\u201316.30<\/strong> Utst\u00e4llningar och f\u00f6rel\u00e4sningar, <strong>Stinsen<\/strong>.<\/em><\/p>\n<p style=\"padding-left: 30px;\"><em><strong>11.00<\/strong> Invigning. Albin Lindqvist , \u00d6sterg\u00f6tlands Arkivf\u00f6rbund, Pia Dingsten , S\u00f6derk\u00f6pings Arkivf\u00f6rening<\/em><br \/>\n<em> <strong>11.10<\/strong> Vad h\u00e4nder p\u00e5 Arkivf\u00f6rbundet? Albin Lindqvist.<\/em><br \/>\n<em> <strong>11.25<\/strong> Att vara finskt krigsbarn. Pirjo Lindell, F\u00f6reningen Finska krigsbarn i Mellansverige.<\/em><br \/>\n<em> <strong>11.50<\/strong> Hur kom Stor\u00e4ngen till? Ulf J\u00f6nsson , socionom och f\u00f6rfattare till \u201dTiden gav dem ett v\u00e4rdigt liv \u2013 om utvecklingsst\u00f6rda i \u00d6sterg\u00f6tland 1878-1995\u201d.<\/em><br \/>\n<em> <strong>12.15<\/strong> En resa bland \u00f6stg\u00f6tska slott och herrg\u00e5rdar. Anneli Hedlund , f\u00f6rfattare till \u201dGl\u00f6mda p\u00e4rlor och gamla bekanta \u2013 en resa bland \u00f6stg\u00f6tska slott och herrg\u00e5rdar\u201d.<\/em><br \/>\n<em> <strong>13.00<\/strong> Stadsvandring. Ola L\u00f6nnqvist , S:t Ragnhilds Gille. OBS! Start vid Gamla Skolgatan 10.<\/em><br \/>\n<em> <strong>14.00<\/strong> F\u00f6rsta v\u00e4rldskriget i \u00d6sterg\u00f6tland. Per St\u00e5lebro , \u00d6sterg\u00f6tlands museum.<\/em><br \/>\n<em> <strong>14.30<\/strong> F\u00f6rsta v\u00e4rldskriget ur ett lokalt perspektiv: Allm\u00e4nhetens information, mobilisering, evakueringsplaner. Hur p\u00e5verkades livet? Margareta Spels , f\u00f6rfattare till \u201dLivet i H\u00e4rsebr\u00e5ta by\u201d.<\/em><br \/>\n<em> <strong>15.15<\/strong> Historiska \u00f6versv\u00e4mningar i S\u00f6derk\u00f6ping. Ola Pettersson, SMHI.<\/em><br \/>\n<em> <strong>15.30<\/strong> Emigration, uppfinningar och orostider. Anders K\u00f6hler, F\u00f6reningen Svenskt Uppfinnaremuseum<\/em><br \/>\n<em> <strong>16.00<\/strong> Prisutdelning Dagboksveckan i S\u00f6derk\u00f6ping.<\/em><\/p>\n<p><em><strong>11-16<\/strong>, \u00d6ppet hus. <strong>S:t Ragnhilds Gille<\/strong>, Stadshistoriska museet, Gamla Skolgatan 10.<br \/>\n<\/em><\/p>\n<p style=\"padding-left: 30px;\"><em><strong>11.30<\/strong> visning arkiv och museum. <strong>12 &amp; 14 <\/strong>visning bildarkivet. <strong>12.30 &amp; 14.30<\/strong> visning l\u00e4roverksbiblioteket. <strong>13.00<\/strong> Stadsvandring, Ola L\u00f6nnqvist. <strong>15.00<\/strong> visning arkiv och museum.<\/em><\/p>\n<p><em>VALDEMARSVIK<\/em><br \/>\n<em> <strong>10-14<\/strong> \u00d6ppet hus, servering, loppis, arkivets 10-\u00e5rsjubileum. <strong>Ringarums hembygdsarkiv<\/strong>, Hembygdsg\u00e5rden, Ringarum.<br \/>\n<strong>10-13<\/strong> \u00d6ppet hus, visning av arkiv. <strong>Gryts hembygdsarkiv,<\/strong> f.d. kommunalhuset, Gryt.<\/em><\/p>\n<p><em>LINK\u00d6PING<\/em><br \/>\n<em> <strong>10-14<\/strong> \u00d6sterg\u00f6tlands Flyghistoriska S\u00e4llskap\/SAAB Veteranklubb. \u00d6ppet hus, visning av arkiv. <strong>Flygets Hus<\/strong>, L\u00e4gergatan 11, Malmsl\u00e4tt (300 m fr\u00e5n Flygvapenmuseums entr\u00e9).<br \/>\n<strong>12-17<\/strong> Utst\u00e4llning med foton och arkivalier p\u00e5 \u00e5rets tema. <strong>Flygvapenmuseum, <\/strong>Carl Cederstr\u00f6ms gata 2, Malmsl\u00e4tt.<\/em><\/p>\n<p style=\"padding-left: 30px;\"><em><strong>14.00<\/strong> f\u00f6rfattaren Lennart Andersson f\u00f6rel\u00e4ser om <strong>flygvapnets<\/strong> <strong>spaningsflyg under kalla kriget<\/strong>.<\/em><\/p>\n<p><em><strong>11-14<\/strong> \u00d6ppet hus med utst\u00e4llningar, f\u00f6rel\u00e4sningar, rundvandring m.m. <strong>Landstingsarkivet<\/strong> i \u00d6sterg\u00f6tland, Roxtorpsgatan 9, Tornby.<\/em><\/p><\/blockquote>\n<p>L\u00c4NKAR<br \/>\nArkivens dag <a title=\"Arkivens dag\" href=\"http:\/\/www.arkivensdag.nu\" target=\"_blank\">hemsida <\/a><br \/>\nArkivens dag i \u00d6sterg\u00f6tland <a title=\"Facebook\" href=\"http:\/\/www.facebook.com\/arkivensdagiostergotland\" target=\"_blank\">Facebook <\/a><br \/>\n\u00d6sterg\u00f6tlands arkivf\u00f6rbund <a title=\"\u00d6sterg\u00f6tlands arkivf\u00f6rbund\" href=\"http:\/\/www.ostergotlandsarkivforbund.se\" target=\"_blank\">hemsida <\/a><br \/>\nStadsmuseets skatter flyttar till Br\u00e5valla <a title=\"Stadsmuseets skatter flyttar till Br\u00e5valla\" href=\"https:\/\/www.kultursidan.nu\/?p=13293\" target=\"_blank\">reportage<\/a> Kultursidan.nu 3\/12 2013<\/p>\n","protected":false},"excerpt":{"rendered":"<p>\u00d6STERG\u00d6TLAND Tryggheten som halmstr\u00e5t. P\u00e5 l\u00f6rdag \u00f6ppnar arkiv i l\u00e4net portarna till Orostider, temat f\u00f6r Arkivens dag. I Norrk\u00f6ping kan nyfikenheten vara stor p\u00e5 nya magasinen p\u00e5 Br\u00e5valla. I centralorten S\u00f6derk\u00f6ping st\u00e5r utst\u00e4llningen i tv\u00e5 veckor. <a class=\"continue-reading-link\" href=\"https:\/\/www.kultursidan.nu\/?p=17728\">L\u00e4s mer <span class=\"meta-nav\">&rarr; <\/span><\/a><\/p>\n","protected":false},"author":1001006,"featured_media":0,"comment_status":"closed","ping_status":"open","sticky":false,"template":"","format":"standard","meta":{"_jetpack_memberships_contains_paid_content":false,"footnotes":""},"categories":[7,1,6],"tags":[90,53,35,47],"class_list":["post-17728","post","type-post","status-publish","format-standard","hentry","category-norrkoping","category-okategoriserade","category-soderkoping","tag-bildning","tag-foredrag","tag-jubileum","tag-utstallning"],"jetpack_featured_media_url":"","jetpack_sharing_enabled":true,"_links":{"self":[{"href":"https:\/\/www.kultursidan.nu\/index.php?rest_route=\/wp\/v2\/posts\/17728","targetHints":{"allow":["GET"]}}],"collection":[{"href":"https:\/\/www.kultursidan.nu\/index.php?rest_route=\/wp\/v2\/posts"}],"about":[{"href":"https:\/\/www.kultursidan.nu\/index.php?rest_route=\/wp\/v2\/types\/post"}],"author":[{"embeddable":true,"href":"https:\/\/www.kultursidan.nu\/index.php?rest_route=\/wp\/v2\/users\/1001006"}],"replies":[{"embeddable":true,"href":"https:\/\/www.kultursidan.nu\/index.php?rest_route=%2Fwp%2Fv2%2Fcomments&post=17728"}],"version-history":[{"count":0,"href":"https:\/\/www.kultursidan.nu\/index.php?rest_route=\/wp\/v2\/posts\/17728\/revisions"}],"wp:attachment":[{"href":"https:\/\/www.kultursidan.nu\/index.php?rest_route=%2Fwp%2Fv2%2Fmedia&parent=17728"}],"wp:term":[{"taxonomy":"category","embeddable":true,"href":"https:\/\/www.kultursidan.nu\/index.php?rest_route=%2Fwp%2Fv2%2Fcategories&post=17728"},{"taxonomy":"post_tag","embeddable":true,"href":"https:\/\/www.kultursidan.nu\/index.php?rest_route=%2Fwp%2Fv2%2Ftags&post=17728"}],"curies":[{"name":"wp","href":"https:\/\/api.w.org\/{rel}","templated":true}]}}