{"id":18050,"date":"2014-11-29T12:41:44","date_gmt":"2014-11-29T11:41:44","guid":{"rendered":"https:\/\/intelligent-friend-7861.standoutwp.com\/?p=18050"},"modified":"2014-11-29T18:51:20","modified_gmt":"2014-11-29T17:51:20","slug":"tornrosa-ett-lyft-for-linkopingsbaletten-recension","status":"publish","type":"post","link":"https:\/\/www.kultursidan.nu\/?p=18050","title":{"rendered":"T\u00f6rnrosa ett lyft f\u00f6r Link\u00f6pingsbaletten (recension)"},"content":{"rendered":"<p><a href=\"https:\/\/www.kultursidan.nu\/wp-content\/uploads\/2014\/11\/Aurora-och-prinsen-med-mnga.jpg\"><img loading=\"lazy\" decoding=\"async\" class=\"alignnone size-medium wp-image-18052\" src=\"https:\/\/www.kultursidan.nu\/wp-content\/uploads\/2014\/11\/Aurora-och-prinsen-med-mnga-567x377.jpg\" alt=\"Aurora och prinsen\" width=\"567\" height=\"377\" srcset=\"https:\/\/www.kultursidan.nu\/wp-content\/uploads\/2014\/11\/Aurora-och-prinsen-med-mnga-567x377.jpg 567w, https:\/\/www.kultursidan.nu\/wp-content\/uploads\/2014\/11\/Aurora-och-prinsen-med-mnga-1024x682.jpg 1024w, https:\/\/www.kultursidan.nu\/wp-content\/uploads\/2014\/11\/Aurora-och-prinsen-med-mnga-499x333.jpg 499w, https:\/\/www.kultursidan.nu\/wp-content\/uploads\/2014\/11\/Aurora-och-prinsen-med-mnga-150x99.jpg 150w, https:\/\/www.kultursidan.nu\/wp-content\/uploads\/2014\/11\/Aurora-och-prinsen-med-mnga.jpg 1280w\" sizes=\"auto, (max-width: 567px) 100vw, 567px\" \/><\/a><br \/>\n<em>Prinsessan Aurora och Prinsen. I bakgrunden n\u00e5gra av de m\u00e5nga yngre dansare som fyllde Crusellhallens scen.\u00a0<\/em><\/p>\n<p><strong>\u00a0<\/strong><\/p>\n<h1><span style=\"color: #ff0000;\">\u2026en njutning d\u00e5 alla flyter f\u00f6rbi i v\u00e5gor<\/span><\/h1>\n<p>&nbsp;<\/p>\n<p><strong>Link\u00f6pings balettf\u00f6rening gav i veckan klassikern <em>T\u00f6rnrosa<\/em> med musik av Peter Tjajkovskij. <\/strong>Det \u00e4r en m\u00e4ktig upplevelse med alla 130 dansare p\u00e5 scenen. F\u00f6rest\u00e4llning inleds med marsch, feernas entr\u00e9 och presentation. All koreografi f\u00f6r grupperna sitter bra och feerna g\u00f6r var och en bra ifr\u00e5n sig. Det m\u00e4rks att alla har arbetat h\u00e5rt med helheten. Alla vet var de ska vara och man ser inga missar. F\u00f6r \u00f6gat \u00e4r det en njutning d\u00e5 alla liksom flyter f\u00f6rbi i v\u00e5gor.<\/p>\n<p>Med tanke p\u00e5 att m\u00e5nga inte har n\u00e5gon l\u00e5ng dansbakgrund s\u00e5 \u00e4r det rent av fantastiskt. Det m\u00e4rks att koreograf Marlene Jacobsson lagt ned ett j\u00e4ttejobb p\u00e5 att den individanpassade koreografin ska fungera. M\u00e5nga av dansarnas dr\u00e4kter har de sj\u00e4lva sytt och det g\u00f6r att man blir \u00e4n mer imponerad.<\/p>\n<p>&nbsp;<\/p>\n<p><iframe loading=\"lazy\" src=\"https:\/\/www.flickr.com\/photos\/kultursidan\/15718405347\/in\/set-72157649110993118\/player\/\" width=\"400\" height=\"280\" frameborder=\"0\" allowfullscreen=\"allowfullscreen\"><\/iframe><br \/>\n<strong><em>\u2013Alla \u00e4r j\u00e4tteduktiga och det \u00e4r sp\u00e4nnande med alla \u00e5ldrar i klassikern T\u00f6rnrosa<\/em><\/strong><em>. Man m\u00e5ste ta chansen att delta i kulturlivet d\u00e5 en s\u00e5dan h\u00e4r klassisk f\u00f6rest\u00e4llning ges. Det m\u00e5ste vara sv\u00e5rt att vara ballerina. Man blir bed\u00f6md efter sin kropp och det \u00e4r inte alltid l\u00e4tt i ton\u00e5ren d\u00e5 den f\u00f6r\u00e4ndras, tycker Emmie Rydstr\u00f6m och Sara Karlstr\u00f6m, som s\u00e5g T\u00f6rnrosa.<\/em><\/p>\n<p>&nbsp;<\/p>\n<p><strong>Hanna Berglund dansade Aurora\/T\u00f6rnrosa. <\/strong>Auroras dans med de fyra prinsarna (rosenadagiot) och Auroras och Prinsens br\u00f6llops-pas de deux \u00e4r n\u00e5gra av de sv\u00e5raste solonumren i baletten. Bland publiken blev det d\u00e5 s\u00e4kert en t\u00e5r i \u00f6gonvr\u00e5n. Det var s\u00e5 vackert.<\/p>\n<p>F\u00e5gel bl\u00e5, dansad av Alexandra Svensson, som ocks\u00e5 \u00e4r en sv\u00e5r solodans fl\u00f6t p\u00e5 som om ballerinan hade vingar. Matilda Larsson g\u00f6r en mycket behaglig och musikalisk god f\u00e9 med mjuk gestik som \u00f6gonen faller p\u00e5.<\/p>\n<p><strong>Carabosse, den elaka h\u00e4xan<\/strong> <strong>g\u00f6r<\/strong><strong> en blek roll i sammanhanget. <\/strong>Juan Carlos Requena g\u00f6r den ok, men absolut inte mer. Hans scenkostym \u00e4r tafflig och dansen kunde man \u00f6nska sig mer av eftersom han \u00e4r professionell om \u00e4n pensionerad. Den elaka h\u00e4xan har mer att ge och spela ut. Man skulle \u00f6nska att rollen hade mer framtr\u00e4dande plats, vilket den ocks\u00e5 haft i andra upps\u00e4ttningar i Sverige. <em>T\u00f6rnrosa<\/em> \u00e4r ju en f\u00f6rest\u00e4llning om ont och gott och den kampen vill man k\u00e4nna.<\/p>\n<p>&nbsp;<\/p>\n<p><iframe loading=\"lazy\" src=\"https:\/\/www.flickr.com\/photos\/kultursidan\/15904171505\/in\/set-72157649110993118\/player\/\" width=\"400\" height=\"280\" frameborder=\"0\" allowfullscreen=\"allowfullscreen\"><\/iframe><br \/>\n<em> Anpassad koreografi. \u00c4ven de yngsta dansarna har en viktig roll att fylla.<\/em><\/p>\n<p>&nbsp;<\/p>\n<p><strong>Bal<\/strong><strong>etten \u00e4r \u00f6verlag v\u00e4lbalanserad mellan blandning av gruppkoreografi och solonummer.<\/strong> Det \u00e4r det som \u00e4r styrkan i f\u00f6rst\u00e4llningen. De unga dansar med sin utstr\u00e5lning och charm och de lite \u00e4ldre med god precision och teknik. N\u00e5gra sm\u00e5 missar finns vid danssolona. T\u00e4nk att det ska vara s\u00e5 sv\u00e5rt att st\u00e5 p\u00e5 ett ben? Det \u00e4r som sagt sv\u00e5rare att g\u00f6ra l\u00e5ngsamma r\u00f6relser i baletten.<\/p>\n<p>Hoppet finns att Link\u00f6pings Balettf\u00f6rening g\u00f6r fler upps\u00e4ttningar i den h\u00e4r klassen. Denna gav sannerligen mersmak.<\/p>\n<p>&nbsp;<\/p>\n<h2><span style=\"color: #ff0000;\">Bakom T\u00f6rnrosas kulisser<\/span><\/h2>\n<p>\u2013 Tv\u00e5 personer missade sin entr\u00e9 och rid\u00e5n gick inte upp. En del rekvisita togs inte bort i tid. S\u00e5 \u00e4r det ofta vid en generalrepetition. Om inget missas slappnar man av till premi\u00e4ren och d\u00e5 \u00e4r det risk att man g\u00f6r fel, ber\u00e4ttar Marlene Jacobsson, koreograf.<\/p>\n<p>Rutinerade Marlene Jacobsson, l\u00e4rare i klassisk balett p\u00e5 De Geergymnasiet och Link\u00f6pings balettf\u00f6rening \u00e4r den som har anpassat och kompletterat koreografin i T\u00f6rnrosa. Projektet startade som en id\u00e9 f\u00f6r snart ett \u00e5r sedan. M\u00e5nga goda krafter har hj\u00e4lpt till, en av dem \u00e4r Juan Carlos Requena, med en bakgrund fr\u00e5n bland annat G\u00f6teborgsoperan, som lett dansgrupperna vid repetitionerna.<\/p>\n<p>&nbsp;<\/p>\n<p><iframe loading=\"lazy\" src=\"https:\/\/www.flickr.com\/photos\/kultursidan\/15284529913\/in\/set-72157649110993118\/player\/\" width=\"400\" height=\"280\" frameborder=\"0\" allowfullscreen=\"allowfullscreen\"><\/iframe><br \/>\n<em> Syr\u00e9n. Lila f\u00e9n dansas av Matilda Larsson.<\/em><\/p>\n<p>&nbsp;<\/p>\n<p><strong>F\u00f6r att bes\u00e4tta huvudrollerna har Link\u00f6pings balettensemble som \u00e4r \u201dpre professional\u201d med 20 dansare, haft en jurybed\u00f6md audition.<\/strong> Det \u00e4r Link\u00f6pings balettf\u00f6rening som \u00e4r arrang\u00f6r och samordnare av f\u00f6rest\u00e4llningar, tr\u00e4ning och arbetar f\u00f6r att fr\u00e4mja baletten i staden. \u00d6stg\u00f6ta balett &amp; dansakademi \u00e4r de som bedriver alla kurser, sj\u00e4lva tr\u00e4ningen.<\/p>\n<p>Alla mansroller g\u00f6rs av handplockade dansare. Gustav Udd \u00e4r professionell dansare och har huvudrollen som prinsen. Cirkeln har nu slutits eftersom Gustav Udd som ung dansare tr\u00e4nade f\u00f6r Marlene Jacobsson.<\/p>\n<p><strong>\u2013 Det \u00e4r s\u00e5 fantastiskt f\u00f6r de som \u00e4r proffs smittar av sig till de andra.<\/strong> Hanna Berglund som spelar rollen som prinsessan Aurora\/T\u00f6rnrosa och som \u00e4r duktig amat\u00f6rdansare f\u00e5r massor av hj\u00e4lp av alla f\u00f6r att bli b\u00e4ttre, f\u00f6rklarar Marlene Jacobsson, koreograf.<\/p>\n<p>\u2013 Den h\u00e4r f\u00f6rest\u00e4llningen \u00e4r unik. Kungliga operan och G\u00f6teborgs opera satsar p\u00e5 modern dans. I v\u00e5r f\u00f6rest\u00e4llning \u00e4r alla \u00e5ldrar med. Fr\u00e5n gammal till ung och det g\u00f6r det hela mer intressant. M\u00e5nga har ingen bakgrund inom dansen. Med tanke p\u00e5 det s\u00e5 h\u00e5ller vi en h\u00f6g niv\u00e5, tycker Gustav Udd.<\/p>\n<p>&nbsp;<\/p>\n<p><iframe loading=\"lazy\" src=\"https:\/\/www.flickr.com\/photos\/kultursidan\/15904171695\/in\/set-72157649110993118\/player\/\" width=\"400\" height=\"280\" frameborder=\"0\" allowfullscreen=\"allowfullscreen\"><\/iframe><br \/>\n<em>Inf\u00f6r f\u00f6rest\u00e4llningen har alla hj\u00e4lpts \u00e5t. Gustav Udd har gjort teaterdekoren som anv\u00e4nds i f\u00f6rest\u00e4llningen. I 14 dagar arbetade han tillsammans med sin pappa.<\/em><\/p>\n<p>&nbsp;<\/p>\n<p><strong>Det \u00e4r \u00d6stg\u00f6ta balett &amp; dansakademi som st\u00e5r f\u00f6r all tr\u00e4ning. <\/strong>Det \u00e4r h\u00e4r som det intensiva men roliga arbetet med barngrupper att tr\u00e4na inf\u00f6r alla roller till f\u00f6rest\u00e4llningen sker. Under de senaste sex veckorna har man intensivtr\u00e4nat och extratr\u00e4nat s\u00f6ndagar f\u00f6r att f\u00e5 ihop helheten.<\/p>\n<p>\u2013 Det \u00e4r v\u00e4ldigt individanpassat. Man bygger p\u00e5 dansteg vartefter som trappsteg och l\u00e4gger koreografi lite l\u00e4gre \u00e4n vad de klarar av, tidigt i b\u00f6rjan av terminen. D\u00e5 f\u00e5r man alla att prestera b\u00e4ttre n\u00e4r det verkligen g\u00e4ller, s\u00e4ger Marlene Jacobsson.<\/p>\n<p><strong>Originalet \u00e4r tre timmar l\u00e5ng och nu har man gjort en mer publikv\u00e4nlig f\u00f6rest\u00e4llning<\/strong> <strong>nedkortad till tv\u00e5 timmar.<\/strong><\/p>\n<p>\u2013 Vi har tagit h\u00e4lften med det b\u00e4sta som \u00e4r originalkoreografi och resten har vi skapat sj\u00e4lva genom nyt\u00e4nkande. Katterna \u00e4r till exempel en duett med m\u00e4sterkatten men nu har vi massor av katter, s\u00e4ger Marlene Jacobsson.<\/p>\n<p>&nbsp;<\/p>\n<p><iframe loading=\"lazy\" src=\"https:\/\/www.flickr.com\/photos\/kultursidan\/15284530333\/in\/set-72157649110993118\/player\/\" width=\"400\" height=\"280\" frameborder=\"0\" allowfullscreen=\"allowfullscreen\"><\/iframe><br \/>\n<em>Forts\u00e4tt spela med samma intensitet och balans mellan brass och tr\u00e4. Det l\u00e5ter mycket b\u00e4ttre nu s\u00e4ger Cathrine Winnes dirigent, till orkestern under repetitionerna.<\/em><\/p>\n<p>&nbsp;<\/p>\n<p><strong>Norska<\/strong> <strong>Cathrine Winnes leder musikerna fr\u00e5n dirigentpulten. <\/strong>Hon \u00e4r engagerande chefdirigent och konstn\u00e4rlig ledare f\u00f6r \u00d6stg\u00f6ta Bl\u00e5sarsymfonikersedan h\u00f6sten 2013.<\/p>\n<p>Orkestern \u00e4r en av Sveriges ledande professionella bl\u00e5sorkestrar och det m\u00e4rks. Bl\u00e5sarsymfonikerna har sina r\u00f6tter i den milit\u00e4rmusik som fanns i Link\u00f6ping och som via regionmusiken utvecklats till den symfoniska bl\u00e5sorkester som finns idag. Orkestern har arton fast anst\u00e4llda musiker.<\/p>\n<p><strong>Musiken \u00e4r viktig d\u00e5 den \u00e4r ett samspel med dansen.<\/strong> En l\u00e5ng paus kan g\u00f6ra att en dansare kommer ur fas, tappar tempo och sp\u00e4nst. Peter Tjajkovskis <em>T\u00f6rnrosa<\/em> \u00e4r komponerad f\u00f6r full orkester med b\u00e5de str\u00e5kar och bl\u00e5s. Komposit\u00f6ren Ingvar Karkoff har h\u00e4r skapat ett l\u00e4ckert arrangemang av Tjajkovskijs <em>T\u00f6rnrosa<\/em>, speciellt f\u00f6r \u00d6stg\u00f6ta Bl\u00e5sarsymfoniker.<\/p>\n<p><em>Text och repetitionsfoto: Per Oddman<\/em><br \/>\nBILDSPEL (FLASH) \u2013 KLICKA P\u00c5 BILDEN <em>ALT\/MOBIL: SE BILDSPELET <a title=\"Bildspel\" href=\"https:\/\/www.flickr.com\/photos\/kultursidan\/sets\/72157649110993118\/show\/\"> <object width=\"400\" height=\"300\"><param name=\"flashvars\" value=\"offsite=true&amp;lang=en-us&amp;page_show_url=%2Fphotos%2Fkultursidan%2Fsets%2F72157649110993118%2Fshow%2F&amp;page_show_back_url=%2Fphotos%2Fkultursidan%2Fsets%2F72157649110993118%2F&amp;set_id=72157649110993118&amp;jump_to=\" \/><param name=\"movie\" value=\"https:\/\/www.flickr.com\/apps\/slideshow\/show.swf?v=1811922554\" \/><param name=\"allowFullScreen\" value=\"true\" \/><\/object><\/a><\/em><\/p>\n<blockquote><p><em>CRUSELLHALLEN Link\u00f6ping<\/em><\/p>\n<p>26 och 27 november 2014<br \/>\n<em><strong>T\u00f6rnrosa<\/strong><\/em><br \/>\n<em>Musik: Peter Tjajkovskij<\/em><br \/>\n<em>Originalkoreografi: Marius Petipa<\/em><br \/>\n<em>Iscens\u00e4ttning\/koreograf: Marlene Jacobsson<br \/>\nProd: Link\u00f6pings balettf\u00f6rening<br \/>\n<\/em><\/p>\n<p style=\"padding-left: 30px;\"><em><strong>Link\u00f6pings Balettensemble samt solister<\/strong><\/em><br \/>\n<em>Aurora\/T\u00f6rnrosa: Hanna Berglund<\/em><br \/>\n<em> Prinsen: Gustav Udd<\/em><br \/>\n<em> Lila F\u00e9n: Matilda Larsson <\/em><br \/>\n<em> F\u00e5gel Bl\u00e5: Alexandra Svensson<\/em><\/p>\n<p style=\"padding-left: 30px;\"><em><strong>\u00d6stg\u00f6ta Bl\u00e5sarsymfoniker<\/strong><\/em><br \/>\n<em> Dirigent: Cathrine Winnes<\/em><\/p>\n<\/blockquote>\n<p>L\u00c4NKAR<br \/>\nT\u00f6rnrosa <a title=\"Info\" href=\"http:\/\/www.dansportalen.se\/111\/vad-handlar-baletten-om\/tornrosa.html\" target=\"_blank\">handling<\/a><br \/>\nLink\u00f6pings balettf\u00f6rening <a title=\"Facebook\" href=\"https:\/\/www.facebook.com\/pages\/Link%C3%B6pings-Balettf%C3%B6rening\/281337195213381?fref=ts\" target=\"_blank\">Facebook<\/a><br \/>\n\u00d6stg\u00f6ta Balett &amp; Dansakademi\/Link\u00f6pings balettensemble <a title=\"\u00d6stg\u00f6ta Balett &amp; Dansakademi\" href=\"http:\/\/www.ostbalettdans.se\" target=\"_blank\">hemsida<\/a><br \/>\n\u00d6stg\u00f6ta Bl\u00e5sarsymfoniker\/\u00d6stg\u00f6tamusiken <a title=\"\u00d6stg\u00f6tamusiken\" href=\"http:\/\/www.ostgotamusiken.se\" target=\"_blank\">hemsida<\/a><\/p>\n","protected":false},"excerpt":{"rendered":"<p>LINK\u00d6PING 130 dansare fyllde Crusellhallens scen med klassiska baletten T\u00f6rnrosa. Alla, fr\u00e5n yngsta barngrupper till handplockade dansare, gjorde sitt b\u00e4sta f\u00f6r att v\u00e4cka liv i ber\u00e4ttelsen om prinsessan som somnade. \u00d6stg\u00f6ta Bl\u00e5sarsymfoniker spelade Tjajkovskijs musik. <a class=\"continue-reading-link\" href=\"https:\/\/www.kultursidan.nu\/?p=18050\">L\u00e4s mer <span class=\"meta-nav\">&rarr; <\/span><\/a><\/p>\n","protected":false},"author":1001006,"featured_media":0,"comment_status":"closed","ping_status":"open","sticky":false,"template":"","format":"standard","meta":{"_jetpack_memberships_contains_paid_content":false,"footnotes":""},"categories":[55],"tags":[41],"class_list":["post-18050","post","type-post","status-publish","format-standard","hentry","category-linkoping","tag-dans"],"jetpack_featured_media_url":"","jetpack_sharing_enabled":true,"_links":{"self":[{"href":"https:\/\/www.kultursidan.nu\/index.php?rest_route=\/wp\/v2\/posts\/18050","targetHints":{"allow":["GET"]}}],"collection":[{"href":"https:\/\/www.kultursidan.nu\/index.php?rest_route=\/wp\/v2\/posts"}],"about":[{"href":"https:\/\/www.kultursidan.nu\/index.php?rest_route=\/wp\/v2\/types\/post"}],"author":[{"embeddable":true,"href":"https:\/\/www.kultursidan.nu\/index.php?rest_route=\/wp\/v2\/users\/1001006"}],"replies":[{"embeddable":true,"href":"https:\/\/www.kultursidan.nu\/index.php?rest_route=%2Fwp%2Fv2%2Fcomments&post=18050"}],"version-history":[{"count":0,"href":"https:\/\/www.kultursidan.nu\/index.php?rest_route=\/wp\/v2\/posts\/18050\/revisions"}],"wp:attachment":[{"href":"https:\/\/www.kultursidan.nu\/index.php?rest_route=%2Fwp%2Fv2%2Fmedia&parent=18050"}],"wp:term":[{"taxonomy":"category","embeddable":true,"href":"https:\/\/www.kultursidan.nu\/index.php?rest_route=%2Fwp%2Fv2%2Fcategories&post=18050"},{"taxonomy":"post_tag","embeddable":true,"href":"https:\/\/www.kultursidan.nu\/index.php?rest_route=%2Fwp%2Fv2%2Ftags&post=18050"}],"curies":[{"name":"wp","href":"https:\/\/api.w.org\/{rel}","templated":true}]}}