{"id":18068,"date":"2014-11-30T12:23:47","date_gmt":"2014-11-30T11:23:47","guid":{"rendered":"https:\/\/intelligent-friend-7861.standoutwp.com\/?p=18068"},"modified":"2014-11-30T12:23:47","modified_gmt":"2014-11-30T11:23:47","slug":"rut-och-rim-i-normkritisk-julkalender-recension","status":"publish","type":"post","link":"https:\/\/www.kultursidan.nu\/?p=18068","title":{"rendered":"Rut och rim i normkritisk julkalender (recension)"},"content":{"rendered":"<p><a href=\"https:\/\/www.kultursidan.nu\/wp-content\/uploads\/2014\/11\/JUL.jpg\"><img loading=\"lazy\" decoding=\"async\" class=\"alignnone size-medium wp-image-18069\" src=\"https:\/\/www.kultursidan.nu\/wp-content\/uploads\/2014\/11\/JUL-567x265.jpg\" alt=\"Rut och Jean-Pierre firar jul.\" width=\"567\" height=\"265\" srcset=\"https:\/\/www.kultursidan.nu\/wp-content\/uploads\/2014\/11\/JUL-567x265.jpg 567w, https:\/\/www.kultursidan.nu\/wp-content\/uploads\/2014\/11\/JUL-1024x480.jpg 1024w, https:\/\/www.kultursidan.nu\/wp-content\/uploads\/2014\/11\/JUL-150x70.jpg 150w, https:\/\/www.kultursidan.nu\/wp-content\/uploads\/2014\/11\/JUL.jpg 1280w\" sizes=\"auto, (max-width: 567px) 100vw, 567px\" \/><\/a><br \/>\n<em>Rut och Jean-Pierre firar jul\u00a0 av Maria Ackerfors.<\/em><\/p>\n<p>&nbsp;<\/p>\n<h1><span style=\"color: #ff0000;\">Det finns nog en Rut i oss alla<\/span><\/h1>\n<p>&nbsp;<\/p>\n<p><strong>Rut har psykiska problem.<\/strong> Jean-Pierre \u00e4r hennes katt. Tillsammans f\u00f6rbereder de julen som de till slut firar men det g\u00e5r inte s\u00e5 bra.<\/p>\n<p>Illustrat\u00f6ren och f\u00f6rfattaren Maria Ackerfors perspektiv utg\u00e5r fr\u00e5n en m\u00e4nniska som inte m\u00e5r bra och som inte m\u00e5r b\u00e4ttre av julhysterin. Med nervig uttryckfull linje och rim som skorrar mot tindrande f\u00f6rv\u00e4ntansfulla jul\u00f6gon tar hon oss med p\u00e5 ett \u00e4ventyr som b\u00f6rjar f\u00f6rsta december och som slutar den tjugofemte. <em>Rut och Jean-Pierre firar jul <\/em>\u00e4r en ovanlig nedr\u00e4kning mot jul i serieformat. Det \u00e4r \u00e4ven en kritik av sj\u00e4lva julnormen.<\/p>\n<p>&nbsp;<\/p>\n<p><iframe loading=\"lazy\" src=\"https:\/\/www.flickr.com\/photos\/kultursidan\/15910518881\/in\/set-72157647203123074\/player\/\" width=\"400\" height=\"270\" frameborder=\"0\" allowfullscreen=\"allowfullscreen\"><\/iframe><br \/>\n<em>Luck\u00f6ppnare. Maria Ackerfors b\u00f6rjade p\u00e5 sin seriebok redan f\u00f6rra julen.<\/em><\/p>\n<p>&nbsp;<\/p>\n<p><strong>F\u00f6rsta december s\u00e4ger Jean-Pierre att julen ska g\u00f6ra en glad.<\/strong> Det har han l\u00e4st i en tidning. Rut nappar p\u00e5 betet och t\u00e4nker att testa kan hon ju alltid. Kanske kan det lindra hennes psykiska besv\u00e4r. Hon ger sig ut i julhandeln, provar gl\u00f6gg, skriver julkort, bygger julkrubba, bakar och k\u00f6per julhyacint. Ingenting lyckas trolla fram julefriden.<\/p>\n<p>Det mesta g\u00e5r snett. P\u00e5 sj\u00e4lvaste julafton brinner hela huset upp och jag t\u00e4nker att det g\u00e5r att se det hela symboliskt. Om man f\u00f6rs\u00f6ker f\u00f6lja normen, fast man inte m\u00e5r bra av det och inte lyckas bli lycklig, s\u00e5 m\u00e5ste nederlaget bli som st\u00f6rst p\u00e5 julafton.<\/p>\n<p>Men resningen kommer p\u00e5 juldagen. Rut tycker inte att det \u00e4r hon som \u00e4r galen. Det \u00e4r julen som g\u00f6r henne sjuk. &#8221;Indoktrineras s\u00e5 h\u00e4r och bara f\u00f6lja idealen. Nu f\u00f6rst\u00e5r jag att det inte \u00e4r jag som \u00e4r galen.&#8221; Kan man tolka det som s\u00e5 att det trots allt finns en positiv jul n\u00e4r Rut blir som p\u00e5nyttf\u00f6dd av sin insikt samma dag som Jesusbarnet f\u00f6ddes? Det \u00e4r i s\u00e5 fall inte en jul som slaviskt f\u00f6ljer normen.<\/p>\n<p><strong>Vad jag framf\u00f6r allt attraheras av i denna serie \u00e4r teckningen<\/strong>. Linjen ber\u00e4ttar om k\u00e4nslan. Orden f\u00f6rklarar ocks\u00e5 men det \u00e4r denna ordl\u00f6sa linje som g\u00e5r djupast. Och n\u00e5gonstans bakom allt julemys finns det nog en Rut i oss alla. En gnutta Rut som biter p\u00e5 naglarna d\u00e4rf\u00f6r att allt inte hinns i tid.<\/p>\n<p>Rim h\u00f6r ju julen till men h\u00e4r f\u00f6rbyts det julaktiga mot en skorrande verklighet, i alla fall f\u00f6r Rut.<\/p>\n<p>Maria Ackerfors \u00e4r bosatt i Norrk\u00f6ping och hon \u00e4r aktiv som konstn\u00e4r. En r\u00f6d tr\u00e5d genom hennes verk \u00e4r normkritiken. H\u00e4r \u00e4r den svidande och jag f\u00e5r en hel del att fundera p\u00e5 efter att ha l\u00e4st hennes nedr\u00e4kning mot jul.<\/p>\n<p><em>Text: Carina Johansson<br \/>\nIllustrationer: Maria Ackerfors<br \/>\nFoto: Ann-Charlotte Sandelin<\/em><\/p>\n<p>BILDSPEL (FLASH) \u2013 KLICKA P\u00c5 BILDEN <em>ALT\/MOBIL: SE BILDSPELET <a title=\"Bildspel\" href=\"https:\/\/www.flickr.com\/photos\/kultursidan\/sets\/72157647203123074\/show\/\" target=\"_blank\">H\u00c4R<\/a><\/em><br \/>\n<object width=\"400\" height=\"300\"><param name=\"flashvars\" value=\"offsite=true&amp;lang=en-us&amp;page_show_url=%2Fphotos%2Fkultursidan%2Fsets%2F72157647203123074%2Fshow%2F&amp;page_show_back_url=%2Fphotos%2Fkultursidan%2Fsets%2F72157647203123074%2F&amp;set_id=72157647203123074&amp;jump_to=\" \/><param name=\"movie\" value=\"https:\/\/www.flickr.com\/apps\/slideshow\/show.swf?v=1811922554\" \/><param name=\"allowFullScreen\" value=\"true\" \/><\/object><\/p>\n<blockquote>\n<h3><em>SERIEBOK<\/em><\/h3>\n<p><em><strong>Rut och Jean-Pierre firar jul<\/strong><\/em><br \/>\n<em> Maria Ackerfors<\/em><br \/>\n<em> Sjuttonde f\u00f6rlaget 2014<\/em><\/p><\/blockquote>\n<p>L\u00c4NKAR<br \/>\nMaria Ackerfors <a title=\"Maria Ackerfors\" href=\"http:\/\/mariaackerfors.se\" target=\"_blank\">hemsida <\/a><a title=\"Facebook\" href=\"https:\/\/www.facebook.com\/MariaAckerfors\" target=\"_blank\">Facebook<\/a><br \/>\nSjuttonde f\u00f6rlaget <a title=\"Sjuttonde f\u00f6rlaget\" href=\"http:\/\/sjuttonde.se\" target=\"_blank\">hemsida<\/a> <a title=\"Facebook\" href=\"https:\/\/www.facebook.com\/sjuttonde\" target=\"_blank\">Facebook<\/a><\/p>\n","protected":false},"excerpt":{"rendered":"<p>NORRK\u00d6PING Med nervig uttryckfull linje och rim som skorrar mot tindrande f\u00f6rv\u00e4ntansfulla jul\u00f6gon tar Maria Ackerfors oss med p\u00e5 ett svidande \u00e4ventyr som b\u00f6rjar f\u00f6rsta december och f\u00f6ds p\u00e5 nytt den tjugofemte. <a class=\"continue-reading-link\" href=\"https:\/\/www.kultursidan.nu\/?p=18068\">L\u00e4s mer <span class=\"meta-nav\">&rarr; <\/span><\/a><\/p>\n","protected":false},"author":1001006,"featured_media":0,"comment_status":"closed","ping_status":"open","sticky":false,"template":"","format":"standard","meta":{"_jetpack_memberships_contains_paid_content":false,"footnotes":""},"categories":[64,7],"tags":[16],"class_list":["post-18068","post","type-post","status-publish","format-standard","hentry","category-litteratur-2","category-norrkoping","tag-litteratur"],"jetpack_featured_media_url":"","jetpack_sharing_enabled":true,"_links":{"self":[{"href":"https:\/\/www.kultursidan.nu\/index.php?rest_route=\/wp\/v2\/posts\/18068","targetHints":{"allow":["GET"]}}],"collection":[{"href":"https:\/\/www.kultursidan.nu\/index.php?rest_route=\/wp\/v2\/posts"}],"about":[{"href":"https:\/\/www.kultursidan.nu\/index.php?rest_route=\/wp\/v2\/types\/post"}],"author":[{"embeddable":true,"href":"https:\/\/www.kultursidan.nu\/index.php?rest_route=\/wp\/v2\/users\/1001006"}],"replies":[{"embeddable":true,"href":"https:\/\/www.kultursidan.nu\/index.php?rest_route=%2Fwp%2Fv2%2Fcomments&post=18068"}],"version-history":[{"count":0,"href":"https:\/\/www.kultursidan.nu\/index.php?rest_route=\/wp\/v2\/posts\/18068\/revisions"}],"wp:attachment":[{"href":"https:\/\/www.kultursidan.nu\/index.php?rest_route=%2Fwp%2Fv2%2Fmedia&parent=18068"}],"wp:term":[{"taxonomy":"category","embeddable":true,"href":"https:\/\/www.kultursidan.nu\/index.php?rest_route=%2Fwp%2Fv2%2Fcategories&post=18068"},{"taxonomy":"post_tag","embeddable":true,"href":"https:\/\/www.kultursidan.nu\/index.php?rest_route=%2Fwp%2Fv2%2Ftags&post=18068"}],"curies":[{"name":"wp","href":"https:\/\/api.w.org\/{rel}","templated":true}]}}