{"id":18102,"date":"2014-12-01T10:11:30","date_gmt":"2014-12-01T09:11:30","guid":{"rendered":"https:\/\/intelligent-friend-7861.standoutwp.com\/?p=18102"},"modified":"2014-12-01T10:13:29","modified_gmt":"2014-12-01T09:13:29","slug":"camilla-tilling-hyllade-jenny-lind-recension","status":"publish","type":"post","link":"https:\/\/www.kultursidan.nu\/?p=18102","title":{"rendered":"Camilla Tilling hyllade Jenny Lind (recension)"},"content":{"rendered":"<p><a href=\"https:\/\/www.kultursidan.nu\/wp-content\/uploads\/2014\/12\/IMG_9759.jpg\"><img loading=\"lazy\" decoding=\"async\" class=\"alignnone size-medium wp-image-18103\" src=\"https:\/\/www.kultursidan.nu\/wp-content\/uploads\/2014\/12\/IMG_9759-567x377.jpg\" alt=\"Camilla Tilling.\" width=\"567\" height=\"377\" srcset=\"https:\/\/www.kultursidan.nu\/wp-content\/uploads\/2014\/12\/IMG_9759-567x377.jpg 567w, https:\/\/www.kultursidan.nu\/wp-content\/uploads\/2014\/12\/IMG_9759-1024x682.jpg 1024w, https:\/\/www.kultursidan.nu\/wp-content\/uploads\/2014\/12\/IMG_9759-499x333.jpg 499w, https:\/\/www.kultursidan.nu\/wp-content\/uploads\/2014\/12\/IMG_9759-150x99.jpg 150w, https:\/\/www.kultursidan.nu\/wp-content\/uploads\/2014\/12\/IMG_9759.jpg 1280w\" sizes=\"auto, (max-width: 567px) 100vw, 567px\" \/><\/a><br \/>\n<em>Pillemarisk. Camilla Tilling bj\u00f6d p\u00e5 en rikedom av uttryck n\u00e4r hon sj\u00f6ng partier f\u00f6r s\u00e5v\u00e4l grevinnan som Susanna i Figaros br\u00f6llop.<\/em><\/p>\n<p>&nbsp;<\/p>\n<h1><span style=\"color: #ff0000;\">L\u00e4ckert och chosefritt \u00e4r det<\/span><\/h1>\n<p><strong>\u00a0<\/strong><\/p>\n<p><strong>Vi vill g\u00e4rna p\u00e5minna oss om sopranen Camilla Tillings \u00f6stg\u00f6tska ursprung, uppvuxen i Link\u00f6ping som hon \u00e4r.<\/strong> I l\u00f6rdags g\u00e4stade hon Norrk\u00f6pings symfoniorkester och n\u00e4ra nog fyllde De Geerhallen. Stor musik, med b\u00e5de innerlighet och lekfullhet, uppstod n\u00e4r den tons\u00e4kra operas\u00e5ngerskan hyllade f\u00f6reg\u00e5ngaren Jenny Lind.<\/p>\n<p>&nbsp;<\/p>\n<p><iframe loading=\"lazy\" src=\"https:\/\/www.flickr.com\/photos\/kultursidan\/15735378477\/in\/set-72157649543909521\/player\/\" width=\"400\" height=\"280\" frameborder=\"0\" allowfullscreen=\"allowfullscreen\"><\/iframe><br \/>\n<em> Med ett l\u00e4tt vemod. Camilla Tilling och Norrk\u00f6pings symfoniorkester i Haydns Skapelsen.<\/em><\/p>\n<p>&nbsp;<\/p>\n<p><strong>Jenny Lind ans\u00e5gs &#8221;f\u00f6r nordiskt blond och sval&#8221; i medelhavsl\u00e4nderna p\u00e5 1830-talet, men hon var lika ber\u00f6md som Michael Jackson eller Whitney Houston p\u00e5 sin tid.<\/strong> V\u00e5r egen Camilla Tilling \u00e4r inte lika ber\u00f6md, men har n\u00e5tt framg\u00e5ngar p\u00e5 Teatro alla Scala i Milano, h\u00f6gst v\u00e4lf\u00f6rtj\u00e4nt.<\/p>\n<p>Liksom Jenny \u00e4r nog Camilla b\u00e4st i &#8221;naiva och vemodiga&#8221; roller, s\u00e4kert komiska ocks\u00e5, med sin fr\u00e4scha, l\u00e4tt flickaktiga sopran som \u00e4nd\u00e5 har en bra k\u00e4rna och \u00e4r rik p\u00e5 \u00f6vertoner. Det m\u00e5ste ocks\u00e5 n\u00e4mnas att Tilling \u00e4r en sl\u00e5ende gestalt p\u00e5 scen och p\u00e5minner om klassiska sk\u00f6nheter inom operan som Lisa della Casa och Anna Moffo \u2013 \u00e4ven om hon definitivt verkar ha mera \u00f6dmjukhet \u00e4n dessa, s\u00e4kert mycket mer \u00e4n dagens &#8221;divor&#8221; Anna Netrebko och Ren\u00e9e Fleming.<\/p>\n<p>&nbsp;<\/p>\n<p><iframe loading=\"lazy\" src=\"https:\/\/www.flickr.com\/photos\/kultursidan\/15919155161\/in\/set-72157649543909521\/player\/\" width=\"400\" height=\"280\" frameborder=\"0\" allowfullscreen=\"allowfullscreen\"><\/iframe><br \/>\n<em> Dynamisk och detaljerad. Dirigenten Daniel Blendulf tycktes hinna med varenda liten detalj med sin stav.<\/em><\/p>\n<p>&nbsp;<\/p>\n<p><strong>Mendelssohn<\/strong> (som jag f\u00f6ll pladask f\u00f6r f\u00f6rsta g\u00e5ngen jag h\u00f6rde oratoriet <em>Elias<\/em>, f\u00f6r \u00f6vrigt skrivet f\u00f6r Jenny Lind) <strong>inledde konserten, med <em>Hebriderna<\/em><\/strong>. Den unge dirigenten Daniel Blendulf kom med ett dynamiskt och detaljerat framf\u00f6rande.<\/p>\n<p>P\u00e5 Jenny Linds tid g\u00e4llde fransk <em>Stor Opera,<\/em> och Tilling b\u00f6rjar med glamour\u00f6s musik ur Meyerbeers <em>Hugenotterna<\/em>, med utm\u00e4rkt diktion och fint sk\u00e5despel. Det gl\u00e4der mig ocks\u00e5 att hon g\u00f6r vissa utsmyckningar av musiken, s\u00e5dant var praxis p\u00e5 1830-1840-talet. Ur Mozarts <em>Figaro<\/em> sjunger hon b\u00e5de Susanna och grevinnan med fin stil och tjusiga utsmyckningar, som gl\u00e4der b\u00e5de &#8221;vanlig&#8221; publik och mer inbitna.<\/p>\n<p>&nbsp;<\/p>\n<p><iframe loading=\"lazy\" src=\"https:\/\/www.flickr.com\/photos\/kultursidan\/15735099519\/in\/set-72157649543909521\/player\/\" width=\"400\" height=\"280\" frameborder=\"0\" allowfullscreen=\"allowfullscreen\"><\/iframe><br \/>\n<em> Dompt\u00f6r. G\u00f6ran Gademan som stod f\u00f6r introduktionen inf\u00f6r l\u00f6rdagens konsert ber\u00e4ttade livfullt \u00e4ven mellan styckena.<\/em><\/p>\n<p>&nbsp;<\/p>\n<p><strong>L\u00e4ckert och chosefritt \u00e4r det, \u00f6verlag har Camilla ett mer avskalat och innerligt uttryck \u00e4n de flesta stora s\u00e5ngerskor idag.<\/strong> Webers tyska &#8221;skr\u00e4ckromantik&#8221; och Donizetti och Bellinis drivna <em>bel canto<\/em> l\u00e4t ocks\u00e5 mycket bra och hon imponerade med mjuka nyanser och fin teknik. Tillings vackra r\u00f6st och h\u00e4rliga apparition parad med textf\u00f6rst\u00e5else \u2013 p\u00e5 b\u00e5de franska, italienska och tyska \u2013 och innerliga k\u00e4nsla gjorde kv\u00e4llen till en stor upplevelse. M\u00f6jligen l\u00e4t hon \u00e4nnu b\u00e4ttre i fjol\u00e5rets Richard Strauss <em>Vier Letzte Lieder<\/em>, hennes naturliga plats \u00e4r nog ocks\u00e5 operascenen d\u00e4r hon f\u00e5r spela ut hela sitt register, s\u00e5 l\u00e4nge hon spelar roller som passar hennes lyriska st\u00e4mma.<\/p>\n<p><strong>V\u00e5r symfoniorkester<\/strong> var en utm\u00e4rkt partner till denna mycket \u00f6dmjuka &#8221;diva&#8221;.<\/p>\n<p><em>Text Lars Henriksson<br \/>\nFoto: Ann-Charlotte Sandelin<\/em><\/p>\n<p>BILDSPEL (FLASH) \u2013 KLICKA P\u00c5 BILDEN <em>ALT\/MOBIL: SE BILDSPELET <a title=\"Bildspel\" href=\"https:\/\/www.flickr.com\/photos\/kultursidan\/sets\/72157649543909521\/show\/\" target=\"_blank\">H\u00c4R<\/a><\/em><br \/>\n<object width=\"400\" height=\"300\"><param name=\"flashvars\" value=\"offsite=true&amp;lang=en-us&amp;page_show_url=%2Fphotos%2Fkultursidan%2Fsets%2F72157649543909521%2Fshow%2F&amp;page_show_back_url=%2Fphotos%2Fkultursidan%2Fsets%2F72157649543909521%2F&amp;set_id=72157649543909521&amp;jump_to=\" \/><param name=\"movie\" value=\"https:\/\/www.flickr.com\/apps\/slideshow\/show.swf?v=1811922554\" \/><param name=\"allowFullScreen\" value=\"true\" \/><\/object><\/p>\n<blockquote>\n<h3><em>DE GEERHALLEN Norrk\u00f6ping<\/em><\/h3>\n<p>29 november 2014<em><br \/>\n<strong>Camilla Tilling speglar Jenny Lind<br \/>\n<\/strong>Norrk\u00f6pings Symfoniorkester\u2028<\/em><br \/>\n<em> Dirigent: Daniel Blendulf\u2028<\/em><br \/>\n<em> Solist: Camilla Tilling sopran<\/em><\/p>\n<p style=\"padding-left: 30px;\"><em>PROGRAM<\/em><br \/>\n<em> Presentat\u00f6r: <strong>G\u00f6ran Gademan<\/strong><\/em><\/p>\n<p style=\"padding-left: 30px;\"><em><strong>Mendelssohn-Bartholdy<\/strong> Hebriderna, konsertuvertyr op 26 &#8221;Die Fingalsh\u00f6hle&#8221;<\/em><br \/>\n<em><strong>Meyerbeer<\/strong> Les Huguenots, Nobel Segneurs salut!<\/em><br \/>\n<em><strong>Meyerbeer<\/strong> Les Huguenots, Parmi les pleurs<\/em><br \/>\n<em><strong>Haydn<\/strong> Skapelsen Hob XXI:2<\/em><\/p>\n<p style=\"padding-left: 60px;\"><em>Ouvertyr &#8221;Die Vorstellung des Chaos&#8221;<br \/>\nRecitativ &#8221;Und Gott Sprach: Es bringe das Wasser &#8221;<br \/>\nAria &#8221;Auf starkem Fittiche schwinget sich der Adler&#8221;<\/em><\/p>\n<p style=\"padding-left: 30px;\"><em><strong>Mozart<\/strong> Figaros br\u00f6llop, uvertyr K 492<\/em><br \/>\n<em><strong>Mozart<\/strong> Giunse alfin il momento \u2013Deh vieni non tardar K 492 &#8221;Rosenarian&#8221; ur Figaros br\u00f6llop<\/em><br \/>\n<em><strong>Mozart<\/strong> E Susanna non vien!\u2013Dove sono? K 492 ur Figaros br\u00f6llop<\/em><br \/>\n<em><strong>Weber<\/strong> Friskytten, uvertyr<\/em><br \/>\n<em><strong>Weber<\/strong> Cavatina &#8211; Und ob die wolke Sieverhulle f. sopran ur Friskytten<\/em><br \/>\n<em><strong>Donizetti<\/strong> Uvertyr ur K\u00e4rleksdrycken<\/em><br \/>\n<em><strong>Donizetti<\/strong> Prendi, Per me sei libero ur K\u00e4rleksdrycken<\/em><br \/>\n<em><strong>Bellini<\/strong> Casta Diva, A bello a me ritorno ur Norma<\/em><\/p>\n<\/blockquote>\n<p>L\u00c4NKAR<br \/>\nCamilla Tilling <a title=\"Wikipedia\" href=\"http:\/\/sv.wikipedia.org\/wiki\/Camilla_Tilling\" target=\"_blank\">Wikipedia<\/a> <a title=\"Info\" href=\"http:\/\/www.harrisonparrott.com\/artist\/profile\/camilla-tilling%20  \" target=\"_blank\">info <\/a><br \/>\nDaniel Blendulf <a title=\"Wikipedia\" href=\"http:\/\/sv.wikipedia.org\/wiki\/Daniel_Blendulf\" target=\"_blank\">Wikipedia<\/a> <a title=\"Info\" href=\"http:\/\/www.harrisonparrott.com\/artist\/profile\/daniel-blendulf%20\" target=\"_blank\">info <\/a><br \/>\nLars Henriksson <a title=\"Operalaven\" href=\"http:\/\/www.operalaven.se\" target=\"_blank\">hemsida<\/a><br \/>\nNorrk\u00f6pings symfoniorkester <a title=\"SON\" href=\"http:\/\/www.norrkopingssymfoniorkester.se\" target=\"_blank\">hemsida<\/a> <a title=\"Facebook\" href=\"https:\/\/www.facebook.com\/norrkoping.symphony?fref=ts\" target=\"_blank\">Facebook<\/a><\/p>\n<p>&nbsp;<\/p>\n","protected":false},"excerpt":{"rendered":"<p>NORRK\u00d6PING Vi vill g\u00e4rna p\u00e5minna oss om sopranen Camilla Tillings \u00f6stg\u00f6tska ursprung, uppvuxen i Link\u00f6ping som hon \u00e4r. I l\u00f6rdags g\u00e4stade hon Norrk\u00f6pings symfoniorkester och n\u00e4ra nog fyllde De Geerhallen. Stor musik uppstod. <a class=\"continue-reading-link\" href=\"https:\/\/www.kultursidan.nu\/?p=18102\">L\u00e4s mer <span class=\"meta-nav\">&rarr; <\/span><\/a><\/p>\n","protected":false},"author":1001006,"featured_media":0,"comment_status":"closed","ping_status":"open","sticky":false,"template":"","format":"standard","meta":{"_jetpack_memberships_contains_paid_content":false,"footnotes":""},"categories":[7],"tags":[13,11],"class_list":["post-18102","post","type-post","status-publish","format-standard","hentry","category-norrkoping","tag-musik","tag-opera"],"jetpack_featured_media_url":"","jetpack_sharing_enabled":true,"_links":{"self":[{"href":"https:\/\/www.kultursidan.nu\/index.php?rest_route=\/wp\/v2\/posts\/18102","targetHints":{"allow":["GET"]}}],"collection":[{"href":"https:\/\/www.kultursidan.nu\/index.php?rest_route=\/wp\/v2\/posts"}],"about":[{"href":"https:\/\/www.kultursidan.nu\/index.php?rest_route=\/wp\/v2\/types\/post"}],"author":[{"embeddable":true,"href":"https:\/\/www.kultursidan.nu\/index.php?rest_route=\/wp\/v2\/users\/1001006"}],"replies":[{"embeddable":true,"href":"https:\/\/www.kultursidan.nu\/index.php?rest_route=%2Fwp%2Fv2%2Fcomments&post=18102"}],"version-history":[{"count":0,"href":"https:\/\/www.kultursidan.nu\/index.php?rest_route=\/wp\/v2\/posts\/18102\/revisions"}],"wp:attachment":[{"href":"https:\/\/www.kultursidan.nu\/index.php?rest_route=%2Fwp%2Fv2%2Fmedia&parent=18102"}],"wp:term":[{"taxonomy":"category","embeddable":true,"href":"https:\/\/www.kultursidan.nu\/index.php?rest_route=%2Fwp%2Fv2%2Fcategories&post=18102"},{"taxonomy":"post_tag","embeddable":true,"href":"https:\/\/www.kultursidan.nu\/index.php?rest_route=%2Fwp%2Fv2%2Ftags&post=18102"}],"curies":[{"name":"wp","href":"https:\/\/api.w.org\/{rel}","templated":true}]}}