{"id":18424,"date":"2015-01-05T16:33:23","date_gmt":"2015-01-05T15:33:23","guid":{"rendered":"https:\/\/intelligent-friend-7861.standoutwp.com\/?p=18424"},"modified":"2015-01-05T18:55:06","modified_gmt":"2015-01-05T17:55:06","slug":"hogklassig-stipendiekonsert-i-st-olai","status":"publish","type":"post","link":"https:\/\/www.kultursidan.nu\/?p=18424","title":{"rendered":"H\u00f6gklassig stipendiekonsert i S:t Olai"},"content":{"rendered":"<p><a href=\"https:\/\/www.kultursidan.nu\/wp-content\/uploads\/2015\/01\/Johan-och-Inger-Dalene.jpg\"><img loading=\"lazy\" decoding=\"async\" class=\"alignnone size-medium wp-image-18425\" src=\"https:\/\/www.kultursidan.nu\/wp-content\/uploads\/2015\/01\/Johan-och-Inger-Dalene-567x377.jpg\" alt=\"Johan och Inger Dalene\" width=\"567\" height=\"377\" srcset=\"https:\/\/www.kultursidan.nu\/wp-content\/uploads\/2015\/01\/Johan-och-Inger-Dalene-567x377.jpg 567w, https:\/\/www.kultursidan.nu\/wp-content\/uploads\/2015\/01\/Johan-och-Inger-Dalene.jpg 1024w, https:\/\/www.kultursidan.nu\/wp-content\/uploads\/2015\/01\/Johan-och-Inger-Dalene-501x333.jpg 501w, https:\/\/www.kultursidan.nu\/wp-content\/uploads\/2015\/01\/Johan-och-Inger-Dalene-150x100.jpg 150w\" sizes=\"auto, (max-width: 567px) 100vw, 567px\" \/><\/a><br \/>\n<em>Intensitet.\u00a0Johan Dalene ackompanjerades av mamma Inger Dalene vid konserten i S:t Olai kyrka.<br \/>\n<\/em><\/p>\n<p>&nbsp;<\/p>\n<h1><span style=\"color: #ff0000;\">Ett av de st\u00f6rsta musikstipendierna i Sverige<\/span><\/h1>\n<p>&nbsp;<\/p>\n<p><strong>Johan Dalene gillar sv\u00e5ra och snabba l\u00e5tar.<\/strong> S\u00e5 skicklig \u00e4r den unge violinisten, han \u00e4r bara 14 \u00e5r, att han i s\u00f6ndags fick ta emot G. T. B\u00e4ckmans stora stipendium p\u00e5 110.000 kronor. Vid konserten i S:t Olai kyrka medverkade ocks\u00e5 Joel Persson Haag och Linnea T\u00f6rnqvist, \u00e4ven de stipendiater om \u00e4n mottagare av blygsammare summor.<\/p>\n<p><strong>G. T. B\u00e4ckmans stipendium \u00e4r ett av de st\u00f6rsta i Sverige men \u00e4n s\u00e5 l\u00e4nge ganska ok\u00e4nt.<\/strong> Uppl\u00e4gget med fler stipendiater och flera fonder \u2013 \u00e4ven rena studiestipendier delades ut \u2013 ledde till att antalet \u00e5h\u00f6rare i kyrkan v\u00e4xt betydligt j\u00e4mf\u00f6rt med tidigare \u00e5r. De som var p\u00e5 plats fick ta del av en h\u00f6gklassig och omv\u00e4xlande konsert med mycket smak av sp\u00e4nnande 1800-tal men ocks\u00e5 1900-tal.<\/p>\n<p>I programmet ingick \u00e4ven rena textinslag, \u00d6stg\u00f6tateaterns chef Johan Celander l\u00e4ste tre valda texter: (misst\u00e4nkte) husguden George Taboris programf\u00f6rklaring d\u00e4r \u201dl\u00f6gnare\u201d var nyckelordet, fortsatte p\u00e5 det om\u00f6jliga temat med hj\u00e4lp av dikter av Gunnar Ekel\u00f6f och Bruno K \u00d6ijer.<\/p>\n<p>&nbsp;<\/p>\n<p><iframe loading=\"lazy\" src=\"https:\/\/www.flickr.com\/photos\/kultursidan\/16018772847\/in\/set-72157650120985052\/player\/\" width=\"400\" height=\"280\" frameborder=\"0\" allowfullscreen=\"allowfullscreen\"><\/iframe><br \/>\n<em> Linnea T\u00f6rnqvist ber\u00e4ttade om operan La Sonnambula. Sedan lade hon ifr\u00e5n sig mikrofonen och sj\u00f6ng.<\/em><\/p>\n<p>&nbsp;<\/p>\n<p><strong>Solisten Linnea T\u00f6rnqvist och s\u00e5ngare ur Olais Motettk\u00f6r inledde med <em>I wonder as I wander<\/em>,<\/strong> ett raffinerat stycke f\u00f6r k\u00f6r och solist av brittiske tons\u00e4ttaren John Rutter. Stycket bygger p\u00e5 amerikansk folkvisegrund men har gjorts om till en Christmas Carol d\u00e4r k\u00f6ren, ledd av konsertens sammanh\u00e5llande musiker Inger Dalene, tar en framtr\u00e4dande plats med avancerade nyanser gr\u00e4nsande till soloinsatser. Linnea T\u00f6rnqvists klara solo skrevs ursprungligen f\u00f6r baryton.<\/p>\n<p><strong>Linnea T\u00f6rnqvist \u00e5terkom under konserten med tv\u00e5 arior ur Bellinis opera <em>La Sonnambula<\/em> <\/strong>\u2013 dramatiska <em>Ah! non credea mirarti\u2026<\/em> och l\u00e4ttsamma <em>Ah! non giunge\u2026 <\/em>ackompanjerad av Inger Dalene<em>. <\/em>H\u00e4r anv\u00e4nde Linnea sig av ett v\u00e4l sammanh\u00e5llet vibrato enligt \u00e4ldre tids sed (Jenny Lind sj\u00f6ng titelrollen 1843). Linneas r\u00f6st har mognat v\u00e4l och har en bred klang \u2013 jag lurades att tro att hon l\u00e5g p\u00e5 mezzoniv\u00e5 men h\u00e4r var det full sopranh\u00f6jd. Skrattet l\u00e5g p\u00e5 lur i koloraturerna.<\/p>\n<p>\u2013 Vi har mycket sceniskt arbete och g\u00f6r produktioner, ber\u00e4ttade Linnea T\u00f6rnqvist om utbildningen vid Stockholms Operastudio som drivs av Kulturama.<\/p>\n<p>&nbsp;<\/p>\n<p><iframe loading=\"lazy\" src=\"https:\/\/www.flickr.com\/photos\/kultursidan\/16202705221\/in\/set-72157650120985052\/player\/\" width=\"400\" height=\"280\" frameborder=\"0\" allowfullscreen=\"allowfullscreen\"><\/iframe><br \/>\n<em> Joel Persson fyllde rummet med flygelns klanger i en brett upplagd improvisation \u00f6ver s\u00e5ngen Some day my prince will come.<\/em><\/p>\n<p>&nbsp;<\/p>\n<p><strong>Joel Persson Haag l\u00e4rde jag f\u00f6rst k\u00e4nna som beg\u00e5vad trumpetare vid Kulturskolans familjekonserter f\u00f6r m\u00e5nga \u00e5r sedan. <\/strong>Men det var vid S:t Olais stora flygel han nu slog sig ned f\u00f6r att improvisera \u00f6ver Frank Churchills <em>Some day my prince will come<\/em> skriven f\u00f6r Disneys <em>Sn\u00f6vit.<\/em> En lyrisk-romantisk impression som via fragmentariska nedslag i l\u00e5ten \u00f6vergick till ett brusande under kyrkvalven \u00e0 la Keith Jarrets ber\u00f6mda K\u00f6lnerkonsert. Jazzmusikern Joel h\u00f6ll sig tillbaka f\u00f6r ett mer genre\u00f6verskridande skapande.<\/p>\n<p>\u2013 Jag komponerar mest nu. Att improvisera och komponera g\u00e5r hand i hand f\u00f6r mig, kommenterade Joel Persson Haag efter konserten.<\/p>\n<p><strong>Joel Persson Haag studerar improvisation vid Musikh\u00f6gskolan i G\u00f6teborg och siktar p\u00e5 att kombinera eget skapande med undervisning.<\/strong> Han har varken sl\u00e4ppt trumpeten eller jazzen, tidigare han har studerat vid Fridhems och Skurups folkh\u00f6gskolor.<\/p>\n<p>\u2013 Jag spelade trumpet p\u00e5 Crescendo f\u00f6r en vecka sedan, s\u00e4ger Joel Person Haag och syftar p\u00e5 mellandagarnas hemv\u00e4ndarspelning med v\u00e4nner.<\/p>\n<p>&nbsp;<\/p>\n<p><iframe loading=\"lazy\" src=\"https:\/\/www.flickr.com\/photos\/kultursidan\/16017088358\/in\/set-72157650120985052\/player\/\" width=\"400\" height=\"280\" frameborder=\"0\" allowfullscreen=\"allowfullscreen\"><\/iframe><br \/>\n<em> K\u00f6ren avslutade med dansanta juls\u00e5ngen Tomorrow shall be my dancing day.<\/em><\/p>\n<p>&nbsp;<\/p>\n<p><strong>Yngst och virtuost. Johan Dalene tog hem dagens mest rungande bifall efter dramatiska <em>Carmen Fantasy <\/em>av <\/strong><strong>Pablo de Sarasate.<\/strong> T\u00e4nk en intensiv violinist och dubblera det! Stycket \u00e4r rena <em>Carmen<\/em>-medleyt i h\u00f6goktanigt tempo. L\u00e4gg till Johans fylliga ton och k\u00e4nsliga str\u00e5kf\u00f6ring.<\/p>\n<p>\u2013 Jag gillar den typen av stycken, sv\u00e5ra och snabba, sade Johan Dalene. Det beror p\u00e5 hur komposit\u00f6ren har skrivit. Det \u00e4r b\u00e5de jag, min l\u00e4rare och mina f\u00f6r\u00e4ldrar som v\u00e4ljer styckena.<\/p>\n<p><strong>Johan Dalene \u00e4r inte \u00f6verraskande uppvuxen i en musikerfamilj,<\/strong> och \u00e4ven om han f\u00f6rst ville spela cello som pappa Torstein (i Norrk\u00f6pings symfoniorkester), s\u00e5 blev det fiol. De senaste \u00e5ren har framg\u00e5ngarna kommit t\u00e4tt med t\u00e4vlingar och solistframtr\u00e4danden. Vi \u00e4r vana vid att se mamma Inger Dalene ackompanjera och s\u00e5 gjorde hon f\u00f6rst\u00e5s \u00e4ven nu.<\/p>\n<p>\u2013 Det \u00e4r kul att kunna spela med en pianist n\u00e4r man vill, s\u00e4ger Johan Dalene om det praktiska med att spela ihop med sin mamma.<\/p>\n<p>\u2013 Det \u00e4r ocks\u00e5 kul nu n\u00e4r han b\u00f6rjar komma med egna id\u00e9er, kontrar Inger Dalene.<\/p>\n<p><strong>Johan Dalene har i flera \u00e5r matchats med j\u00e4mb\u00f6rdiga unga musiker i Trio Grande,<\/strong> som ett s\u00e4tt f\u00f6r dem att utvecklas p\u00e5 sin elitniv\u00e5.<\/p>\n<p>\u2013 Det \u00e4r j\u00e4ttekul att spela kammarmusik, kommenterar Johan Dalene. Men pianisten har l\u00e4mnat oss s\u00e5 Trio Grande finns inte l\u00e4ngre. Fast jag och cellisten forts\u00e4tter, kanske vi hittar en ny pianist.<\/p>\n<p>Om musikens spr\u00e5k s\u00e4ger han, som beh\u00e4rskar det s\u00e5 v\u00e4l, att det \u00e4r till f\u00f6r n\u00e4r &#8221;det \u00e4r n\u00e5got viktigt, som man inte kan uttrycka genom att prata.&#8221;<\/p>\n<p><em>Text: Ann-Charlotte Sandelin<br \/>\nFoto: Sven \u00c5ke Molund och Ann-Charlotte Sandelin<\/em><\/p>\n<p>BILDSPEL (FLASH) \u2013 KLICKA P\u00c5 BILDEN <em>ALT\/MOBIL: SE BILDSPELET <a title=\"Bildspel\" href=\"https:\/\/www.flickr.com\/photos\/kultursidan\/sets\/72157650120985052\/show\/\" target=\"_blank\">H\u00c4R<\/a><\/em><br \/>\n<object width=\"400\" height=\"300\"><param name=\"flashvars\" value=\"offsite=true&amp;lang=en-us&amp;page_show_url=%2Fphotos%2Fkultursidan%2Fsets%2F72157650120985052%2Fshow%2F&amp;page_show_back_url=%2Fphotos%2Fkultursidan%2Fsets%2F72157650120985052%2F&amp;set_id=72157650120985052&amp;jump_to=\" \/><param name=\"movie\" value=\"https:\/\/www.flickr.com\/apps\/slideshow\/show.swf?v=1811922554\" \/><param name=\"allowFullScreen\" value=\"true\" \/><\/object><\/p>\n<blockquote>\n<h3><em>S:T OLAI KYRKA Norrk\u00f6ping<\/em><\/h3>\n<p>5 januari 2015<em><br \/>\n<strong>Konsert med stipendieutdelning<\/strong><\/em><\/p>\n<p style=\"padding-left: 30px;\"><em>PROGRAM<\/em><\/p>\n<p style=\"padding-left: 60px;\"><em><strong> Rutter<\/strong> \u2013 I wonder as I wander<\/em><br \/>\n<em> Vokalensemble ur S:t Olai Motettk\u00f6r och solisten Linnea T\u00f6rnqvist, sopran<\/em><\/p>\n<p style=\"padding-left: 60px;\"><em><strong> Churchill<\/strong> \u2013 Someday my prince will come<\/em><br \/>\n<em> Improvisation av Joel Persson Haag, piano<\/em><\/p>\n<p style=\"padding-left: 60px;\"><em><strong> Sl\u00f6gedal<\/strong> \u2013 Variationer \u00f6ver norsk folklig koral<\/em><br \/>\n<em> Inger Dalene<\/em><\/p>\n<p style=\"padding-left: 60px;\"><em><strong> Bellini<\/strong> \u2013 ur La Sonnanambula <\/em><br \/>\n<em> Linnea T\u00f6rnqvist, sopran, Inger Dalene, piano<\/em><\/p>\n<p style=\"padding-left: 60px;\"><em>Texter av<strong> G Tabori, G Ekel\u00f6f <\/strong>och<strong> Bruno K \u00d6ijer<\/strong><\/em><br \/>\n<em> Johan Celander<\/em><\/p>\n<p style=\"padding-left: 60px;\"><em><strong> Sarasate<\/strong> \u2013 Carmen Fantasy<\/em><br \/>\n<em> Johan Dalene, violin, Inger Dalene, piano<\/em><\/p>\n<p style=\"padding-left: 60px;\"><em><strong> Gardner<\/strong> \u2013 Tomorrow shall be my dancing day<\/em><br \/>\n<em> Vokalensemble ur S:t Olai Motettk\u00f6r ledd av Inger Dalene<\/em><\/p>\n<p style=\"padding-left: 30px;\"><em>STIPENDIATER<br \/>\n<\/em><\/p>\n<p style=\"padding-left: 60px;\"><em><strong>G.<\/strong> <\/em><em><strong>T. B\u00e4ckmans stipendium<\/strong> Johan Dalene <\/em><\/p>\n<p style=\"padding-left: 60px;\"><em><strong>A H Godes stipendium<\/strong> Joel Persson Haag och Linnea T\u00f6rnqvist<\/em><\/p>\n<\/blockquote>\n<p>L\u00c4NKAR<br \/>\nJoel Persson Haag <a title=\"SoundCloud\" href=\"https:\/\/soundcloud.com\/joel-persson-haag\" target=\"_blank\">SoundCloud <\/a><br \/>\nLinnea T\u00f6rnqvist <a title=\"Linnea T\u00f6rnqvist\" href=\"http:\/\/linneatornqvist.blogspot.se\" target=\"_blank\">hemsida <\/a><br \/>\nG. T. B\u00e4ckmans stipendium m fl <a title=\"Info\" href=\"http:\/\/www.svenskakyrkan.se\/default.aspx?id=1163220\" target=\"_blank\">info<\/a><br \/>\nJohan Dalene f\u00e5r stort stipendium <a title=\"Johan Dalene f\u00e5r stort stipendium\" href=\"https:\/\/www.kultursidan.nu\/?p=18006\" target=\"_blank\">reportage<\/a> Kultursidan.nu 25\/11 2014<\/p>\n","protected":false},"excerpt":{"rendered":"<p>NORRK\u00d6PING Johan Dalene gillar sv\u00e5ra och snabba l\u00e5tar. S\u00e5 skicklig \u00e4r den unge violinisten att han i s\u00f6ndags fick ta emot G. T. B\u00e4ckmans stora stipendium. Vid konserten medverkade Joel Persson Haag och Linnea T\u00f6rnqvist, \u00e4ven de stipendiater. <a class=\"continue-reading-link\" href=\"https:\/\/www.kultursidan.nu\/?p=18424\">L\u00e4s mer <span class=\"meta-nav\">&rarr; <\/span><\/a><\/p>\n","protected":false},"author":1001006,"featured_media":0,"comment_status":"closed","ping_status":"open","sticky":false,"template":"","format":"standard","meta":{"_jetpack_memberships_contains_paid_content":false,"footnotes":""},"categories":[7],"tags":[13,88],"class_list":["post-18424","post","type-post","status-publish","format-standard","hentry","category-norrkoping","tag-musik","tag-stipendium"],"jetpack_featured_media_url":"","jetpack_sharing_enabled":true,"_links":{"self":[{"href":"https:\/\/www.kultursidan.nu\/index.php?rest_route=\/wp\/v2\/posts\/18424","targetHints":{"allow":["GET"]}}],"collection":[{"href":"https:\/\/www.kultursidan.nu\/index.php?rest_route=\/wp\/v2\/posts"}],"about":[{"href":"https:\/\/www.kultursidan.nu\/index.php?rest_route=\/wp\/v2\/types\/post"}],"author":[{"embeddable":true,"href":"https:\/\/www.kultursidan.nu\/index.php?rest_route=\/wp\/v2\/users\/1001006"}],"replies":[{"embeddable":true,"href":"https:\/\/www.kultursidan.nu\/index.php?rest_route=%2Fwp%2Fv2%2Fcomments&post=18424"}],"version-history":[{"count":0,"href":"https:\/\/www.kultursidan.nu\/index.php?rest_route=\/wp\/v2\/posts\/18424\/revisions"}],"wp:attachment":[{"href":"https:\/\/www.kultursidan.nu\/index.php?rest_route=%2Fwp%2Fv2%2Fmedia&parent=18424"}],"wp:term":[{"taxonomy":"category","embeddable":true,"href":"https:\/\/www.kultursidan.nu\/index.php?rest_route=%2Fwp%2Fv2%2Fcategories&post=18424"},{"taxonomy":"post_tag","embeddable":true,"href":"https:\/\/www.kultursidan.nu\/index.php?rest_route=%2Fwp%2Fv2%2Ftags&post=18424"}],"curies":[{"name":"wp","href":"https:\/\/api.w.org\/{rel}","templated":true}]}}