{"id":18488,"date":"2015-01-13T18:40:41","date_gmt":"2015-01-13T17:40:41","guid":{"rendered":"https:\/\/intelligent-friend-7861.standoutwp.com\/?p=18488"},"modified":"2019-05-10T16:53:57","modified_gmt":"2019-05-10T15:53:57","slug":"carl-malmstenstudenter-lar-om-chambert","status":"publish","type":"post","link":"https:\/\/www.kultursidan.nu\/?p=18488","title":{"rendered":"Carl Malmstenstudenter l\u00e4r om Chambert"},"content":{"rendered":"<p><a title=\"Sebastian Gonzales, Rebecka \u00d6berg, Victor Ohlsson, Linda Palm.\" href=\"https:\/\/www.flickr.com\/photos\/kultursidan\/16246294036\/in\/album-72157650267674451\/\"><img loading=\"lazy\" decoding=\"async\" src=\"https:\/\/live.staticflickr.com\/7498\/16246294036_a74d51d1a1.jpg\" alt=\"Sebastian Gonzales, Rebecka \u00d6berg, Victor Ohlsson, Linda Palm.\" width=\"500\" height=\"333\" \/><\/a><br \/>\n<em>Inspiration fr\u00e5n Erik Chambert. M\u00f6belstudenterna Sebastian Gonzalez, Rebecka \u00d6rberg, Victor Ohlsson och Linda Palm vid stolen Poem. I gruppen ing\u00e5r \u00e4ven Anna Ringaby.<\/em><\/p>\n<p>&nbsp;<\/p>\n<h1><span style=\"color: #ff0000;\">Vill lyfta fram Erik Chambert som m\u00f6belikon<\/span><\/h1>\n<p>&nbsp;<\/p>\n<p><strong>Fr\u00e5n en m\u00f6belikon till en annan.<\/strong> I tisdags studerade sista\u00e5rsstudenter vid Carl Malmsten Furniture Studies stolar och m\u00f6nster skapade av Norrk\u00f6pingssonen Erik Chambert. M\u00e5let \u00e4r att skapa nya bruksf\u00f6rem\u00e5l inspirerade av det gamla. I september kan Norrk\u00f6pingsborna f\u00e5 se resultatet.<\/p>\n<p><strong>P\u00e5 Liding\u00f6 i Stockholm ligger Link\u00f6pings universitets minsta Campus.<\/strong> M\u00f6belinriktade Carl Malmsten Furniture Studies \u00e4r n\u00e4mligen en del av Link\u00f6pings universitet sedan \u00e5r 2000.<\/p>\n<p>Sista\u00e5rseleverna vid programmen f\u00f6r m\u00f6beldesign, snickeri, tapetsering och konservering g\u00e4stade Norrk\u00f6ping p\u00e5 tisdagen. I Br\u00e5vallamagasinet studerade de stolar och textilm\u00f6nster som skapats av inredningsarkitekten, konstn\u00e4ren och m\u00f6beldesignern Erik Chambert, 1902 \u2013 1988, verksam vid familjef\u00f6retaget Chamberts i Norrk\u00f6ping.<\/p>\n<p>\u2013 Vi vill lyfta fram Erik Chambert som m\u00f6belikon, s\u00e4ger Stadsmuseets intendent Bonnie Festin, glad \u00f6ver studenternas intresse.<\/p>\n<p>\u2013 Studenterna \u00e4r h\u00e4r f\u00f6r att h\u00e4mta inspiration, kunskap och dokumentation. De ska bli f\u00f6rtrogna med Erik Chamberts konstspr\u00e5k, forts\u00e4tter Johan Knutsson, professor i m\u00f6belkultur vid utbildningen. En grundpelare i v\u00e5r utbildningsfilosofi \u00e4r att ta tillvara kulturarvet.<\/p>\n<p>&nbsp;<\/p>\n<p><iframe loading=\"lazy\" src=\"https:\/\/www.flickr.com\/photos\/kultursidan\/16086091109\/in\/set-72157650267674451\/player\/\" width=\"400\" height=\"280\" frameborder=\"0\" allowfullscreen=\"allowfullscreen\"><\/iframe><br \/>\n<em> Chamberts m\u00f6nster skildrar den moderna tidens Norrk\u00f6ping. F\u00f6r Rebecka \u00d6berg visar Erik Chambert och hans tid att satsningarna p\u00e5 kultur och design var nycklarna till ett framg\u00e5ngsrikt samh\u00e4lle.<br \/>\n<\/em><\/p>\n<p>&nbsp;<\/p>\n<p><strong>Uppdelade i tv\u00e4rvetenskapliga grupper kastar sig studenterna \u00f6ver uppgiften.<\/strong> Snickeristudenterna m\u00e4ter, designstudenterna skriver, tapetserarna fotograferar och unders\u00f6ker m\u00f6nster och material. Studenterna ska n\u00e4mligen tillverka en replik av stolen, allts\u00e5 en kopia n\u00e4r de \u00e4r tillbaka p\u00e5 Campus Liding\u00f6.<\/p>\n<p>\u2013 Jag skrev ner v\u00e5ra k\u00e4nslor och intryck fr\u00e5n m\u00f6beln innan jag pratade med Bonnie som \u00e4r konstvetare, s\u00e4ger designstudenten Rebecka \u00d6berg som ber\u00e4ttar att gruppen ocks\u00e5 ska skriva en ess\u00e4 om uppdraget.<\/p>\n<p>Hon visar det m\u00f6nster som museet lagt fram, med Konstmuseet, flygplan fr\u00e5n F13 och en hamnkran.<\/p>\n<p>\u2013 Det \u00e4r Norrk\u00f6ping, med krematoriet d\u00e4r, visar Rebecka \u00d6berg.<\/p>\n<p>I Stadsmuseets stora f\u00f6rr\u00e5d visar intendenten Anna Wastesson tv\u00e5 sk\u00e5p signerade Erik Chambert. Studenter och l\u00e4rare flockas kring de vackra sk\u00e5pen. Victor Ohlsson fotograferar intresserat.<\/p>\n<p><strong>\u2013 Studenterna ska sedan l\u00e4gga ihop det de l\u00e4rt sig h\u00e4r och skapa n\u00e5got helt nytt.<\/strong> Det beh\u00f6ver inte ens vara en stol, men vi l\u00e4rare ska kunna se sl\u00e4ktskapet med Erik Chamberts verk, ber\u00e4ttar Johan Knutsson.<\/p>\n<p>\u2013 Snickaren och tapetserarna g\u00f6r repliken medan Victor och jag letar inspirationsmaterial, samlar bilder p\u00e5 k\u00e4nslor vi f\u00e5tt fr\u00e5n Erik Chamberts stol. Vi har redan b\u00f6rjat tala om att komplettera stolen med ett sk\u00e5p, s\u00e4ger Rebecka \u00d6berg. D\u00e4r vill vi ta vara p\u00e5 hans m\u00f6nster och det fantasifulla.<\/p>\n<p>&nbsp;<\/p>\n<p><iframe loading=\"lazy\" src=\"https:\/\/www.flickr.com\/photos\/kultursidan\/16271400802\/in\/set-72157650267674451\/player\/\" width=\"280\" height=\"400\" frameborder=\"0\" allowfullscreen=\"allowfullscreen\"><\/iframe><br \/>\n<em>\u2013 Jag tror p\u00e5 m\u00f6bler som har en ber\u00e4ttelse, som den h\u00e4r, s\u00e4ger Sebastian Gonzalez och lyfter upp Poem. Det \u00e4r en kung som har d\u00f6pt den.<\/em><\/p>\n<p>&nbsp;<\/p>\n<p><strong>Efter Chambertstudierna \u00e4r det dags f\u00f6r studenternas individuella examensarbeten.<\/strong> Kanske det blir fler verk \u00e0 la Erik Chamberts eleganta funkis. Rebecka \u00d6berg s\u00e4ger att det inte \u00e4r ovanligt att grupprojektet inspirerar studenterna i deras examensjobb.<\/p>\n<p>Sebastian Gonzalez har dock redan klart f\u00f6r sig vad han vill g\u00f6ra som sin ges\u00e4llm\u00f6bel. Inspirationen kommer fr\u00e5n Chile.<\/p>\n<p>\u2013 Mina m\u00f6bler \u00e4r speciella. De ber\u00e4ttar om min bakgrund, men \u00e4r gjorda p\u00e5 det svenska s\u00e4ttet.<\/p>\n<p><strong>Efter utbildningen vill Sebastian Gonzalez arbeta i sitt eget f\u00f6retag, firmanamnet Ekorren st\u00e5r tryckt p\u00e5 jackans ryggtavla.<\/strong> Sebastian siktar p\u00e5 att samarbeta med en m\u00f6beldesigner som ocks\u00e5 g\u00e5r p\u00e5 Carl Malmsten Furniture Studies. Det \u00e4r en inte ovanlig kombination f\u00f6r utbildningens elever efter att de tagit sin kandidatexamen. En del g\u00e5r till h\u00f6gre studier, tar masterexamen. M\u00e5nga blir entrepren\u00f6rer, som Sebastian Gonzales. Andra f\u00e5r anst\u00e4llning p\u00e5 arkitektkontor, designkontor och f\u00f6rst\u00e5s inom m\u00f6belindustrin.<\/p>\n<p>\u2013 De har med sig bra verktyg f\u00f6r att g\u00f6ra produktionsunderlag f\u00f6r industrin, f\u00f6rklarar Le\u00f2 J\u00f2hannsson som \u00e4r ansvarig f\u00f6r M\u00f6beldesignprogrammet.<\/p>\n<p>&nbsp;<\/p>\n<p><iframe loading=\"lazy\" src=\"https:\/\/www.flickr.com\/photos\/kultursidan\/16271399992\/in\/set-72157650267674451\/player\/\" width=\"280\" height=\"400\" frameborder=\"0\" allowfullscreen=\"allowfullscreen\"><\/iframe><br \/>\n<em>\u2013 Jag tycker att det svenska 1930-talet \u00e4r j\u00e4ttesp\u00e4nnande. Politiken, samh\u00e4llsutvecklingen, designen som samverkade f\u00f6r att h\u00f6ja standarden f\u00f6r de fattigaste, s\u00e4ger Rebecka \u00d6berg. <\/em><\/p>\n<p>&nbsp;<\/p>\n<p><strong>\u2013 En positiv \u00f6verraskning med utbildningen \u00e4r att det inte \u00e4r s\u00e5 introvert skapande som man kan tro.<\/strong> Det handlar mycket mer om projektledning. Vill man skapa n\u00e5got fantastiskt s\u00e5 g\u00e4ller det att kunna samarbeta och driva fram\u00e5t, s\u00e4ger Rebecka \u00d6berg.<\/p>\n<p><strong>Efter arbetet i det kyliga Br\u00e5vallamagasinet avslutas dagen p\u00e5 Konstmuseet<\/strong> d\u00e4r eleverna f\u00e5r se Erik Chamberts originalskisser och f\u00f6rlagor till textilm\u00f6nster, v\u00e4ggm\u00e5lningar och rid\u00e5er. Det \u00e4r ocks\u00e5 p\u00e5 Konstmuseet som m\u00f6belstudenternas nyskapade verk vid en utst\u00e4llning i september.<\/p>\n<p><em>Text och foto: Ann-Charlotte Sandelin<\/em><\/p>\n<p>BILDSPEL \u2013 KLICKA P\u00c5 BILDEN<\/p>\n<p><a data-flickr-embed='true' href='https:\/\/www.flickr.com\/photos\/kultursidan\/albums\/72157650267674451\/' title='M\u00f6belstudenter, Br\u00e5vallamagasinet, 2015 by Kultursidan, on Flickr'><img src='https:\/\/live.staticflickr.com\/7525\/16271400802_b1183e30c5_c.jpg' width='800' height='600' alt='Sebastian Gonzalez lyfter Chamberts Poem.'><\/a><script async src='https:\/\/embedr.flickr.com\/assets\/client-code.js' charset='utf-8'><\/script><\/p>\n<p>L\u00c4NKAR<br \/>\nErik Chambert <a title=\"Erik Chambert\" href=\"http:\/\/erikchambert.se\/_\/\" target=\"_blank\" rel=\"noopener noreferrer\">hemsida <\/a><br \/>\nCarl Malmsten Furniture Studies <a title=\"Carl Malmsten Furniture Studies\" href=\"https:\/\/www.iei.liu.se\/malmstens?l=sv\" target=\"_blank\" rel=\"noopener noreferrer\">hemsida <\/a><br \/>\nStadsmuseet <a title=\"Norrk\u00f6pings stadsmuseum\" href=\"http:\/\/www.norrkoping.se\/kultur-fritid\/museer\/stadsmuseum\/\" target=\"_blank\" rel=\"noopener noreferrer\">hemsida<\/a> <a title=\"Facebook\" href=\"https:\/\/www.facebook.com\/Norrkopingsstadsmuseum?fref=ts\" target=\"_blank\" rel=\"noopener noreferrer\">Facebook<\/a><\/p>\n","protected":false},"excerpt":{"rendered":"<p>NORRK\u00d6PING Fr\u00e5n en m\u00f6belikon till en annan. I tisdags studerade sista\u00e5rsstudenter vid Carl Malmsten Furniture Studies stolar och m\u00f6nster skapade av Norrk\u00f6pingssonen Erik Chambert. M\u00e5let \u00e4r att skapa n\u00e5got nytt inspirerat av det gamla. <a class=\"continue-reading-link\" href=\"https:\/\/www.kultursidan.nu\/?p=18488\">L\u00e4s mer <span class=\"meta-nav\">&rarr; <\/span><\/a><\/p>\n","protected":false},"author":1001006,"featured_media":0,"comment_status":"closed","ping_status":"open","sticky":false,"template":"","format":"standard","meta":{"_jetpack_memberships_contains_paid_content":false,"footnotes":""},"categories":[7],"tags":[75],"class_list":["post-18488","post","type-post","status-publish","format-standard","hentry","category-norrkoping","tag-design"],"jetpack_featured_media_url":"","jetpack_sharing_enabled":true,"_links":{"self":[{"href":"https:\/\/www.kultursidan.nu\/index.php?rest_route=\/wp\/v2\/posts\/18488","targetHints":{"allow":["GET"]}}],"collection":[{"href":"https:\/\/www.kultursidan.nu\/index.php?rest_route=\/wp\/v2\/posts"}],"about":[{"href":"https:\/\/www.kultursidan.nu\/index.php?rest_route=\/wp\/v2\/types\/post"}],"author":[{"embeddable":true,"href":"https:\/\/www.kultursidan.nu\/index.php?rest_route=\/wp\/v2\/users\/1001006"}],"replies":[{"embeddable":true,"href":"https:\/\/www.kultursidan.nu\/index.php?rest_route=%2Fwp%2Fv2%2Fcomments&post=18488"}],"version-history":[{"count":2,"href":"https:\/\/www.kultursidan.nu\/index.php?rest_route=\/wp\/v2\/posts\/18488\/revisions"}],"predecessor-version":[{"id":41418,"href":"https:\/\/www.kultursidan.nu\/index.php?rest_route=\/wp\/v2\/posts\/18488\/revisions\/41418"}],"wp:attachment":[{"href":"https:\/\/www.kultursidan.nu\/index.php?rest_route=%2Fwp%2Fv2%2Fmedia&parent=18488"}],"wp:term":[{"taxonomy":"category","embeddable":true,"href":"https:\/\/www.kultursidan.nu\/index.php?rest_route=%2Fwp%2Fv2%2Fcategories&post=18488"},{"taxonomy":"post_tag","embeddable":true,"href":"https:\/\/www.kultursidan.nu\/index.php?rest_route=%2Fwp%2Fv2%2Ftags&post=18488"}],"curies":[{"name":"wp","href":"https:\/\/api.w.org\/{rel}","templated":true}]}}