{"id":18649,"date":"2015-01-26T17:27:23","date_gmt":"2015-01-26T16:27:23","guid":{"rendered":"https:\/\/intelligent-friend-7861.standoutwp.com\/?p=18649"},"modified":"2015-01-26T17:27:23","modified_gmt":"2015-01-26T16:27:23","slug":"assi-molin-ateranvander-i-back-to-black","status":"publish","type":"post","link":"https:\/\/www.kultursidan.nu\/?p=18649","title":{"rendered":"Assi Molin \u00e5teranv\u00e4nder i Back to black"},"content":{"rendered":"<p><a href=\"https:\/\/www.kultursidan.nu\/wp-content\/uploads\/2015\/01\/Rid-i-natt-.jpg\"><img loading=\"lazy\" decoding=\"async\" class=\"alignnone size-medium wp-image-18650\" src=\"https:\/\/www.kultursidan.nu\/wp-content\/uploads\/2015\/01\/Rid-i-natt--567x378.jpg\" alt=\"Rid i natt\" width=\"567\" height=\"378\" srcset=\"https:\/\/www.kultursidan.nu\/wp-content\/uploads\/2015\/01\/Rid-i-natt--567x378.jpg 567w, https:\/\/www.kultursidan.nu\/wp-content\/uploads\/2015\/01\/Rid-i-natt--1024x682.jpg 1024w, https:\/\/www.kultursidan.nu\/wp-content\/uploads\/2015\/01\/Rid-i-natt--500x333.jpg 500w, https:\/\/www.kultursidan.nu\/wp-content\/uploads\/2015\/01\/Rid-i-natt--150x100.jpg 150w, https:\/\/www.kultursidan.nu\/wp-content\/uploads\/2015\/01\/Rid-i-natt-.jpg 1280w\" sizes=\"auto, (max-width: 567px) 100vw, 567px\" \/><\/a><br \/>\n<em>Rid i natt! H\u00e4r m\u00f6ts bildelement som h\u00e4mtats fr\u00e5n olika h\u00e5ll.<br \/>\n<\/em><\/p>\n<p>&nbsp;<\/p>\n<h1><span style=\"color: #ff0000;\">Fotokonst ger svart p\u00e5 vitt<\/span><\/h1>\n<p>&nbsp;<\/p>\n<p><strong>Fotokonsten \u00e4r p\u00e5 stark frammarsch och ger oss l\u00e4ttillg\u00e4ngliga bilder att ta till oss.<\/strong> <em>Back to black<\/em> kastar oss rakt in i svart och vitt, spelar med v\u00e5ra k\u00e4nslor mellan det m\u00f6rka och samtidigt positiva inom oss. <em>Tappa inte modet<\/em>, kallar konstn\u00e4ren Assi Molin ett av sina verk.<\/p>\n<p>&nbsp;<\/p>\n<p><iframe loading=\"lazy\" src=\"https:\/\/www.flickr.com\/photos\/kultursidan\/16372371162\/in\/set-72157650425537016\/player\/\" width=\"400\" height=\"280\" frameborder=\"0\" allowfullscreen=\"allowfullscreen\"><\/iframe><br \/>\n<em>Lars Eklund som invigde vernissagen p\u00e5 Galleri Sk\u00e5debanan tillsammans med Assi Molin. Verket heter Du n\u00e5r aldrig fram till h\u00e4ndelsehorisonten. <\/em><\/p>\n<p><em>\u00a0<\/em><\/p>\n<p><strong>Parallellt med Assi Molins verksamhet som informat\u00f6r har behovet att uttrycka sig alltid funnits d\u00e4r i form av konsten.<\/strong> Konstn\u00e4rer vill ofta ber\u00e4tta och dela med sig n\u00e5got och s\u00e5 \u00e4r fallet med utst\u00e4llningen <em>Back to black<\/em>. Assi Molin har en gedigen utbildning som borgar f\u00f6r bra konst: Studier p\u00e5 Bild- och formlinjen, Lunnevads folkh\u00f6gskola och Kulturvetarlinjen p\u00e5 Link\u00f6pings universitet.<\/p>\n<p>Assi Molin som till vardags arbetar som informat\u00f6r p\u00e5 \u00d6sterg\u00f6tlands museum har tidigare st\u00e4llt ut p\u00e5 <em>Jurybed\u00f6md salong<\/em> p\u00e5 \u00d6sterg\u00f6tlands museum 1984 och 2014, Krogen Amerika och Galleri Sander, g\u00f6r nu en separatutst\u00e4llning p\u00e5 Galleri Sk\u00e5debanan<\/p>\n<p><strong>Intresset f\u00f6r fotokonst har \u00f6kat under de senaste \u00e5ren.<\/strong> Fotokonsten \u00e4r sj\u00e4lvklart en ung konstform som har o\u00e4ndliga m\u00f6jligheter. Vi \u00e4r st\u00e4ndigt \u00f6versk\u00f6ljda av bilder och dess budskap. Det \u00e4r i datorn, TV och inte minst reklamen. De inneh\u00e5ller symboler som vill ber\u00e4tta n\u00e5got f\u00f6r oss. Det \u00e4r tacksamt med konstn\u00e4rer inom fotokonsten som f\u00e5ngar bildfl\u00f6det i \u00f6gonblicket och f\u00e5r oss att stanna till och fundera p\u00e5 vad de inneb\u00e4r f\u00f6r oss. Fotokonsten ligger \u00f6ppen och det \u00e4r l\u00e4tt f\u00f6r oss att ta till sig den eftersom vi k\u00e4nner till dess relativt enkla formspr\u00e5k och att det \u00e4r vanligt med bilder i v\u00e5r vardag.<\/p>\n<p>&nbsp;<\/p>\n<p><iframe loading=\"lazy\" src=\"https:\/\/www.flickr.com\/photos\/kultursidan\/16187040939\/in\/set-72157650425537016\/player\/\" width=\"400\" height=\"160\" frameborder=\"0\" allowfullscreen=\"allowfullscreen\"><\/iframe><br \/>\n<em>Vitt eller svart? Assi Molin pr\u00f6var h\u00e4r ett och samma motiv i tre olika varianter.<\/em><\/p>\n<p>&nbsp;<\/p>\n<p><strong><em>Back to black<\/em> framst\u00e4ller bilder, fotokonst.<\/strong> De \u00e4r inte bara slumpm\u00e4ssigt framst\u00e4llda bra bilder utan verkligen bearbetade med tanke och passion. Med den fina systemkameran tar Assi Molin bilder som exempelvis placeras i f\u00f6rgrunden och lite suddiga bilder med mobilkameran tagna fr\u00e5n ett bilf\u00f6nster i bakgrunden. Mobilkamerans bristande kvalitet kan bilda en naturlig suddighet som konstn\u00e4ren efterstr\u00e4var och vill skapa en effekt med.<\/p>\n<p><strong>Datorprogrammet Photoshop \u00e4r det redskap som ger konstn\u00e4ren o\u00e4ndliga m\u00f6jligheter.<\/strong> Det kr\u00e4ver dock mycket av sin konstn\u00e4r i form av teknisk kunskap. Det handlar om att veta hur man \u00e5stadkommer det man vill. Photoshop \u00e4r konstn\u00e4rens pensel och kunskapen om programmet dess penselteknik. Visst kan alla s\u00e4gas bli konstn\u00e4rer genom att i detta program anv\u00e4nda ett foto och sedan l\u00e4gga p\u00e5 ett enkelt filter. Det samma g\u00e4ller f\u00f6r en tavla i olja vilken kan komma till genom att dra tv\u00e5 streck?<\/p>\n<p>\u2013 Fotokonsten tar inte s\u00e5 l\u00e5ng tid i sj\u00e4lva utf\u00f6randet. Man kan p\u00e5 kort tid skapa effektfull konst. Vissa bilder som jag anv\u00e4nder \u00e4r flera \u00e5r gamla. Det tar tid att f\u00e5 inspiration till det som man vill skapa, s\u00e4ger Assi Molin.<\/p>\n<p>&nbsp;<\/p>\n<p><iframe loading=\"lazy\" src=\"https:\/\/www.flickr.com\/photos\/kultursidan\/15753270233\/in\/set-72157650425537016\/player\/\" width=\"400\" height=\"295\" frameborder=\"0\" allowfullscreen=\"allowfullscreen\"><\/iframe><br \/>\n<em>D\u00e4r stod vi allihop\u2026 f\u00f6rs\u00f6kte skyla v\u00e5ra axlar\u2026 skyla \u00f6ver v\u00e5ra brister.<\/em><\/p>\n<p><em>\u00a0<\/em><\/p>\n<p><strong>Nu kan mobilkameran bli det vassaste redskap som en konstn\u00e4r anv\u00e4nder<\/strong>. Att f\u00e5nga bilder precis var som helst i v\u00e5r vardag. Bildspr\u00e5ket kan bli diffust och suddigt men det \u00e4r sj\u00e4lva inneb\u00f6rden, tolkningen av bilden som \u00e4r viktig. P\u00e5 sociala medier till\u00e5ter vi bilder av s\u00e4mre kvalitet och kan riktigt uppskatta bilder tagna med mobilen. De har en inneb\u00f6rd i sig: Jag var d\u00e4r och vill dela med mig av mina intryck och erfarenheter.<\/p>\n<p>Assi Molins bilder \u00e4r fr\u00e5n b\u00f6rjan i f\u00e4rg men omvandlas till svartvitt. I allt \u00f6verfl\u00f6d av bilder med f\u00e4rg s\u00e5 kan svartvita bilder sticka ut mer. Det \u00e4r mycket av svart och vitt i Assis konst och ett bildspr\u00e5k med ofta ensamma m\u00e4nniskor och det \u00e4r vackert samtidigt som det \u00e4r sorgligt. Det \u00e4r en svart sida av sig sj\u00e4lv som Assi visar upp, en som vi alla har men f\u00e5 vill prata om.<\/p>\n<p>\u2013 Det \u00e4r en depressiv del av mig. Den tr\u00e4nger p\u00e5 och jag g\u00e5r ig\u00e5ng med starka k\u00e4nslor, ber\u00e4ttar Assi Molin.<\/p>\n<p><strong>Det \u00e4r konstrasterna mellan svart och vitt, sk\u00e4rpa och suddighet som pekar p\u00e5 det.<\/strong> Det \u00e4r en ber\u00e4ttelse om utsatthet, utanf\u00f6rskap och funderingar \u00f6ver tillvaron som Assi vill ber\u00e4tta om i sina verk. Han tittar in i framtiden? L\u00e4mnar han n\u00e5got bakom sig?<\/p>\n<p>I n\u00e5got verk har Assi anv\u00e4nt bilden av ett tallriksunderl\u00e4gg eller fotograferat diskl\u00f6dder som blir till sn\u00f6. Det \u00e4r ofta enkla och triviala f\u00f6rem\u00e5l som kan bli effektfulla i fotokonsten.<\/p>\n<p>\u2013 Jag sparar sj\u00e4lvklart m\u00e5nga bilder f\u00f6r att anv\u00e4nda senare. Ibland tittar jag igenom mina bilder och d\u00e5 f\u00e5r jag ibland en s\u00e5dan d\u00e4r wow-k\u00e4nsla, s\u00e4ger Assi Molin.<\/p>\n<p>N\u00e5gra tavlor \u00e4r m\u00e5lade med akryl f\u00f6r att ytterligare skapa effekter. Till vernissagen har Assi skapat intensivt \u00e4nda in i det sista.<\/p>\n<p>\u2013 Min konstn\u00e4rliga process fungerar som b\u00e4st d\u00e5 jag \u00e4r under press och jag arbetade l\u00e5ngt in p\u00e5 natten inf\u00f6r detta, s\u00e4ger Assi Molin.<\/p>\n<p><em>Text och foto: Per Oddman<\/em><\/p>\n<p>BILDSPEL (FLASH) \u2013 KLICKA P\u00c5 BILDEN <em><br \/>\nALT\/MOBIL: SE BILDSPELET <a title=\"Bildspel\" href=\"https:\/\/www.flickr.com\/photos\/kultursidan\/sets\/72157650425537016\/show\/\" target=\"_blank\">H\u00c4R<\/a><\/em><br \/>\n<object width=\"400\" height=\"300\"><param name=\"flashvars\" value=\"offsite=true&amp;lang=en-us&amp;page_show_url=%2Fphotos%2Fkultursidan%2Fsets%2F72157650425537016%2Fshow%2F&amp;page_show_back_url=%2Fphotos%2Fkultursidan%2Fsets%2F72157650425537016%2F&amp;set_id=72157650425537016&amp;jump_to=\" \/><param name=\"movie\" value=\"https:\/\/www.flickr.com\/apps\/slideshow\/show.swf?v=1811922554\" \/><param name=\"allowFullScreen\" value=\"true\" \/><\/object><\/p>\n<blockquote>\n<h3><em>GALLERI SK\u00c5DEBANAN Link\u00f6ping<\/em><\/h3>\n<p>24 januari \u2013 13 februari 2015<em><br \/>\n<strong>Back to black<\/strong><\/em><br \/>\n<em> Assi Molin<\/em><\/p><\/blockquote>\n<p>L\u00c4NKAR<br \/>\nGalleri Sk\u00e5debanan <a title=\"Sk\u00e5debanan\" href=\"http:\/\/www.skadebanan.nu%20\" target=\"_blank\">hemsida<\/a> <a title=\"Facebook\" href=\"https:\/\/www.facebook.com\/pages\/Galleri-Sk%C3%A5debanan\/149419595149543?fref=ts\" target=\"_blank\">Facebook<\/a><\/p>\n","protected":false},"excerpt":{"rendered":"<p>LINK\u00d6PING Svart p\u00e5 vitt \u00e4r fotokonstens grund. Assi Molin spelar med k\u00e4nslor mellan det m\u00f6rka och det ljusa n\u00e4r hon nu st\u00e4ller ut p\u00e5 Galleri Sk\u00e5debanan. Hon sammanfogar bildelement som h\u00e4mtats fr\u00e5n olika h\u00e5ll och med olika tekniker, fr\u00e5n b\u00e4sta systemkamera till enkel mobilkamera. <a class=\"continue-reading-link\" href=\"https:\/\/www.kultursidan.nu\/?p=18649\">L\u00e4s mer <span class=\"meta-nav\">&rarr; <\/span><\/a><\/p>\n","protected":false},"author":1001006,"featured_media":0,"comment_status":"closed","ping_status":"open","sticky":false,"template":"","format":"standard","meta":{"_jetpack_memberships_contains_paid_content":false,"footnotes":""},"categories":[55],"tags":[14],"class_list":["post-18649","post","type-post","status-publish","format-standard","hentry","category-linkoping","tag-konst"],"jetpack_featured_media_url":"","jetpack_sharing_enabled":true,"_links":{"self":[{"href":"https:\/\/www.kultursidan.nu\/index.php?rest_route=\/wp\/v2\/posts\/18649","targetHints":{"allow":["GET"]}}],"collection":[{"href":"https:\/\/www.kultursidan.nu\/index.php?rest_route=\/wp\/v2\/posts"}],"about":[{"href":"https:\/\/www.kultursidan.nu\/index.php?rest_route=\/wp\/v2\/types\/post"}],"author":[{"embeddable":true,"href":"https:\/\/www.kultursidan.nu\/index.php?rest_route=\/wp\/v2\/users\/1001006"}],"replies":[{"embeddable":true,"href":"https:\/\/www.kultursidan.nu\/index.php?rest_route=%2Fwp%2Fv2%2Fcomments&post=18649"}],"version-history":[{"count":0,"href":"https:\/\/www.kultursidan.nu\/index.php?rest_route=\/wp\/v2\/posts\/18649\/revisions"}],"wp:attachment":[{"href":"https:\/\/www.kultursidan.nu\/index.php?rest_route=%2Fwp%2Fv2%2Fmedia&parent=18649"}],"wp:term":[{"taxonomy":"category","embeddable":true,"href":"https:\/\/www.kultursidan.nu\/index.php?rest_route=%2Fwp%2Fv2%2Fcategories&post=18649"},{"taxonomy":"post_tag","embeddable":true,"href":"https:\/\/www.kultursidan.nu\/index.php?rest_route=%2Fwp%2Fv2%2Ftags&post=18649"}],"curies":[{"name":"wp","href":"https:\/\/api.w.org\/{rel}","templated":true}]}}