{"id":18664,"date":"2015-01-27T20:08:42","date_gmt":"2015-01-27T19:08:42","guid":{"rendered":"https:\/\/intelligent-friend-7861.standoutwp.com\/?p=18664"},"modified":"2019-01-05T10:35:09","modified_gmt":"2019-01-05T09:35:09","slug":"de-geerelevernas-vison-ar-en-gala","status":"publish","type":"post","link":"https:\/\/www.kultursidan.nu\/?p=18664","title":{"rendered":"De Geerelevernas ViSON \u00e4r en Gala"},"content":{"rendered":"<p><a href=\"https:\/\/www.kultursidan.nu\/wp-content\/uploads\/2015\/01\/IMG_2085.jpg\"><img loading=\"lazy\" decoding=\"async\" class=\"alignnone size-medium wp-image-18665\" src=\"https:\/\/www.kultursidan.nu\/wp-content\/uploads\/2015\/01\/IMG_2085-567x378.jpg\" alt=\"Tv\u00e5 violinister.\" width=\"567\" height=\"378\" srcset=\"https:\/\/www.kultursidan.nu\/wp-content\/uploads\/2015\/01\/IMG_2085-567x378.jpg 567w, https:\/\/www.kultursidan.nu\/wp-content\/uploads\/2015\/01\/IMG_2085-1024x682.jpg 1024w, https:\/\/www.kultursidan.nu\/wp-content\/uploads\/2015\/01\/IMG_2085-500x333.jpg 500w, https:\/\/www.kultursidan.nu\/wp-content\/uploads\/2015\/01\/IMG_2085-150x100.jpg 150w, https:\/\/www.kultursidan.nu\/wp-content\/uploads\/2015\/01\/IMG_2085.jpg 1280w\" sizes=\"auto, (max-width: 567px) 100vw, 567px\" \/><\/a><br \/>\n<em>Tv\u00e5 violinister. N\u00e4r Norrk\u00f6pings symfoniorkester samarbetar med De Geergrymnasiet \u00e4r det eleverna som spelar f\u00f6rsta fiolen.<br \/>\n<\/em><\/p>\n<p>&nbsp;<\/p>\n<h1><span style=\"color: #ff0000;\">Intra Me \u2013 \u201ddet h\u00e4r passar f\u00f6r tr\u00e4bl\u00e5s\u201d<\/span><\/h1>\n<p>&nbsp;<\/p>\n<p><strong>\u00c5ret \u00e4r 2085 och musik \u00e4r n\u00e5got f\u00f6rbjudet.<\/strong> P\u00e5 den fantasin bygger De Geergymnasiets musiktreor \u00e5rets konsert ViSON tillsammans med Norrk\u00f6pings symfoniorkester.<\/p>\n<p>Det \u00e4r full fart under repetitionerna inf\u00f6r veckans skolkonserter som avslutas med den stora familjekonserten p\u00e5 l\u00f6rdag. Elever sitter med i orkestern under ett musikstycke och rusar sedan ut till rummet bakom scenen f\u00f6r att l\u00e4gga bort instrument och kl\u00e4 sig i n\u00e5got snyggt. L\u00e4rare g\u00e5r in och ut och ger uppmuntrande tillrop. Symfoniorkesterns pedagoger och ledning \u00e4r repetitionspublik och ger respons eller en hj\u00e4lpande hand.<\/p>\n<p>&nbsp;<\/p>\n<p><iframe loading=\"lazy\" src=\"https:\/\/www.flickr.com\/photos\/kultursidan\/16380521871\/in\/set-72157650101125878\/player\/\" width=\"400\" height=\"280\" frameborder=\"0\" allowfullscreen=\"allowfullscreen\"><\/iframe><br \/>\n<em> \u2013 Vi \u00e4r skurkar som hatar musik. Bakom de \u00f6verkorsade G-klavarna st\u00e5r tv\u00e5 musik\u00e4lskande De Geergymnasister, Amanda Josefsson och Ebba Lojonclou.<\/em><\/p>\n<p>&nbsp;<\/p>\n<p><strong>Tv\u00e5 skurkar \u00e4r Amanda Josefsson och Ebba Lejonclou, med \u00f6verkorsade G-klavar p\u00e5 br\u00f6stet.<\/strong> De g\u00e5r sista \u00e5ret p\u00e5 De Geers musikprogram och konserten \u00e4r h\u00f6jdpunkten efter tre \u00e5rs studier. \u00c5rets uppl\u00e4gg inneh\u00e5ller en sp\u00e4nnande historia:<\/p>\n<p>\u2013 Det \u00e4r \u00e5r 2085. All musik har d\u00f6tt ut. Folk som vill ha tillbaka musiken anordnar en musikgala men skurkarna \u00e4r emot det. Skurkarna \u00e4r misslyckade artister, ber\u00e4ttar Ebba Lejonclou.<\/p>\n<p>\u2013 Vi, skurkarna, vill inte att n\u00e5gon annan ska lyckas heller. Vi vill sabotera f\u00f6r de andra, men en efter en l\u00e4mnar vi gruppen och g\u00e5r \u00f6ver till musikg\u00e4nget, forts\u00e4tter Amanda Josefsson och visar hur den stora antimusik-lappen p\u00e5 br\u00f6stet rivs bort.<\/p>\n<p><strong>Amanda Josefsson ing\u00e5r i manusgruppen, en av klassens m\u00e5nga arbetsgrupper som ska g\u00f6ra ViSON till verklighet.<\/strong> De har arbetat sedan i h\u00f6stas, samlat in \u00f6nskem\u00e5l och f\u00f6rslag fr\u00e5n klasskamraterna. Arrang\u00f6rsgruppen har arrat l\u00e5tar som ing\u00e5r i konsertens popul\u00e4rmusiksmedleyn.<\/p>\n<p>\u2013 Det h\u00e4r projektet har allting. Gl\u00e4dje, utmaningar, det \u00e4r j\u00e4tteh\u00e4ftigt, s\u00e4ger Amanda Josefsson.<\/p>\n<p>&nbsp;<\/p>\n<p><iframe loading=\"lazy\" src=\"https:\/\/www.flickr.com\/photos\/kultursidan\/16194621108\/in\/set-72157650101125878\/player\/\" width=\"280\" height=\"400\" frameborder=\"0\" allowfullscreen=\"allowfullscreen\"><\/iframe><br \/>\n<em> Blommornas vals. De dansande paren avslutar med individuella insatser, signerat Marcus Fyrberg.<\/em><\/p>\n<p>&nbsp;<\/p>\n<p><strong>Dansen har en framtr\u00e4dande roll i ViSON<\/strong> och det beror inte enbart p\u00e5 Marcus Fyrberg, Symfoniorkesterns handg\u00e5ngne koreograf och regihj\u00e4lp, som sj\u00e4lv gick ut De Geergymnasium f\u00f6r tv\u00e5 \u00e5r sedan. Klassen har ocks\u00e5 en egen koreografigrupp med tv\u00e5 elever, Laura Michelin har koreograferat sitt eget danssolo. Jag f\u00e5r se Marcus Fyrbergs lilla romantiska koreografi till <em>Blommornas vals<\/em>.<\/p>\n<p>\u2013 Vilken k\u00e4nsla de h\u00e4r ungdomarna har. Vilka blickar! Det \u00e4r s\u00e5nt man inte kan koreografera, s\u00e4ger Marcus Fyrberg lite sk\u00e4mtsamt. F\u00f6rsta g\u00e5ngen jag har koreograferat vals.<\/p>\n<p><strong>Ebba Lejonclou och klasskamraten Albin Fellebro har f\u00e5tt skriva var sitt verk f\u00f6r symfoniorkestern.<\/strong> Albin Fellebros stycke heter <em>Invisible Aming Point<\/em> medan Ebba Lejonclou kallar sitt stycke <em>Intra Me<\/em>.<\/p>\n<p>\u2013 Alla i klassen som var intresserade av att komponera fick skicka in ett f\u00f6rslag, ber\u00e4ttar Ebba Lejonclou som pluggar musikarrangering. Jag skickade in n\u00e5gra musikteman och skrev en text om varje, det blev mycket skrivet.<\/p>\n<p><em>Intra Me<\/em> \u00e4r latin f\u00f6r <em>Inom mig<\/em>. N\u00e4r Ebba burit p\u00e5 starka k\u00e4nslor har hon l\u00e5tit dem komma ut vid pianot hemma. Ibland har det blivit till musikaliska teman som f\u00f6rvandlats till noter.<\/p>\n<p>\u2013 Jag sitter ofta vid pianot, t\u00e4nker att \u201ddet h\u00e4r passar f\u00f6r tr\u00e4bl\u00e5s\u201d.<\/p>\n<p>Att skriva f\u00f6r en hel symfoniorkester \u00e4r en helt annan uppgift \u00e4n att skriva stycken f\u00f6r mindre sammanhang som hon hittills gjort. Att skriva ett fem minuter l\u00e5ngt stycke \u00e4r en stor utmaning.<\/p>\n<p>\u2013 Det \u00e4r trumpetsolo f\u00f6r ett tema medan fl\u00f6jterna \u00e4r framtr\u00e4dande p\u00e5 slutet. Fast alla instrument \u00e4r lika viktiga och beh\u00f6vs.<\/p>\n<p>&nbsp;<\/p>\n<p><iframe loading=\"lazy\" src=\"https:\/\/www.flickr.com\/photos\/kultursidan\/16356274006\/in\/set-72157650101125878\/player\/\" width=\"280\" height=\"400\" frameborder=\"0\" allowfullscreen=\"allowfullscreen\"><\/iframe><br \/>\n<em> K\u00f6ruppst\u00e4llning l\u00e4ngst bak. ViSON:s rockkomp har sitt eget h\u00f6rn ovanf\u00f6r harpan.<\/em><\/p>\n<p>&nbsp;<\/p>\n<p><strong>\u2013 Att Symfoniorkestern st\u00e4ller upp \u00e5r efter \u00e5r med sin professionalitet \u00e4r fantastiskt, tycker Ebba Lejonclou.<\/strong><\/p>\n<p>\u2013 Den h\u00e4r utbildningen \u00e4r exceptionell f\u00f6r att vara p\u00e5 ett gymnasium, kontrar Symfoniorkesterns VD Karin Veres som f\u00f6ljer repetitionerna. Om man \u00e4r en l\u00e4rare som vill n\u00e5got \u00e4r det bra men h\u00e4r \u00e4r de ett helt l\u00e4rarteam som drar mot gemensamma m\u00e5l.<\/p>\n<p><em>Text och foto: Ann-Charlotte Sandelin<\/em><\/p>\n<p>BILDSPEL \u2013 KLICKA P\u00c5 BILDENS PILAR<\/p>\n<p><a data-flickr-embed='true' href='https:\/\/www.flickr.com\/photos\/kultursidan\/sets\/72157650101125878' title='ViSON F\u00d6RH, De Geergymnasiet + SON 2015 by Kultursidan, on Flickr'><img src='https:\/\/live.staticflickr.com\/7373\/16380521871_af8ce594de_z.jpg' width='800' height='600' alt='Amanda Josefsson och Ebba Lejonclou'><\/a><script async src='https:\/\/embedr.flickr.com\/assets\/client-code.js' charset='utf-8'><\/script><\/p>\n<blockquote>\n<h3><em>DE GEERHALLEN Norrk\u00f6ping<\/em><\/h3>\n<p>31 januari 2015 kl 15 (skolkonserter 28\u201329\/1)<em><br \/>\n<strong>ViSON<\/strong><\/em><br \/>\n<em> Konsert med show<\/em><br \/>\n<em> Dirigent: Emil Eliasson<\/em><\/p>\n<p style=\"padding-left: 30px;\"><em>MEDVERKANDE <\/em><br \/>\n<em> Norrk\u00f6pings symfoniorkester<\/em><br \/>\n<em> De Geergymnasiets musiktreor <\/em><\/p>\n<p style=\"padding-left: 30px;\"><em>MUSIK<\/em><br \/>\n<em> <strong>Orff<\/strong> Carmina Burana \u201cScenisk kantat\u201d<br \/>\n<strong>Lalo<\/strong> Symphonie espagnole f. violin och orkester<br \/>\n<strong>Bach<\/strong> Svit nr 2 h-moll<br \/>\n<strong>Mozart<\/strong> Voi, che sapete ur Figaros br\u00f6llop<br \/>\n<strong>Bruch<\/strong> Konsert f. violin nr 1 g-moll<br \/>\n<strong>H\u00e4ndel<\/strong> Hallelujak\u00f6ren ur Messias<br \/>\n<\/em><\/p>\n<p style=\"padding-left: 30px;\"><em><strong>ES12C Medley:<\/strong> Feeling Good, Love On Top, Sunny, Tsunami, Gimme, Gimme, Gimme<\/em><\/p>\n<p style=\"padding-left: 30px;\"><em><strong>Rimskij-Korsakov<\/strong> Humlans flykt<br \/>\n<strong>Wagner<\/strong> F\u00f6rspel till akt III ur Lohengrin<br \/>\n<strong>Ellington<\/strong> It Don\u00b4t Mean A Thing<br \/>\n<strong>Fjellheim<\/strong> Vuelie<br \/>\n<strong>The Aristocrats<\/strong> Loisville Stomp<br \/>\n<strong>Camilo<\/strong> Not Yet<\/em><\/p>\n<p style=\"padding-left: 30px;\"><em><strong>ES12C Medley:<\/strong> Rather Be, Love Me Again, Sunny, Don\u00b4t Go Breaking My Hart, Genom eld och vatten, Sn\u00f6<\/em><\/p>\n<p style=\"padding-left: 30px;\"><em><strong>Tjajkovskij<\/strong> Svit nr 1 op 71a ur N\u00f6tkn\u00e4pparen<br \/>\n<strong>Sargasian<\/strong> Not Alone<br \/>\n<strong>Coldplay<\/strong> Viva la Vida<\/em><\/p>\n<p style=\"padding-left: 30px;\"><em>I konserten ing\u00e5r \u00e4ven elevkompositioner<br \/>\n<strong>Lejonclou<\/strong> Intra Me<br \/>\n<strong>Fellebro<\/strong> Invisible Aming Point<\/em><\/p>\n<\/blockquote>\n<p>L\u00c4NKAR<br \/>\nDe Geergymnasiet <a title=\"De Geergymnasiet\" href=\"http:\/\/www.degeer.norrkoping.se\" target=\"_blank\" rel=\"noopener\">hemsida<\/a> <a title=\"blogg\" href=\"http:\/\/www.degeer.norrkoping.se\/show.php?page=blogg_viSON\" target=\"_blank\" rel=\"noopener\">ViSON-blogg <\/a><br \/>\nNorrk\u00f6pings symfoniorkester <a title=\"SON\" href=\"http:\/\/www.norrkopingssymfoniorkester.se\" target=\"_blank\" rel=\"noopener\">hemsida<\/a> <a title=\"Facebook\" href=\"https:\/\/www.facebook.com\/norrkoping.symphony?fref=ts\" target=\"_blank\" rel=\"noopener\">Facebook<\/a><\/p>\n","protected":false},"excerpt":{"rendered":"<p>NORRK\u00d6PING \u00c5ret \u00e4r 2085 och musik \u00e4r n\u00e5got f\u00f6rbjudet. P\u00e5 den fantasin bygger De Geergymnasiets musiktreor \u00e5rets konsert tillsammans med Norrk\u00f6pings symfoniorkester. Det \u00e4r full fart under repetitionerna inf\u00f6r veckans skolkonserter som avslutas med familjekonsert p\u00e5 l\u00f6rdag. <a class=\"continue-reading-link\" href=\"https:\/\/www.kultursidan.nu\/?p=18664\">L\u00e4s mer <span class=\"meta-nav\">&rarr; <\/span><\/a><\/p>\n","protected":false},"author":1001006,"featured_media":0,"comment_status":"closed","ping_status":"open","sticky":false,"template":"","format":"standard","meta":{"_jetpack_memberships_contains_paid_content":false,"footnotes":""},"categories":[7],"tags":[13],"class_list":["post-18664","post","type-post","status-publish","format-standard","hentry","category-norrkoping","tag-musik"],"jetpack_featured_media_url":"","jetpack_sharing_enabled":true,"_links":{"self":[{"href":"https:\/\/www.kultursidan.nu\/index.php?rest_route=\/wp\/v2\/posts\/18664","targetHints":{"allow":["GET"]}}],"collection":[{"href":"https:\/\/www.kultursidan.nu\/index.php?rest_route=\/wp\/v2\/posts"}],"about":[{"href":"https:\/\/www.kultursidan.nu\/index.php?rest_route=\/wp\/v2\/types\/post"}],"author":[{"embeddable":true,"href":"https:\/\/www.kultursidan.nu\/index.php?rest_route=\/wp\/v2\/users\/1001006"}],"replies":[{"embeddable":true,"href":"https:\/\/www.kultursidan.nu\/index.php?rest_route=%2Fwp%2Fv2%2Fcomments&post=18664"}],"version-history":[{"count":2,"href":"https:\/\/www.kultursidan.nu\/index.php?rest_route=\/wp\/v2\/posts\/18664\/revisions"}],"predecessor-version":[{"id":39658,"href":"https:\/\/www.kultursidan.nu\/index.php?rest_route=\/wp\/v2\/posts\/18664\/revisions\/39658"}],"wp:attachment":[{"href":"https:\/\/www.kultursidan.nu\/index.php?rest_route=%2Fwp%2Fv2%2Fmedia&parent=18664"}],"wp:term":[{"taxonomy":"category","embeddable":true,"href":"https:\/\/www.kultursidan.nu\/index.php?rest_route=%2Fwp%2Fv2%2Fcategories&post=18664"},{"taxonomy":"post_tag","embeddable":true,"href":"https:\/\/www.kultursidan.nu\/index.php?rest_route=%2Fwp%2Fv2%2Ftags&post=18664"}],"curies":[{"name":"wp","href":"https:\/\/api.w.org\/{rel}","templated":true}]}}