{"id":187,"date":"2010-06-18T15:26:15","date_gmt":"2010-06-18T13:26:15","guid":{"rendered":"https:\/\/intelligent-friend-7861.standoutwp.com\/?p=187"},"modified":"2020-07-30T10:10:58","modified_gmt":"2020-07-30T09:10:58","slug":"kontroll-pa-galleri-dag-andersson","status":"publish","type":"post","link":"https:\/\/www.kultursidan.nu\/?p=187","title":{"rendered":"Kontroll p\u00e5 Galleri Dag Andersson"},"content":{"rendered":"<p><iframe loading=\"lazy\" src=\"https:\/\/www.youtube.com\/embed\/QbiFE48Bg6I\" width=\"560\" height=\"315\" frameborder=\"0\" allowfullscreen=\"allowfullscreen\"><\/iframe><br \/>\n<em>Kort film fr\u00e5n utst\u00e4llningen.<\/em><\/p>\n<h1><\/h1>\n<h1><span style=\"color: #ff0000;\">Unga konstn\u00e4rer i sin egen tid<\/span><\/h1>\n<p>&nbsp;<\/p>\n<p><strong>Kravallstaketet motar i ing\u00e5ngen. <\/strong>Mikrofon och megafoner v\u00e4nder och vrider p\u00e5 makten. Barndomsminnen liknande dockhus p\u00e5 h\u00f6ga ben. L\u00e5dor av ljus bakom matt glas, n\u00e5gra med svarta silhuetter. \u00c5rsringar i f\u00e4rg p\u00e5 aluminiumpl\u00e5t. Och mitt i rummet str\u00e4cker sig p\u00e5 tre h\u00f6ga dubbelhyllor fyllda av garn i alla f\u00e4rger.<\/p>\n<p>Fem nyligen utexaminerade elever fr\u00e5n <a title=\"Kungliga konsth\u00f6gskolan Stockholm\" href=\"http:\/\/www.kkh.se\/\" target=\"_blank\" rel=\"noopener noreferrer\">Kungliga konsth\u00f6gskolan i Stockholm<\/a>, tv\u00e5 kandidater och tre magisterstudenter, st\u00e4ller ut p\u00e5 <a title=\"Galleri Dag Andersson\" href=\"http:\/\/www.galleridagandersson.se\/start.html\" target=\"_blank\" rel=\"noopener noreferrer\">Galleri Dag Andersson<\/a> i sommar. Klas Eriksson, Olle Eriksson, Sara Hedberg, Karl David Larsson och Vanja Lindberg har valts ut av curatorn Carl Fredrik H\u00e5rleman.<\/p>\n<p>Det \u00e4r inte docksk\u00e5p som Vanja Lindberg har gjort.<\/p>\n<p>\u2013 Det h\u00e4r \u00e4r skulpturer f\u00f6r mig. Och det \u00e4r objektifierade minnen och det har inget med dockor eller lek att g\u00f6ra utan \u00e4r mitt s\u00e4tt att f\u00f6ra mina minnen vidare och kontrollera dem i skulpturellt format.<\/p>\n<p><strong>N\u00e4r curatorn Carl Fredrik H\u00e5rleman<\/strong> bes\u00f6kte Kungliga konsth\u00f6gskolans v\u00e5rutst\u00e4llning fann han integrititet, inte trend, hos utst\u00e4llarna. Urvalet av de fem, varav tv\u00e5 \u00e4r utexaminerade konstn\u00e4rer p\u00e5 kandidatniv\u00e5 medan tre \u00e4r magisterstudenter och allts\u00e5 kommit s\u00e5 l\u00e5ngt en konstn\u00e4r kan n\u00e5 utbildningsm\u00e4ssigt i Sverige.<\/p>\n<p>\u2013 D\u00e5 jag till slut best\u00e4mde mig f\u00f6r att bjuda in ovann\u00e4mnda fem konstn\u00e4rer slog det mig att d\u00e4r fanns ett gemensamt underliggande moment av kontroll. Utst\u00e4llningens titel blev just d\u00e4rf\u00f6r <em>Kontroll<\/em>. Konstverket skapas oftast utifr\u00e5n en eller flera kontrollerade situationer, d\u00e4r resultatet oftast l\u00f6per i en process av \u00f6vervakning, tillsyn, granskning och styrning.<\/p>\n<p><strong>Sinsemellan \u00e4r de mycket olika, vilket ger en dynamisk och sp\u00e4nnande utst\u00e4llning som \u00e4nd\u00e5 har en v\u00e4l fungerande rytmik.<\/strong> Innanf\u00f6r Klas Erikssons bromsande kravallstaket <em>The Others, <\/em>vars mikrofon kan v\u00e4ndas s\u00e5v\u00e4l ut\u00e5t som in\u00e5t m\u00f6ter tv\u00e5 skilda skulpturobjekt.<\/p>\n<p>Vanja Lindbergs barndomsminnen och Karl David Larssons garnsamling <em>I\u00b4ve Been Collecting Yarn for Some Time Now<\/em>. De tre breda hyllorna skjuter sig igenom galleriet och ger sp\u00e4nnande perspektiv, f\u00f6r att inte tala om f\u00e4rgrikedomen. H\u00e4r finns naturf\u00e4rgat lin fr\u00e5n Dalarna p\u00e5 en hylla, n\u00e5gra hyllplan l\u00e4ngre ner chockrosa syntetgarn fr\u00e5n Kristianstad. Tv\u00e5 hyllplan, bland annat med tv\u00e5 stora, n\u00e4stan perfekta klot, har just fyllts med nyink\u00f6pt garn fr\u00e5n en second handbutik bel\u00e4gen i samma byggnad som galleriet.<\/p>\n<p>\u2013 Mitt intresse ligger i att samla p\u00e5 garn och hitta det p\u00e5 loppmarknader och second handaff\u00e4rer.<\/p>\n<p>Karl David Larsson vill gestalta samlingens mellanl\u00e4ge, mellan deras ursprung och det arbete som garnerna var avsedda f\u00f6r, det som inte blev av och som han f\u00e5ngade upp.<\/p>\n<p><strong>Kontrasten kunde inte vara st\u00f6rre till Olle Erikssons <em>Power Wall Light<\/em> med dess n\u00e4stan kliniskt rena ljusboxar i olika format.<\/strong> Ett par av dem visar svarta silhuetter, en palm, en anka tillsammans med en pekande m\u00e4nniskogestalt. Silhuetterna har rundade former som stolsryggar i nederkanten. F\u00f6r att utesluta betraktaren f\u00f6rklarar konstn\u00e4ren som intresserat sig f\u00f6r seendet, som blivit allt viktigare i samtidskulturen.<\/p>\n<p>\u2013 Genom att erbjuda den h\u00e4r tomma potentiella ytan, som \u00e4r en vit yta som inte till\u00e5ter att tittaren projicerar f\u00f6r mycket p\u00e5 den. F\u00f6r den str\u00e5lar tillbaks ganska starkt, f\u00f6r att om\u00f6jligg\u00f6ra tittarens projektioner i och med att den \u00e4r elf\u00f6rst\u00e4rkt.<\/p>\n<p><strong>Som en pendang, men mer inbjudande s\u00e5dan,<\/strong> till Klas Eriksson kravallstaket \u00e4r Sara Hedbergs platsspecifika lilla triangel som hon m\u00e5lar direkt p\u00e5 Galleri Dag Anderssons stora f\u00f6nster. Genom en avbildning av hennes h\u00e4nder kan den som st\u00e5r utanf\u00f6r kika in p\u00e5 utst\u00e4llningen \u2013 eller titta ut p\u00e5 promenadv\u00e4gen och den gr\u00f6nskande h\u00e4cken utanf\u00f6r.<\/p>\n<p>Mitt emot den lilla handh\u00e5llna triangeln befinner sig hennes f\u00e4rgstarka m\u00e5lning av en j\u00e4ttelik rund tr\u00e4skiva d\u00e4r varje f\u00e4rg utg\u00e5r en \u00e5rsring. Tillsammans med ytterligare tv\u00e5 stora spegelv\u00e4nda m\u00e5lningar, den ena p\u00e5 aluminumpl\u00e5t, den andra p\u00e5 perforerad board, utg\u00f6r de <em>Helandet<\/em>.<\/p>\n<p>\u2013 Jag har utg\u00e5tt fr\u00e5n tidigare verk som jag jobbat med. De h\u00e4r som \u00e4r i spegelf\u00f6rh\u00e5llande till varandra och det \u00e4r som en kropp som finns emellan dem, i och med att den perforerade \u00e4r som en s\u00e4ngbotten eller en verktygsbr\u00e4da. Och jag har gjort en serie s\u00e5dan tidigare, och i det h\u00e4r fallet \u00e4r det lite som en magikers verktygsbr\u00e4da. Men det h\u00e4r \u00e4r f\u00f6rsta g\u00e5ngen som jag m\u00e5lat svaret p\u00e5 den.<\/p>\n<p>I den magikerns verktyg ing\u00e5r penslar, lagda i pentagram, f\u00e4rger redo att rivas och tv\u00e5 sm\u00e5 planeter. Lekfullt utspritt p\u00e5 ytan.<\/p>\n<p>\u2013 Det m\u00e5ste inte vara n\u00e5gra f\u00e4rdiga eller tydliga svar, utan f\u00e5r vara det som finns.<\/p>\n<p><em>Text och film: Ann-Charlotte Sandelin<\/em><\/p>\n<p><strong>KONTROLL<\/strong><br \/>\n<a title=\"Galleri Dag Andersson\" href=\"http:\/\/www.galleridagandersson.se\/start.html\" target=\"_blank\" rel=\"noopener noreferrer\">Galleri Dag Andersson<\/a><br \/>\n20 juni \u2013 8 augusti 2010<\/p>\n<ul>\n<li>Klas Eriksson<\/li>\n<li>Olle Eriksson<\/li>\n<li>Sara Hedberg<\/li>\n<li>Karl David Larsson<\/li>\n<li>Vanja Lindberg<\/li>\n<\/ul>\n<p>Curator: Carl Fredrik H\u00e5rleman<br \/>\n<em>Efter vernissagedagen \u00e4r galleriet \u00f6ppet onsdag till fredag kl 13\u201318<\/em><\/p>\n","protected":false},"excerpt":{"rendered":"<p>NORRK\u00d6PING Fem nyligen utexaminerade elever fr\u00e5n Kungliga konsth\u00f6gskolan i Stockholm, tv\u00e5 kandidater och tre magisterstudenter, st\u00e4ller ut p\u00e5 Galleri Dag Andersson sommaren 2010. Klas Eriksson, Olle Eriksson, Sara Hedberg, Karl David Larsson och Vanja Lindberg har valts ut av curatorn Carl Fredrik H\u00e5rleman. <a class=\"continue-reading-link\" href=\"https:\/\/www.kultursidan.nu\/?p=187\">L\u00e4s mer <span class=\"meta-nav\">&rarr; <\/span><\/a><\/p>\n","protected":false},"author":1001006,"featured_media":0,"comment_status":"closed","ping_status":"open","sticky":false,"template":"","format":"standard","meta":{"_jetpack_memberships_contains_paid_content":false,"footnotes":""},"categories":[7],"tags":[14],"class_list":["post-187","post","type-post","status-publish","format-standard","hentry","category-norrkoping","tag-konst"],"jetpack_featured_media_url":"","jetpack_sharing_enabled":true,"_links":{"self":[{"href":"https:\/\/www.kultursidan.nu\/index.php?rest_route=\/wp\/v2\/posts\/187","targetHints":{"allow":["GET"]}}],"collection":[{"href":"https:\/\/www.kultursidan.nu\/index.php?rest_route=\/wp\/v2\/posts"}],"about":[{"href":"https:\/\/www.kultursidan.nu\/index.php?rest_route=\/wp\/v2\/types\/post"}],"author":[{"embeddable":true,"href":"https:\/\/www.kultursidan.nu\/index.php?rest_route=\/wp\/v2\/users\/1001006"}],"replies":[{"embeddable":true,"href":"https:\/\/www.kultursidan.nu\/index.php?rest_route=%2Fwp%2Fv2%2Fcomments&post=187"}],"version-history":[{"count":2,"href":"https:\/\/www.kultursidan.nu\/index.php?rest_route=\/wp\/v2\/posts\/187\/revisions"}],"predecessor-version":[{"id":42319,"href":"https:\/\/www.kultursidan.nu\/index.php?rest_route=\/wp\/v2\/posts\/187\/revisions\/42319"}],"wp:attachment":[{"href":"https:\/\/www.kultursidan.nu\/index.php?rest_route=%2Fwp%2Fv2%2Fmedia&parent=187"}],"wp:term":[{"taxonomy":"category","embeddable":true,"href":"https:\/\/www.kultursidan.nu\/index.php?rest_route=%2Fwp%2Fv2%2Fcategories&post=187"},{"taxonomy":"post_tag","embeddable":true,"href":"https:\/\/www.kultursidan.nu\/index.php?rest_route=%2Fwp%2Fv2%2Ftags&post=187"}],"curies":[{"name":"wp","href":"https:\/\/api.w.org\/{rel}","templated":true}]}}