{"id":18748,"date":"2015-02-04T16:19:25","date_gmt":"2015-02-04T15:19:25","guid":{"rendered":"https:\/\/intelligent-friend-7861.standoutwp.com\/?p=18748"},"modified":"2015-02-05T08:22:25","modified_gmt":"2015-02-05T07:22:25","slug":"dubbeltydiga-tone-linghults-skugglek","status":"publish","type":"post","link":"https:\/\/www.kultursidan.nu\/?p=18748","title":{"rendered":"Dubbeltydiga Tone Linghults skugglek"},"content":{"rendered":"<p><a href=\"https:\/\/www.kultursidan.nu\/wp-content\/uploads\/2015\/02\/IMG_2634.jpg\"><img loading=\"lazy\" decoding=\"async\" class=\"alignnone size-medium wp-image-18749\" src=\"https:\/\/www.kultursidan.nu\/wp-content\/uploads\/2015\/02\/IMG_2634-567x360.jpg\" alt=\"Skuggspel\" width=\"567\" height=\"360\" srcset=\"https:\/\/www.kultursidan.nu\/wp-content\/uploads\/2015\/02\/IMG_2634-567x360.jpg 567w, https:\/\/www.kultursidan.nu\/wp-content\/uploads\/2015\/02\/IMG_2634-1024x650.jpg 1024w, https:\/\/www.kultursidan.nu\/wp-content\/uploads\/2015\/02\/IMG_2634-525x333.jpg 525w, https:\/\/www.kultursidan.nu\/wp-content\/uploads\/2015\/02\/IMG_2634-150x95.jpg 150w, https:\/\/www.kultursidan.nu\/wp-content\/uploads\/2015\/02\/IMG_2634.jpg 1280w\" sizes=\"auto, (max-width: 567px) 100vw, 567px\" \/><\/a><br \/>\n<em>\u2013 Det ska fungera \u00e4ven utan riktat ljus, anser Tone Linghult som h\u00e4r har till\u00e5tit sig lampor i utst\u00e4llningen p\u00e5 Kulturhuset i Norrk\u00f6ping. Ljuss\u00e4ttningen ger de tv\u00e5 n\u00e4thalvorna fylliga skuggbilder som g\u00e5r utanf\u00f6r ramarna.<\/em><\/p>\n<p>&nbsp;<\/p>\n<h1><span style=\"color: #ff0000;\">Filmarbetet har gett henne mersmak<\/span><\/h1>\n<p>&nbsp;<\/p>\n<p><strong><em>Skuggor<\/em> heter utst\u00e4llningen p\u00e5 Kulturhuset i Kvarteret Hallarna.<\/strong> Redan fr\u00e5n b\u00f6rjan fascinerades Tone Linghult av skuggspelet som uppstod n\u00e4r det t\u00e4ttv\u00e4vda n\u00e4tet formades. Nu tycker hon att hon kan sitt material s\u00e5 v\u00e4l att det viktiga blir dess inneh\u00e5ll. N\u00e4sta steg \u00e4r film.<\/p>\n<p><strong>Det var n\u00e4r Tone Linghult gick p\u00e5 De Geergymnasiets Bild- och formprogram som hon uppt\u00e4ckte sitt material.<\/strong> L\u00e4rarna presenterade n\u00e4t och gips och Tone blev f\u00f6rtjust \u2013 i det finmaskiga n\u00e4tet.<\/p>\n<p>\u2013 N\u00e4r jag sedan gjorde mitt projektarbete om och med n\u00e4tskulpturer s\u00e5g jag att det blev s\u00e5 sp\u00e4nnande skuggor.<\/p>\n<p>\u00c5ret var 2012 och Tone st\u00e4llde ut redan p\u00e5 sommaren, i Skulpturparken bakom Konstmuseet, och samma h\u00f6st, hos Popsi p\u00e5 Kn\u00e4ppingsborgsgatan. Den utst\u00e4llningen s\u00e5g jag och skrev: <em>Intrycket blir att hon \u00e4gnar sig \u00e5t kroki fast med volym.<\/em> Jag s\u00e5g ocks\u00e5 skuggspelet i verken.<\/p>\n<p>&nbsp;<\/p>\n<p><iframe loading=\"lazy\" src=\"https:\/\/www.flickr.com\/photos\/kultursidan\/15820051124\/in\/set-72157648307501994\/player\/\" width=\"400\" height=\"280\" frameborder=\"0\" allowfullscreen=\"allowfullscreen\"><\/iframe><br \/>\n<em>Skuggor heter Tone Linghults utst\u00e4llning i Kulturhusets lilla galleri.<\/em><\/p>\n<p>&nbsp;<\/p>\n<p><strong>Efter l\u00e5ngresa och universitetsstudier \u00e4r det Lunnevads folkh\u00f6gskolas konstlinje som g\u00e4ller.<\/strong> En tillvaro d\u00e4r kreativa m\u00e4nniskor inom olika uttryck m\u00f6ts, eller borde m\u00f6tas om det nu inte var s\u00e5 att Tone \u201dst\u00e4ngt in mig i Bildhuset\u201d n\u00e4r hon varit d\u00e4r. Fokus har legat p\u00e5 tv\u00e5 utst\u00e4llningar, dels <em>Skuggor<\/em> h\u00e4r p\u00e5 Kulturhuset, dels utst\u00e4llningen med unga konstn\u00e4rer och designers med r\u00f6tterna i S\u00f6derk\u00f6ping i R\u00e5dhuset i h\u00f6stas. Tone Linghult kommer n\u00e4mligen fr\u00e5n S\u00f6derk\u00f6ping.<\/p>\n<p>\u2013 Nu flyttar jag och bor p\u00e5 skolan, ser fram emot blandningen.<\/p>\n<p><strong>Det \u00e4r dunkelt i Kulturhusets galleri. <\/strong>Ljuss\u00e4ttningen med en r\u00f6d och en bl\u00e5 lampa i taket f\u00f6rst\u00e4rker skuggorna, leker med n\u00e4tformerna \u00e4ven om konstn\u00e4ren f\u00f6rs\u00e4krar att verken fungerar i vanliga rum utan riktat ljus. Jag fascineras av de olika uttrycken i n\u00e4tet kontra dess skugga. Det \u00e4r skuggorna som \u00e4r fyllda med liv.<\/p>\n<p>\u2013 Jag tycker om att g\u00f6ra en sak i n\u00e4tet \u2013 och f\u00e5 n\u00e5got annat i skuggan. Allteftersom jag l\u00e4rt mig materialet s\u00e5 har jag kunnat l\u00e4gga mer p\u00e5 inneh\u00e5llet, s\u00e4ger hon.<\/p>\n<p>\u2013 \u00c4ven om det inte syns j\u00e4ttemycket i mina verk s\u00e5 l\u00e4ste jag en kurs i Migration och kulturm\u00f6ten p\u00e5 universitetet.<\/p>\n<p>&nbsp;<\/p>\n<p><iframe loading=\"lazy\" src=\"https:\/\/www.flickr.com\/photos\/kultursidan\/16256656537\/in\/set-72157648307501994\/player\/\" width=\"400\" height=\"280\" frameborder=\"0\" allowfullscreen=\"allowfullscreen\"><\/iframe><br \/>\n<em>Armar som bryter sig ut. Eller in. Detalj.<\/em><\/p>\n<p>&nbsp;<\/p>\n<p><strong>De dubbeltydiga verken har dubbla titlar.<\/strong> Nu n\u00e4r jag skriver bannar jag mig sj\u00e4lv f\u00f6r att jag inte antecknat dem. En minns jag: <em>Ros\/F\u00e5gel<\/em>. D\u00e4r n\u00e4tet \u00e4r rosen och skuggan en f\u00e5gel.<\/p>\n<p>\u2013 Jag vill inte ha en l\u00e5ng f\u00f6rklarande text som styr tittarna f\u00f6r mycket, men vill ha n\u00e5gra ord som s\u00e4tter ig\u00e5ng tankar hos betraktare, s\u00e4ger Tone Linghult.<\/p>\n<p>M\u00e4nniskor, oftast ansikten, \u00e4r annars det vanligaste motivet. Ett av verken antyder h\u00e4nder, armar, som vill bryta sig ut. Och ett n\u00e4rmast oformligt n\u00e4tklotter kastar skuggor som en karikatyr i profil.<\/p>\n<p>\u2013 Jag trivs b\u00e4st med att g\u00f6ra m\u00e4nniskor. Kanske f\u00f6r att det g\u00e5r att uttrycka s\u00e5 mycket i ansikte och kroppar i r\u00f6relse.<\/p>\n<p><strong>En film i stop-motionteknik visas i konsertsalen till musik. <\/strong>D\u00e4r kan \u00e5sk\u00e5daren f\u00f6lja hur ett n\u00e4t steg f\u00f6r steg veckas, f\u00e5r form och uttryck. Tone leker ocks\u00e5 med att f\u00e4rgs\u00e4tta filmen och k\u00f6r den till slut bakl\u00e4nges, totalt 3 minuter och 20 sekunder. Filmarbetet har gett Tone Linghult mersmak.<\/p>\n<p><em>Text och foto: Ann-Charlotte Sandelin<\/em><\/p>\n<p>BILDSPEL (FLASH) \u2013 KLICKA P\u00c5 BILDEN <em><br \/>\nALT\/MOBIL: SE BILDSPELET <a title=\"Bildspel\" href=\"https:\/\/www.flickr.com\/photos\/kultursidan\/sets\/72157648307501994\/show\/\" target=\"_blank\">H\u00c4R<\/a><\/em><br \/>\n<object width=\"400\" height=\"300\"><param name=\"flashvars\" value=\"offsite=true&amp;lang=en-us&amp;page_show_url=%2Fphotos%2Fkultursidan%2Fsets%2F72157648307501994%2Fshow%2F&amp;page_show_back_url=%2Fphotos%2Fkultursidan%2Fsets%2F72157648307501994%2F&amp;set_id=72157648307501994&amp;jump_to=\" \/><param name=\"movie\" value=\"https:\/\/www.flickr.com\/apps\/slideshow\/show.swf?v=1811922554\" \/><param name=\"allowFullScreen\" value=\"true\" \/><\/object><\/p>\n<blockquote>\n<h3><em>KULTURHUSET Norrk\u00f6ping<\/em><\/h3>\n<p>1 februari \u2013 1 mars 2015<em><br \/>\n<strong>Skuggor<\/strong><\/em><br \/>\n<em> Tone Linghult<\/em><br \/>\n<em> Skulptur och film<\/em><\/p><\/blockquote>\n<p>L\u00c4NKAR<br \/>\nTone Linghult <a title=\"Facebook\" href=\"https:\/\/sv-se.facebook.com\/pages\/Tone-Linghult-konst\/232665750255604\" target=\"_blank\">Facebook<\/a> <a title=\"FacebookEvenemang\" href=\"https:\/\/sv-se.facebook.com\/events\/628597623918866\/\" target=\"_blank\">Skuggor<\/a><br \/>\nKulturhuset <a title=\"Kulturhuset\" href=\"http:\/\/norrkopingskulturhus.se\/blogg\/\" target=\"_blank\">hemsida<\/a> <a title=\"Facebook\" href=\"https:\/\/www.facebook.com\/norrkopingskulturhus?fref=ts\" target=\"_blank\">Facebook <\/a><br \/>\nEn kv\u00e4ll om Straff p\u00e5 antikvariatet <a title=\"En kv\u00e4ll om Straff p\u00e5 Antikvariatet\" href=\"https:\/\/www.kultursidan.nu\/?p=8120\" target=\"_blank\">reportage<\/a> Kultursidan.nu 16\/11 2012<\/p>\n","protected":false},"excerpt":{"rendered":"<p>NORRK\u00d6PING Skuggor heter utst\u00e4llningen p\u00e5 Kulturhuset. Redan fr\u00e5n b\u00f6rjan fascinerades Tone Linghult av skuggspelet som uppstod n\u00e4r det t\u00e4ttv\u00e4vda n\u00e4tet formades. Nu tycker hon att hon kan sitt material s\u00e5 v\u00e4l att det viktiga blir dess inneh\u00e5ll. N\u00e4sta steg \u00e4r film. <a class=\"continue-reading-link\" href=\"https:\/\/www.kultursidan.nu\/?p=18748\">L\u00e4s mer <span class=\"meta-nav\">&rarr; <\/span><\/a><\/p>\n","protected":false},"author":1001006,"featured_media":0,"comment_status":"closed","ping_status":"open","sticky":false,"template":"","format":"standard","meta":{"_jetpack_memberships_contains_paid_content":false,"footnotes":""},"categories":[7],"tags":[14],"class_list":["post-18748","post","type-post","status-publish","format-standard","hentry","category-norrkoping","tag-konst"],"jetpack_featured_media_url":"","jetpack_sharing_enabled":true,"_links":{"self":[{"href":"https:\/\/www.kultursidan.nu\/index.php?rest_route=\/wp\/v2\/posts\/18748","targetHints":{"allow":["GET"]}}],"collection":[{"href":"https:\/\/www.kultursidan.nu\/index.php?rest_route=\/wp\/v2\/posts"}],"about":[{"href":"https:\/\/www.kultursidan.nu\/index.php?rest_route=\/wp\/v2\/types\/post"}],"author":[{"embeddable":true,"href":"https:\/\/www.kultursidan.nu\/index.php?rest_route=\/wp\/v2\/users\/1001006"}],"replies":[{"embeddable":true,"href":"https:\/\/www.kultursidan.nu\/index.php?rest_route=%2Fwp%2Fv2%2Fcomments&post=18748"}],"version-history":[{"count":0,"href":"https:\/\/www.kultursidan.nu\/index.php?rest_route=\/wp\/v2\/posts\/18748\/revisions"}],"wp:attachment":[{"href":"https:\/\/www.kultursidan.nu\/index.php?rest_route=%2Fwp%2Fv2%2Fmedia&parent=18748"}],"wp:term":[{"taxonomy":"category","embeddable":true,"href":"https:\/\/www.kultursidan.nu\/index.php?rest_route=%2Fwp%2Fv2%2Fcategories&post=18748"},{"taxonomy":"post_tag","embeddable":true,"href":"https:\/\/www.kultursidan.nu\/index.php?rest_route=%2Fwp%2Fv2%2Ftags&post=18748"}],"curies":[{"name":"wp","href":"https:\/\/api.w.org\/{rel}","templated":true}]}}