{"id":18838,"date":"2015-02-12T17:13:40","date_gmt":"2015-02-12T16:13:40","guid":{"rendered":"https:\/\/intelligent-friend-7861.standoutwp.com\/?p=18838"},"modified":"2015-02-12T17:13:40","modified_gmt":"2015-02-12T16:13:40","slug":"hara-den-nya-musikkonferensen","status":"publish","type":"post","link":"https:\/\/www.kultursidan.nu\/?p=18838","title":{"rendered":"H\u00e4r\u2019\u00e4 den nya musikkonferensen!"},"content":{"rendered":"<p><a href=\"https:\/\/www.kultursidan.nu\/wp-content\/uploads\/2015\/02\/WTM-K.jpg\"><img loading=\"lazy\" decoding=\"async\" class=\"alignnone size-medium wp-image-18839\" src=\"https:\/\/www.kultursidan.nu\/wp-content\/uploads\/2015\/02\/WTM-K-567x272.jpg\" alt=\"WTM-K\" width=\"567\" height=\"272\" srcset=\"https:\/\/www.kultursidan.nu\/wp-content\/uploads\/2015\/02\/WTM-K-567x272.jpg 567w, https:\/\/www.kultursidan.nu\/wp-content\/uploads\/2015\/02\/WTM-K-1024x491.jpg 1024w, https:\/\/www.kultursidan.nu\/wp-content\/uploads\/2015\/02\/WTM-K-150x72.jpg 150w, https:\/\/www.kultursidan.nu\/wp-content\/uploads\/2015\/02\/WTM-K.jpg 1072w\" sizes=\"auto, (max-width: 567px) 100vw, 567px\" \/><\/a><br \/>\n<em>28 programpunkter, n\u00e5gra med allm\u00e4nna diskussioner. N\u00e5gra med kaffe till.<\/em><\/p>\n<p>&nbsp;<\/p>\n<h1><span style=\"color: #ff0000;\">Hur kan Musik-Sverige dra nytta av WTM?<\/span><\/h1>\n<p>&nbsp;<\/p>\n<p><strong>Till att b\u00f6rja med droppade bara namnen ner, j\u00e4msides med musiksl\u00e4ppen.<\/strong> Att artister spelar musik \u00e4r liksom sj\u00e4lvklart men vad g\u00f6r konferensdeltagare? Minglar? Det \u00e4r f\u00f6rst\u00e5s viktigt det ocks\u00e5.<\/p>\n<p>28 programpunkter (inklusive betydelsefulla kaffepauser) avhandlas under <em>Where\u2019s the Music<\/em>. Inte s\u00e5 mycket j\u00e4mf\u00f6rt med 145 bandstarter, men det kan nog r\u00e4cka och bli \u00f6ver. Konferensdelen f\u00e5r en mjukstart j\u00e4mf\u00f6rt med musikdelen som startar ikv\u00e4ll torsdag, konferenserna \u00f6ppnar fredag f\u00f6rmiddag. Plats: Louis De Geer och Dynamo.<\/p>\n<p>&nbsp;<\/p>\n<p><iframe loading=\"lazy\" src=\"https:\/\/www.flickr.com\/photos\/kultursidan\/13974224406\/in\/set-72157648456708023\/player\/\" width=\"400\" height=\"280\" frameborder=\"0\" allowfullscreen=\"allowfullscreen\"><\/iframe><br \/>\n<em> Inte fullt ett \u00e5r har g\u00e5tt sedan FKP Scorpio och Upplev Norrk\u00f6ping avsl\u00f6jade att Norrk\u00f6ping skulle f\u00e5 \u00e4nnu en musikfestival.<\/em><\/p>\n<p>&nbsp;<\/p>\n<p><strong>Antalet anm\u00e4lda talare \u00e4r 58, med namn som FKP Scorpios Folkert Koopmans. <\/strong>N\u00e5gra mycket framtr\u00e4dande profiler ber\u00e4ttar mer eller mindre rakt upp och ner om sina framg\u00e5ngshistorier, eller hur de lyckades med eller mot alla odds. Britten Paul Boswell, svensk-brittiska Helen McLaughlin, svensken Anders Larsson (United Stage) och australiensaren Michael Chugg.<\/p>\n<p>Merparten av programpunkterna samlas kring vitt skilda \u00e4mnen, fr\u00e5n kommunalt st\u00f6d och hur bra det \u00e4r med streamad f\u00f6rs\u00e4ljning j\u00e4mf\u00f6rt med fysiska produkter. Och funkar verkligen kontantl\u00f6sa betalningssystem p\u00e5 festivaler? Allts\u00e5 s\u00e5dana d\u00e4r lite trista \u00e4mnen som gjorda f\u00f6r anst\u00e4llda byr\u00e5krater.<\/p>\n<p><strong>\u00c4r det \u00f6ver huvud taget n\u00e5gon st\u00f6rre nytta med <em>Where\u2019s the music<\/em> (WTM) eller \u00e4r det bara ett s\u00e4tt f\u00f6r arrang\u00f6ren FKP Scorpio att tj\u00e4na ytterligare n\u00e5gra miljoner? <\/strong>Nej, programpunkten heter <em>Analysering av den svenska musikindustrin<\/em> (det borde hela \u201dAnalys av den\u2026\u201d) och fr\u00e5gar hur den ofta s\u00e5 lyckosamma svenska musikindustrin kan dra nytta av och st\u00f6dja \u201dmusikm\u00e4ssan\u201d WTM med dess 145 showcase. Fr\u00e5gar g\u00f6r Norrk\u00f6pingsprofilen Henrik Johnsson, svarar g\u00f6r personer i musikbranschens nyckelpositioner.<\/p>\n<p><strong>Kul fr\u00e5ga<em>: \u00c4r du redo att turnera i USA?<\/em> Eller tror du det bara?<\/strong> Nog s\u00e5 viktigt att fundera \u00f6ver, f\u00f6r det \u00e4r en stor satsning som kan bli en dyrk\u00f6pt erfarenhet. Tur att <em>EE Music<\/em>, allts\u00e5 energisn\u00e5l musik, kan hj\u00e4lpa till att h\u00e5lla kostnaderna nere.<\/p>\n<p><em>\u00c4r det annorlunda i Norden? <\/em>Det h\u00e4r med musik fr\u00e5n \u00f6vriga nordiska l\u00e4nder, varf\u00f6r sl\u00e5r inte musikakterna b\u00e4ttre n\u00e4r vi har s\u00e5 mycket gemensamt. Och \u00e4r Genusansvar, en typisk svensk diskussion? Inte minst FKP Scorpio har f\u00e5tt kl\u00e4 skott f\u00f6r kritiken p\u00e5 oj\u00e4mlik genusf\u00f6rdelning inte minst p\u00e5 j\u00e4ttefestivalen Br\u00e5valla (men \u00e5 andra sidan kryllar det av kvinnodominerade akter under WTM.)<\/p>\n<p>Med mera, med mera.<\/p>\n<p>&nbsp;<\/p>\n<p><iframe loading=\"lazy\" src=\"https:\/\/www.flickr.com\/photos\/kultursidan\/12442257563\/in\/set-72157648456708023\/player\/\" width=\"280\" height=\"400\" frameborder=\"0\" allowfullscreen=\"allowfullscreen\"><\/iframe><br \/>\n<em> Lasse Stjernqvist trivdes p\u00e5 Br\u00e5valla. Tur att \u00e5tminstone en politiker har kulturellt intresse.<\/em><\/p>\n<p>&nbsp;<\/p>\n<p><strong>M\u00e5nga konferensdeltagare kommer fr\u00e5n branschen. <\/strong>Cirka h\u00e4lften av \u00f6vriga \u00e4r media, varav de flesta fokuserar p\u00e5 musikdelen. Norrk\u00f6pings kommun skickar kommunstyrelsens ordf\u00f6rande Lars Stjernkvist och en informat\u00f6r, det \u00e4r allt. Det b\u00e5dar inte s\u00e5 gott f\u00f6r satsningen p\u00e5 Musikhuvudstaden. Olle Vikm\u00e5ng, kulturn\u00e4mndens nytilltr\u00e4dde ordf\u00f6rande har inte anm\u00e4lt sig, inte n\u00e5gon annan kulturpolitiker eller kulturtj\u00e4nsteman heller. Om nu inte Upplev Norrk\u00f6ping AB:s treh\u00f6vdade delegation ledd av VD Stefan Papangelis ska r\u00e4knas dit.<\/p>\n<p>\u00d6stsam\/Region \u00d6sterg\u00f6tlands teateransvariga Maria Brusman har ocks\u00e5 anm\u00e4lt sig och det g\u00f6r hon r\u00e4tt i, men \u00e4r inte fler kulturansvariga h\u00e4r.<\/p>\n<p>PS! Vill Steve Zebb fr\u00e5n International Talent Booking signa just ditt band \u00e4r det kanske inte f\u00f6r bra f\u00f6r att vara sant. En av v\u00e4rldens riktigt stora akt\u00f6rer med Black Sabbath, Bob Dylan och Neil Young p\u00e5 listan kommer till <em>Where\u2019s The Music?<\/em>. Och han \u00e4r inte precis ensam bokare som \u00e4r nyfiken p\u00e5 ny svensk (och lite nordisk) musik. Here\u2019s The Music!<\/p>\n<p><em>Text: Ann-Charlotte Sandelin<\/em><\/p>\n<p>BILDSPEL (FLASH) \u2013 KLICKA P\u00c5 BILDEN <em><br \/>\nALT\/MOBIL: SE BILDSPELET <a title=\"Bildspel\" href=\"https:\/\/www.flickr.com\/photos\/kultursidan\/sets\/72157649336854896\/show\/\" target=\"_blank\">H\u00c4R<\/a><\/em><br \/>\n<object width=\"400\" height=\"300\"><param name=\"flashvars\" value=\"offsite=true&amp;lang=en-us&amp;page_show_url=%2Fphotos%2Fkultursidan%2Fsets%2F72157648456708023%2Fshow%2F&amp;page_show_back_url=%2Fphotos%2Fkultursidan%2Fsets%2F72157648456708023%2F&amp;set_id=72157648456708023&amp;jump_to=\" \/><param name=\"movie\" value=\"https:\/\/www.flickr.com\/apps\/slideshow\/show.swf?v=1811922554\" \/><param name=\"allowFullScreen\" value=\"true\" \/><\/object><\/p>\n<blockquote>\n<h3><em>WHERE\u2019S THE MUSIC Norrk\u00f6ping<\/em><\/h3>\n<p>(12)\u201313\u201314 februari 2015<br \/>\n<strong>Musikkonferens<\/strong><em><br \/>\n<\/em><em>Arr: FKP Scorpio<\/em><\/p><\/blockquote>\n<p>Where\u2019s the music <a title=\"Where's the Music?\" href=\"http:\/\/www.wheresthemusic.se\" target=\"_blank\">hemsida<\/a> <a title=\"Program\" href=\"http:\/\/www.wheresthemusic.se\/musik\/spelschemat\/\" target=\"_blank\">spelschema<\/a> <a title=\"line-up\" href=\"http:\/\/www.wheresthemusic.se\/musik\/\" target=\"_blank\">line-up<\/a> <a title=\"FacebookEvenemang\" href=\"https:\/\/www.facebook.com\/events\/843185482401330\/?fref=ts\" target=\"_blank\">Facebook <\/a><br \/>\nH\u00e4r \u00e4r musiken under vinterns festival! <a title=\"H\u00e4r \u00e4r musiken under vinterns festival!\" href=\"https:\/\/www.kultursidan.nu\/?p=18807\" target=\"_blank\">reportage<\/a> Kultursidan.nu 10\/2 2015<\/p>\n","protected":false},"excerpt":{"rendered":"<p>NORRK\u00d6PING Till att b\u00f6rja med droppade bara namnen ner. Som om konferensdeltagarnas huvudsakliga uppgift var att mingla. Det \u00e4r f\u00f6rst\u00e5s viktigt det ocks\u00e5. 28 programpunkter (inklusive kaffepauser) avhandlas under Where\u2019s the Music. <a class=\"continue-reading-link\" href=\"https:\/\/www.kultursidan.nu\/?p=18838\">L\u00e4s mer <span class=\"meta-nav\">&rarr; <\/span><\/a><\/p>\n","protected":false},"author":1001006,"featured_media":0,"comment_status":"closed","ping_status":"open","sticky":false,"template":"","format":"standard","meta":{"_jetpack_memberships_contains_paid_content":false,"footnotes":""},"categories":[7],"tags":[13],"class_list":["post-18838","post","type-post","status-publish","format-standard","hentry","category-norrkoping","tag-musik"],"jetpack_featured_media_url":"","jetpack_sharing_enabled":true,"_links":{"self":[{"href":"https:\/\/www.kultursidan.nu\/index.php?rest_route=\/wp\/v2\/posts\/18838","targetHints":{"allow":["GET"]}}],"collection":[{"href":"https:\/\/www.kultursidan.nu\/index.php?rest_route=\/wp\/v2\/posts"}],"about":[{"href":"https:\/\/www.kultursidan.nu\/index.php?rest_route=\/wp\/v2\/types\/post"}],"author":[{"embeddable":true,"href":"https:\/\/www.kultursidan.nu\/index.php?rest_route=\/wp\/v2\/users\/1001006"}],"replies":[{"embeddable":true,"href":"https:\/\/www.kultursidan.nu\/index.php?rest_route=%2Fwp%2Fv2%2Fcomments&post=18838"}],"version-history":[{"count":0,"href":"https:\/\/www.kultursidan.nu\/index.php?rest_route=\/wp\/v2\/posts\/18838\/revisions"}],"wp:attachment":[{"href":"https:\/\/www.kultursidan.nu\/index.php?rest_route=%2Fwp%2Fv2%2Fmedia&parent=18838"}],"wp:term":[{"taxonomy":"category","embeddable":true,"href":"https:\/\/www.kultursidan.nu\/index.php?rest_route=%2Fwp%2Fv2%2Fcategories&post=18838"},{"taxonomy":"post_tag","embeddable":true,"href":"https:\/\/www.kultursidan.nu\/index.php?rest_route=%2Fwp%2Fv2%2Ftags&post=18838"}],"curies":[{"name":"wp","href":"https:\/\/api.w.org\/{rel}","templated":true}]}}