{"id":18861,"date":"2015-02-13T17:43:37","date_gmt":"2015-02-13T16:43:37","guid":{"rendered":"https:\/\/intelligent-friend-7861.standoutwp.com\/?p=18861"},"modified":"2015-02-13T17:43:37","modified_gmt":"2015-02-13T16:43:37","slug":"wtm-kryddat-med-the-durango-riot-recension","status":"publish","type":"post","link":"https:\/\/www.kultursidan.nu\/?p=18861","title":{"rendered":"WTM \u2013 Kryddat med The Durango Riot (recension)"},"content":{"rendered":"<p><a href=\"https:\/\/www.kultursidan.nu\/wp-content\/uploads\/2015\/02\/IMG_3055.jpg\"><img loading=\"lazy\" decoding=\"async\" class=\"alignnone size-medium wp-image-18862\" src=\"https:\/\/www.kultursidan.nu\/wp-content\/uploads\/2015\/02\/IMG_3055-567x378.jpg\" alt=\"The Durango Riot\" width=\"567\" height=\"378\" srcset=\"https:\/\/www.kultursidan.nu\/wp-content\/uploads\/2015\/02\/IMG_3055-567x378.jpg 567w, https:\/\/www.kultursidan.nu\/wp-content\/uploads\/2015\/02\/IMG_3055-1024x682.jpg 1024w, https:\/\/www.kultursidan.nu\/wp-content\/uploads\/2015\/02\/IMG_3055-500x333.jpg 500w, https:\/\/www.kultursidan.nu\/wp-content\/uploads\/2015\/02\/IMG_3055-150x100.jpg 150w, https:\/\/www.kultursidan.nu\/wp-content\/uploads\/2015\/02\/IMG_3055.jpg 1280w\" sizes=\"auto, (max-width: 567px) 100vw, 567px\" \/><\/a><em><br \/>\nThe Durango Riot \u00f6ser fram rock med punkattityd kryddat med lite psykedelisk chilipeppar.<\/em><\/p>\n<p>&nbsp;<\/p>\n<h1><span style=\"color: #ff0000;\">Enformigt p\u00e5 ett bra s\u00e4tt<\/span><\/h1>\n<p>&nbsp;<\/p>\n<p><strong>Nej, n\u00e5got sl\u00e4ktskap med den franske jazzgitarristen Django Reinhart finns inte (bortsett fr\u00e5n det humoristiska namnet).<\/strong> H\u00e4r finns inte en jazzton s\u00e5 l\u00e5ngt \u00f6rat r\u00e4cker. Men s\u00e5 \u00e4r ocks\u00e5 Saliga Munken \u00e5rets upplaga av <em>Where\u2019s The Music?<\/em><em>s <\/em>egen rock- och punkgrotta.<\/p>\n<p>Och bandet \u00e4r lite av b\u00e4gge delarna; lite rock med punkattityd kryddat med lite psykedelisk chilipeppar stulen fr\u00e5n Bob Dylans <em>Romance in Durango<\/em>. Nej, inte heller Dylan har n\u00e5t detta med detta att g\u00f6ra, det \u00e4r bara min associationskedja som f\u00f6r mig vilse. Inte Durango heller, f\u00f6rresten. Karlskoga \u00e4r mer r\u00e4tt. S\u00e5ngaren Fred Andersson ser ut att vara nyss utstigen ur en av alla raggarbilar som kryssar runt i den staden.<\/p>\n<p>&nbsp;<\/p>\n<p><iframe loading=\"lazy\" src=\"https:\/\/www.flickr.com\/photos\/kultursidan\/16333544489\/in\/set-72157648464572784\/player\/\" width=\"280\" height=\"400\" frameborder=\"0\" allowfullscreen=\"allowfullscreen\"><\/iframe><br \/>\n<em> S\u00e5ngaren Fred Andersson b\u00e5de r\u00f6r sig och l\u00e5ter en smula som Joe Strummer.<\/em><\/p>\n<p>&nbsp;<\/p>\n<p><strong>D\u00e4remot b\u00e5de r\u00f6r han sig och l\u00e5ter en smula som Joe Strummer. <\/strong>Punkattityd allts\u00e5. Och o\u00e4ndligt med rastl\u00f6shet och energi. B\u00e5de han och trummisen \u00e4r korth\u00e5riga, men de flankeras av tv\u00e5 l\u00e5ngh\u00e5riga och sk\u00e4ggbev\u00e4xta typer som spelar bas och slidegitarr. Man vet ju inte vad man ska tro. B\u00e4st att h\u00e5lla ett \u00f6ppet sinne.<\/p>\n<p>En slidegitarr h\u00f6r ju inte heller hemma i den h\u00e4r typen av tung rockmusik, och det g\u00f6r att de f\u00e5r ett eget sound. De \u00e4r en ny bekantskap f\u00f6r mig, men jag tror jag kommer att l\u00e4ra k\u00e4nna dem b\u00e4ttre. Musiken \u00e4r r\u00e4tt enformig&#8230; p\u00e5 det bra s\u00e4ttet.<\/p>\n<p><strong>Den sista l\u00e5ten vi hinner h\u00f6ra, innan vi m\u00e5ste rusa vidare heter <em>Marquee Days<\/em> och p\u00e5st\u00e5s handla om ett flygplan som har kraschat.<\/strong> Jaha. Den har allts\u00e5 inget med rockklubben Marquee i London att g\u00f6ra? Eller med gruppen Televisions l\u00e5t\/skiva <em>Marquee Moon<\/em> fr\u00e5n 1977? V\u00e4nta&#8230; h\u00e4r har vi n\u00e5got. Enformigt p\u00e5 ett bra s\u00e4tt.<\/p>\n<p><em>Text: Michael Strandhed<br \/>\nFoto: Ann-Charlotte Sandelin<\/em><\/p>\n<p>BILDSPEL (FLASH) \u2013 KLICKA P\u00c5 BILDEN <em><br \/>\nALT\/MOBIL: SE BILDSPELET <a title=\"Bildspel\" href=\"https:\/\/www.flickr.com\/photos\/kultursidan\/sets\/72157648464572784\/show\/\" target=\"_blank\">H\u00c4R<\/a><\/em><br \/>\n<object width=\"400\" height=\"300\"><param name=\"flashvars\" value=\"offsite=true&amp;lang=en-us&amp;page_show_url=%2Fphotos%2Fkultursidan%2Fsets%2F72157648464572784%2Fshow%2F&amp;page_show_back_url=%2Fphotos%2Fkultursidan%2Fsets%2F72157648464572784%2F&amp;set_id=72157648464572784&amp;jump_to=\" \/><param name=\"movie\" value=\"https:\/\/www.flickr.com\/apps\/slideshow\/show.swf?v=1811922554\" \/><param name=\"allowFullScreen\" value=\"true\" \/><\/object><\/p>\n<blockquote>\n<h3><em>SALIGA MUNKEN Norrk\u00f6ping<\/em><\/h3>\n<p>12 februari 2015 kl 19<em><br \/>\n<strong>The Durango Riot<\/strong><\/em><br \/>\n<em> Publik ca 70 pers<\/em><br \/>\n<em> Prod: Where\u2019s The Music?<\/em><\/p><\/blockquote>\n<p>L\u00c4NKAR<br \/>\nThe Durango Riot <a title=\"The Durango Riot\" href=\"http:\/\/www.thedurangoriot.com\" target=\"_blank\">hemsida<\/a> <a title=\"Facebook\" href=\"https:\/\/www.facebook.com\/thedurangoriot?fref=ts\" target=\"_blank\">Facebook<\/a> <a title=\"Recension\" href=\"http:\/\/kritiker.se\/sok\/?sokRecension=durango+riot&amp;k=1\" target=\"_blank\">skivrecension<\/a> <a title=\"WTM\" href=\"%20http:\/\/www.wheresthemusic.se\/events\/durango-riot\/\" target=\"_blank\">WTM-presentation<\/a><br \/>\nWhere\u2019s The Music? <a title=\"Where's the Music?\" href=\"http:\/\/www.wheresthemusic.se\" target=\"_blank\">hemsida<\/a> <a title=\"FacebookEvenemang\" href=\"https:\/\/www.facebook.com\/events\/843185482401330\/?fref=ts\" target=\"_blank\">Facebook<\/a><br \/>\nRECENSIONER<br \/>\nWTM \u2013 Musiken r\u00f6r p\u00e5 Elin Bell <a title=\"WTM \u2013 Musiken r\u00f6r p\u00e5 Elin Bell\" href=\"https:\/\/www.kultursidan.nu\/?p=18851\" target=\"_blank\">recension<\/a> Kultursidan.nu 13\/2 2015<br \/>\nF\u00d6RHANDSARTIKLAR<br \/>\nH\u00e4r\u2019\u00e4 den nya musikkonferensen! <a title=\"H\u00e4r\u2019\u00e4 den nya musikkonferensen!\" href=\"https:\/\/www.kultursidan.nu\/?p=18838\" target=\"_blank\">reportage<\/a> Kultursidan.nu 12\/2 2015<br \/>\nH\u00e4r \u00e4r musiken under vinterns festival! <a title=\"H\u00e4r \u00e4r musiken under vinterns festival!\" href=\"https:\/\/www.kultursidan.nu\/?p=18807\" target=\"_blank\">reportage<\/a> Kultursidan.nu 11\/2 2015<\/p>\n","protected":false},"excerpt":{"rendered":"<p>NORRK\u00d6PING Saliga Munken \u00e4r Where\u2019s The Music?s egen rock- och punkgrotta. The Durango Riot br\u00e4nde av intensiv rock med punkattityd kryddat med lite psykedelisk chilipeppar. <a class=\"continue-reading-link\" href=\"https:\/\/www.kultursidan.nu\/?p=18861\">L\u00e4s mer <span class=\"meta-nav\">&rarr; <\/span><\/a><\/p>\n","protected":false},"author":1001006,"featured_media":0,"comment_status":"closed","ping_status":"open","sticky":false,"template":"","format":"standard","meta":{"_jetpack_memberships_contains_paid_content":false,"footnotes":""},"categories":[7],"tags":[29,13],"class_list":["post-18861","post","type-post","status-publish","format-standard","hentry","category-norrkoping","tag-festival","tag-musik"],"jetpack_featured_media_url":"","jetpack_sharing_enabled":true,"_links":{"self":[{"href":"https:\/\/www.kultursidan.nu\/index.php?rest_route=\/wp\/v2\/posts\/18861","targetHints":{"allow":["GET"]}}],"collection":[{"href":"https:\/\/www.kultursidan.nu\/index.php?rest_route=\/wp\/v2\/posts"}],"about":[{"href":"https:\/\/www.kultursidan.nu\/index.php?rest_route=\/wp\/v2\/types\/post"}],"author":[{"embeddable":true,"href":"https:\/\/www.kultursidan.nu\/index.php?rest_route=\/wp\/v2\/users\/1001006"}],"replies":[{"embeddable":true,"href":"https:\/\/www.kultursidan.nu\/index.php?rest_route=%2Fwp%2Fv2%2Fcomments&post=18861"}],"version-history":[{"count":0,"href":"https:\/\/www.kultursidan.nu\/index.php?rest_route=\/wp\/v2\/posts\/18861\/revisions"}],"wp:attachment":[{"href":"https:\/\/www.kultursidan.nu\/index.php?rest_route=%2Fwp%2Fv2%2Fmedia&parent=18861"}],"wp:term":[{"taxonomy":"category","embeddable":true,"href":"https:\/\/www.kultursidan.nu\/index.php?rest_route=%2Fwp%2Fv2%2Fcategories&post=18861"},{"taxonomy":"post_tag","embeddable":true,"href":"https:\/\/www.kultursidan.nu\/index.php?rest_route=%2Fwp%2Fv2%2Ftags&post=18861"}],"curies":[{"name":"wp","href":"https:\/\/api.w.org\/{rel}","templated":true}]}}