{"id":18869,"date":"2015-02-14T11:58:56","date_gmt":"2015-02-14T10:58:56","guid":{"rendered":"https:\/\/intelligent-friend-7861.standoutwp.com\/?p=18869"},"modified":"2015-12-13T11:43:13","modified_gmt":"2015-12-13T10:43:13","slug":"wtm-fortrollande-aurora-pa-dynamo-recension","status":"publish","type":"post","link":"https:\/\/www.kultursidan.nu\/?p=18869","title":{"rendered":"WTM \u2013 F\u00f6rtrollande Aurora p\u00e5 Dynamo (recension)"},"content":{"rendered":"<p><a href=\"https:\/\/www.kultursidan.nu\/wp-content\/uploads\/2015\/02\/Aurora1.jpg\"><img loading=\"lazy\" decoding=\"async\" class=\"alignnone size-medium wp-image-18870\" src=\"https:\/\/www.kultursidan.nu\/wp-content\/uploads\/2015\/02\/Aurora1-567x396.jpg\" alt=\"Aurora\" width=\"567\" height=\"396\" srcset=\"https:\/\/www.kultursidan.nu\/wp-content\/uploads\/2015\/02\/Aurora1-567x396.jpg 567w, https:\/\/www.kultursidan.nu\/wp-content\/uploads\/2015\/02\/Aurora1-1024x716.jpg 1024w, https:\/\/www.kultursidan.nu\/wp-content\/uploads\/2015\/02\/Aurora1-476x333.jpg 476w, https:\/\/www.kultursidan.nu\/wp-content\/uploads\/2015\/02\/Aurora1-150x105.jpg 150w, https:\/\/www.kultursidan.nu\/wp-content\/uploads\/2015\/02\/Aurora1.jpg 1080w\" sizes=\"auto, (max-width: 567px) 100vw, 567px\" \/><\/a><em><br \/>\nFj\u00e4llgr\u00e4nsen kan inte stoppa norska musikfenomenet Aurora. Hon har gjort musik sedan hon var 10 \u00e5r.\u00a0<\/em><\/p>\n<p>&nbsp;<\/p>\n<h1><span style=\"color: #ff0000;\">\u00c4r vi rentav p\u00e5 Mars?<\/span><\/h1>\n<p>&nbsp;<\/p>\n<p><strong>H\u00e4r \u00e4r n\u00e5got s\u00e5 nytt att det inte har l\u00e4mnat n\u00e5got annat sp\u00e5r p\u00e5 Spotify \u00e4n tv\u00e5 singlar fr\u00e5n f\u00f6rra \u00e5ret.<\/strong> Men hemma i Norge har svallv\u00e5gorna tydligen g\u00e5tt h\u00f6ga i pressen. Sj\u00e4lv hade jag inte sett annat \u00e4n videon (<em>Awakening<\/em>) p\u00e5 <em>Where\u2019s The Musics<\/em> hemsida, men det r\u00e4ckte f\u00f6r att hon skulle vara mer intressant \u00e4n 120 av artisterna p\u00e5 festivalen.<\/p>\n<p>N\u00e4r debutskivan kommer under \u00e5ret kommer den att tr\u00e4nga rakt igenom fj\u00e4llkedjan mellan v\u00e5ra l\u00e4nder. Jag tror den kommer att surfa r\u00e4tt ut \u00f6ver Atlanten ocks\u00e5.<\/p>\n<p>Skivbolaget Decca gjorde troligen inget misstag n\u00e4r de gav 18-\u00e5riga Aurora Aksnes skivkontrakt efter att bara ha h\u00f6rt en l\u00e5t.<\/p>\n<p>&nbsp;<\/p>\n<p><iframe loading=\"lazy\" src=\"https:\/\/www.flickr.com\/photos\/kultursidan\/16340109747\/in\/set-72157650744558406\/player\/\" width=\"400\" height=\"280\" frameborder=\"0\" allowfullscreen=\"allowfullscreen\"><\/iframe><br \/>\n<em> S\u00e5 sjunger hon en akustisk s\u00e5ng om ett mord ackompanjerad bara av gitarristen och tiden stannar helt.<\/em><\/p>\n<p>&nbsp;<\/p>\n<p><strong>Och visst \u00e4r hon helt f\u00f6rtrollande p\u00e5 Dynamos scen i sin stickade kofta med armar som virkar i luften!<\/strong> En r\u00f6st som verkar ta flera toner samtidigt ekar mellan fj\u00e4llen. Nej, det \u00e4r ju tjejen som spelar klaviatur som k\u00f6rar l\u00e4tt dissonant. Jag t\u00e4nker Kate Bush, men s\u00e5 inser jag att det inte beh\u00f6vs n\u00e5gon j\u00e4mf\u00f6relse.<\/p>\n<p>Hon sjunger \u201dtake me home where I belong\u201d och kramar sig sj\u00e4lv. Publiken skriker \u201dstanna h\u00e4r!\u201d. Nej, det g\u00f6r vi inte. Men vi borde ha gjort. Och vi borde varit fler.<\/p>\n<p><strong>S\u00e5 sjunger hon en akustisk s\u00e5ng om ett mord ackompanjerad bara av gitarristen och tiden stannar helt. <\/strong>Sedan h\u00f6r jag henne sjunga att hon \u00e4r \u201drunning with wolves\u201d, och jag t\u00e4nker att det m\u00e5ste vara norska vargar. H\u00e4r g\u00f6r vi ju allt f\u00f6r att skjuta ihj\u00e4l det f\u00e5tal vi har.<\/p>\n<p><strong>Vi \u00e4r, som sagt, ocks\u00e5 f\u00e5 men ett extranummer lyckas vi \u00e4nd\u00e5 locka fram.<\/strong> Hon tolkar David Bowies <em>Life on Mars? <\/em>p\u00e5 ett s\u00e5 l\u00e5ngsamt och smekfullt s\u00e4tt att fr\u00e5gan blir retorisk. Det \u00e4r klart det finns! \u00c4r vi rentav p\u00e5 Mars?<\/p>\n<p><em>Text och foto: Michael Strandhed<br \/>\n<\/em><\/p>\n<p>BILDSPEL (FLASH) \u2013 KLICKA P\u00c5 BILDEN <em><br \/>\nALT\/MOBIL: SE BILDSPELET <a title=\"Bildspel\" href=\"https:\/\/www.flickr.com\/photos\/kultursidan\/sets\/72157650744558406\/show\/\" target=\"_blank\">H\u00c4R<\/a><\/em><br \/>\n<object width=\"400\" height=\"300\"><param name=\"flashvars\" value=\"offsite=true&amp;lang=en-us&amp;page_show_url=%2Fphotos%2Fkultursidan%2Fsets%2F72157650744558406%2Fshow%2F&amp;page_show_back_url=%2Fphotos%2Fkultursidan%2Fsets%2F72157650744558406%2F&amp;set_id=72157650744558406&amp;jump_to=\" \/><param name=\"movie\" value=\"https:\/\/www.flickr.com\/apps\/slideshow\/show.swf?v=1811922554\" \/><param name=\"allowFullScreen\" value=\"true\" \/><\/object><\/p>\n<blockquote>\n<h3><em>DYNAMO Norrk\u00f6ping<\/em><\/h3>\n<p>12 februari 2015 kl 21.15<br \/>\n<em> <strong>Aurora<\/strong><\/em><br \/>\n<em> Publik ca 50 pers<\/em><br \/>\n<em> Prod: Where\u2019s The Music?<\/em><\/p><\/blockquote>\n<p>L\u00c4NKAR<br \/>\nAurora Aksnes <a title=\"Info\" href=\"http:\/\/musicnorway.no\/artist\/aurora-aksnes\/\" target=\"_blank\">info<\/a> <a title=\"Recension\" href=\"http:\/\/www.dagbladet.no\/2014\/09\/30\/kultur\/musikk\/aurora_aksnes\/decca_records\/35517390\/\" target=\"_blank\">skivrecension<\/a> <a title=\"WTM\" href=\"http:\/\/www.wheresthemusic.se\/events\/aurora\/\" target=\"_blank\">WTM-presentation<\/a><br \/>\nWhere\u2019s The Music? <a title=\"Where's the Music?\" href=\"http:\/\/www.wheresthemusic.se\" target=\"_blank\">hemsida<\/a> <a title=\"FacebookEvenemang\" href=\"https:\/\/www.facebook.com\/events\/843185482401330\/?fref=ts\" target=\"_blank\">Facebook<\/a><br \/>\nRECENSIONER<br \/>\nWTM \u2013 Kryddat med The Durango Riot <a title=\"WTM \u2013 Kryddat med The Durango Riot \" href=\"https:\/\/www.kultursidan.nu\/?p=18861\" target=\"_blank\">recension<\/a> Kultursidan.nu 13\/2 2015<br \/>\nWTM \u2013 Musiken r\u00f6r p\u00e5 Elin Bell <a title=\"WTM \u2013 Musiken r\u00f6r p\u00e5 Elin Bell\" href=\"https:\/\/www.kultursidan.nu\/?p=18851\" target=\"_blank\">recension<\/a> Kultursidan.nu 13\/2 2015<br \/>\nF\u00d6RHANDSARTIKLAR<br \/>\nH\u00e4r\u2019\u00e4 den nya musikkonferensen! <a title=\"H\u00e4r\u2019\u00e4 den nya musikkonferensen!\" href=\"https:\/\/www.kultursidan.nu\/?p=18838\" target=\"_blank\">reportage<\/a> Kultursidan.nu 12\/2 2015<br \/>\nH\u00e4r \u00e4r musiken under vinterns festival! <a title=\"H\u00e4r \u00e4r musiken under vinterns festival!\" href=\"https:\/\/www.kultursidan.nu\/?p=18807\" target=\"_blank\">reportage<\/a> Kultursidan.nu 11\/2 2015<\/p>\n","protected":false},"excerpt":{"rendered":"<p>NORRK\u00d6PING Skivbolaget Decca gjorde inget misstag n\u00e4r de gav 18-\u00e5riga Aurora Aksnes skivkontrakt efter att bara ha h\u00f6rt en l\u00e5t. Hon \u00e4r mer intressant \u00e4n 120 av de 145 akterna p\u00e5 festivalen. <a class=\"continue-reading-link\" href=\"https:\/\/www.kultursidan.nu\/?p=18869\">L\u00e4s mer <span class=\"meta-nav\">&rarr; <\/span><\/a><\/p>\n","protected":false},"author":1001006,"featured_media":0,"comment_status":"closed","ping_status":"open","sticky":false,"template":"","format":"standard","meta":{"_jetpack_memberships_contains_paid_content":false,"footnotes":""},"categories":[7],"tags":[29,13],"class_list":["post-18869","post","type-post","status-publish","format-standard","hentry","category-norrkoping","tag-festival","tag-musik"],"jetpack_featured_media_url":"","jetpack_sharing_enabled":true,"_links":{"self":[{"href":"https:\/\/www.kultursidan.nu\/index.php?rest_route=\/wp\/v2\/posts\/18869","targetHints":{"allow":["GET"]}}],"collection":[{"href":"https:\/\/www.kultursidan.nu\/index.php?rest_route=\/wp\/v2\/posts"}],"about":[{"href":"https:\/\/www.kultursidan.nu\/index.php?rest_route=\/wp\/v2\/types\/post"}],"author":[{"embeddable":true,"href":"https:\/\/www.kultursidan.nu\/index.php?rest_route=\/wp\/v2\/users\/1001006"}],"replies":[{"embeddable":true,"href":"https:\/\/www.kultursidan.nu\/index.php?rest_route=%2Fwp%2Fv2%2Fcomments&post=18869"}],"version-history":[{"count":0,"href":"https:\/\/www.kultursidan.nu\/index.php?rest_route=\/wp\/v2\/posts\/18869\/revisions"}],"wp:attachment":[{"href":"https:\/\/www.kultursidan.nu\/index.php?rest_route=%2Fwp%2Fv2%2Fmedia&parent=18869"}],"wp:term":[{"taxonomy":"category","embeddable":true,"href":"https:\/\/www.kultursidan.nu\/index.php?rest_route=%2Fwp%2Fv2%2Fcategories&post=18869"},{"taxonomy":"post_tag","embeddable":true,"href":"https:\/\/www.kultursidan.nu\/index.php?rest_route=%2Fwp%2Fv2%2Ftags&post=18869"}],"curies":[{"name":"wp","href":"https:\/\/api.w.org\/{rel}","templated":true}]}}