{"id":18898,"date":"2015-02-16T13:37:08","date_gmt":"2015-02-16T12:37:08","guid":{"rendered":"https:\/\/intelligent-friend-7861.standoutwp.com\/?p=18898"},"modified":"2015-02-16T13:37:08","modified_gmt":"2015-02-16T12:37:08","slug":"wtm-tjejerna-pa-vag-i-musikbranschen","status":"publish","type":"post","link":"https:\/\/www.kultursidan.nu\/?p=18898","title":{"rendered":"WTM \u2013 Tjejerna p\u00e5 v\u00e4g i musikbranschen"},"content":{"rendered":"<p><a href=\"https:\/\/www.kultursidan.nu\/wp-content\/uploads\/2015\/02\/IMG_3326.jpg\"><img loading=\"lazy\" decoding=\"async\" class=\"alignnone size-medium wp-image-18899\" src=\"https:\/\/www.kultursidan.nu\/wp-content\/uploads\/2015\/02\/IMG_3326-567x378.jpg\" alt=\"Helen Sildna och Stephan Thanscheidt\" width=\"567\" height=\"378\" srcset=\"https:\/\/www.kultursidan.nu\/wp-content\/uploads\/2015\/02\/IMG_3326-567x378.jpg 567w, https:\/\/www.kultursidan.nu\/wp-content\/uploads\/2015\/02\/IMG_3326-1024x682.jpg 1024w, https:\/\/www.kultursidan.nu\/wp-content\/uploads\/2015\/02\/IMG_3326-500x333.jpg 500w, https:\/\/www.kultursidan.nu\/wp-content\/uploads\/2015\/02\/IMG_3326-150x100.jpg 150w, https:\/\/www.kultursidan.nu\/wp-content\/uploads\/2015\/02\/IMG_3326.jpg 1280w\" sizes=\"auto, (max-width: 567px) 100vw, 567px\" \/><\/a><em><br \/>\nEnsam bland m\u00e5nga av motsatt k\u00f6n. Festivalledarna Helen Sildna och Stephan Thanscheidt har b\u00e5da erfarenhet av att vara i en s\u00e5dan position.<br \/>\n<\/em><\/p>\n<p>&nbsp;<\/p>\n<h1><span style=\"color: #ff0000;\">&#8221;Det skiljer sig mellan olika marknader&#8221;<\/span><\/h1>\n<p>&nbsp;<\/p>\n<p><strong>Nej, genusfr\u00e5gan \u00e4r inte enbart n\u00e5got f\u00f6r den svenska debatthorisonten. <\/strong>Den lever \u00e4ven utanf\u00f6r gr\u00e4nsen, men det skiljer sig mellan olika marknader. <em>Where\u2019s The Music?<\/em> \u2013 med 60 procent kvinnliga artister \u2013 pekar mot en f\u00f6r\u00e4ndrad framtid.<\/p>\n<p>En av de 28 programpunkterna i konferensdelen handlade om k\u00f6n och makt i musikbranschen, p\u00e5 scenen och bakom den. I panelen satt tv\u00e5 m\u00e4n och tv\u00e5 kvinnor, alla spindlar i musikn\u00e4t i sina respektive l\u00e4nder. Moderatorn var en kvinna, Fruzsina Sz\u00e9p, med l\u00e5ng erfarenhet fr\u00e5n festivalbranschen i Ungern och i Tyskland.<\/p>\n<p>&nbsp;<\/p>\n<p><iframe loading=\"lazy\" src=\"https:\/\/www.flickr.com\/photos\/kultursidan\/15927925593\/in\/set-72157650433409917\/player\/\" width=\"400\" height=\"280\" frameborder=\"0\" allowfullscreen=\"allowfullscreen\"><\/iframe><br \/>\n<em> \u2013 Skulle det vara alltf\u00f6r oj\u00e4mnt s\u00e5 skulle det vara en d\u00e5lig aff\u00e4r f\u00f6r oss, sade Mikko Niemel\u00e4 fr\u00e5n finska Ruisrock. Till v\u00e4nster moderatorn Fruzsina Sz\u00e9p.<\/em><\/p>\n<p>&nbsp;<\/p>\n<p><strong>Framtiden \u00e4r redan h\u00e4r om vi ska d\u00f6ma efter den oerh\u00f6rt j\u00e4mna f\u00f6rdelningen mellan m\u00e4n och kvinnor p\u00e5 de tio scenerna under helgens musikfestival.<\/strong> Faktiskt med en liten \u00f6vervikt f\u00f6r kvinnliga artister, 60 procent enligt Stephan Thanscheidt. Han b\u00f6r veta, som huvudansvarig f\u00f6r FKP Scorpios hela festivalbokning, och grundaren Folkert Koopmans kompanjon och h\u00f6gra hand.<\/p>\n<p>\u2013 Det skiljer sig mellan olika marknader, menar Stephan Thanscheidt som \u00f6vervakar 17 musikfestivaler ibland annat Sverige, Tyskland, Tjeckoslovakien.<\/p>\n<p><strong>Enligt honom \u00e4r f\u00f6rdelningen mellan k\u00f6nen en fr\u00e5ga bland flera.<\/strong> Urvalet av artister handlar ocks\u00e5 om musikgenrer och vad som finns att tillg\u00e5. \u00c4n s\u00e5 l\u00e4nge \u00e4r de manliga huvudakterna fler inom vissa av rockens genrer, men det h\u00e4nder mycket p\u00e5 niv\u00e5erna under, de som pekar fram\u00e5t i tiden.<\/p>\n<p>\u2013 K\u00f6n \u00e4r ingen stor fr\u00e5ga f\u00f6r oss. Vi g\u00f6r v\u00e5r festival f\u00f6r hela Finland. Skulle det vara alltf\u00f6r oj\u00e4mnt s\u00e5 skulle det vara en d\u00e5lig aff\u00e4r f\u00f6r oss, sade Mikko Niemel\u00e4 fr\u00e5n finska Ruisrock. Men f\u00f6rra \u00e5ret var det bara 30 procent kvinnor p\u00e5 scenen medan h\u00e4lften av publiken var kvinnor.<\/p>\n<p>&nbsp;<\/p>\n<p><iframe loading=\"lazy\" src=\"https:\/\/www.flickr.com\/photos\/kultursidan\/16522106406\/in\/album-72157650433409917\/player\/\" width=\"400\" height=\"280\" frameborder=\"0\" allowfullscreen=\"allowfullscreen\"><\/iframe><br \/>\n<em> \u2013 Vi g\u00f6r v\u00e5rt b\u00e4sta f\u00f6r att g\u00f6ra den absolut b\u00e4sta festivalen vi kan. Men n\u00e4r vi sl\u00e4pper artisterna \u00e4r k\u00f6nsbalansen det enda medierna tittar p\u00e5 i Sverige, suckade Stephan Thanscheidt.<\/em><\/p>\n<p>&nbsp;<\/p>\n<p><strong>\u2013 Det var mer \u00e4n 1.000 akter som anm\u00e4lde sig till Where\u2019s The Music?, ber\u00e4ttar Stephan Thanscheidt efter panelsamtalet.<\/strong> Ett tufft jobb, men ocks\u00e5 kul, att s\u00e5lla fram det b\u00e4sta urvalet. F\u00f6r varje g\u00e5ng vi g\u00f6r en festival s\u00e5 ska det vara det absolut b\u00e4sta vi kan presentera.<\/p>\n<p><em>Where\u2019s The Music?<\/em> \u00e4r en ny slags festival f\u00f6r Sverige, en showcase. Lite som en levande m\u00e4ssa d\u00e4r publiken best\u00e5r av musik\u00e4lskare och kvalificerade musik\u00e4lskare. F\u00f6r det \u00e4r musiken som \u00e4r utg\u00e5ngspunkten f\u00f6r de m\u00e5nga agenter som bes\u00f6kt Norrk\u00f6ping under festivaldagarna. De har h\u00e5llit utkik efter nya akter att signa eller erbjuda spelningar. S\u00e5 g\u00f6r \u00e4ven FKP Scorpio som vid sidan av festivalerna ocks\u00e5 har ett artiststall och arrangerar konserter och turn\u00e9er.<\/p>\n<p>\u2013 Vi h\u00e5ller utkik efter talanger nu under festivalen, f\u00f6rklarar Stephan Thanscheidt som ocks\u00e5 vet att \u00e4ven om m\u00e5nga band och artister \u00e4r beredda att satsa och kan g\u00e5 fr\u00e5n sm\u00e5 scener till riktigt stora p\u00e5 ett \u00e5r, \u00e4r det andra som stannar \u201doch harvar\u201d i 15 \u00e5r och kanske \u00e4r n\u00f6jda med det.<\/p>\n<p>\u2013 Det \u00e4r ocks\u00e5 olika f\u00f6r olika genrer.<\/p>\n<p>&nbsp;<\/p>\n<p><iframe loading=\"lazy\" src=\"https:\/\/www.flickr.com\/photos\/kultursidan\/16360432938\/in\/set-72157650433409917\/player\/\" width=\"400\" height=\"280\" frameborder=\"0\" allowfullscreen=\"allowfullscreen\"><\/iframe><br \/>\n<em> \u2013 Bara genom att lyfta fr\u00e5gan sker f\u00f6r\u00e4ndringar, sade Elin Trogen.<\/em><\/p>\n<p>&nbsp;<\/p>\n<p><strong>Den k\u00f6nsj\u00e4mna panelen var (f\u00f6rst\u00e5s) ett undantag i seminarieprogrammet sett till sin helhet.<\/strong> Av 58 anm\u00e4lda talare \u00e4r 16 kvinnor och 40 m\u00e4n (+ Nattskiftet och Red Bull Academy). Gissningsvis h\u00e4mtade enligt \u201djag vet precis vem\u201d-metoden. En metod estl\u00e4ndska Helena Sildna, grundare och ledare av Tallin Music Week, och svenska Elin Trogen, projektledare f\u00f6r Makten \u00f6ver musiken, vill bryta upp och ers\u00e4tta med professionella tills\u00e4ttningar.<\/p>\n<p>\u2013 I Sverige r\u00e4knade vi att det \u00e4r 80 procent m\u00e4n som har de ledande positionerna i organisationerna och som fattar besluten \u00f6ver spelningar, turn\u00e9er, festivaler, sade Elin Trogen.<\/p>\n<p>\u2013 Det \u00e4r fler kvinnor \u00e4n m\u00e4n i FKP Scorpio, \u00e4ven p\u00e5 de ledande posterna, framh\u00f6ll Stephan Thanscheidt. Sj\u00e4lvf\u00f6rtroendet v\u00e4xer n\u00e4r de \u00e5ker v\u00e4rlden runt p\u00e5 konserter, signar artister och tar hem dem till v\u00e5ra festivaler.<\/p>\n<p><strong>Det handlar ocks\u00e5 om vilka som hamnar i rampljuset, blir f\u00f6rebilder.<\/strong> F\u00f6r kvinnliga assistenter som g\u00f6r jobbet medan m\u00e4nnen m\u00f6ts har det alltid funnits. Genom medvetenheten om problemet och att h\u00e5lla fr\u00e5gest\u00e4llningarna levande sker f\u00f6r\u00e4ndringar, b\u00e5de p\u00e5 scenen och bakom den. Elin Trogen och Helen Sildna framh\u00f6ll b\u00e5da hur viktigt det \u00e4r och hur de ser hur det ger resultat.<\/p>\n<p>\u2013 Jag fr\u00e5gar mig sj\u00e4lv hela tiden. Skulle jag sluta vara sj\u00e4lvreflekterande skulle det inte fungera, s\u00e4ger Stephan Thanscheidt.<\/p>\n<p><em>Text och foto: Ann-Charlotte Sandelin<\/em><\/p>\n<p>BILDSPEL (FLASH) \u2013 KLICKA P\u00c5 BILDEN <em><br \/>\nALT\/MOBIL: SE BILDSPELET <a title=\"Bildspel\" href=\"https:\/\/www.flickr.com\/photos\/kultursidan\/sets\/72157650433409917\/show\/\" target=\"_blank\">H\u00c4R<\/a><\/em><br \/>\n<object width=\"400\" height=\"300\"><param name=\"flashvars\" value=\"offsite=true&amp;lang=en-us&amp;page_show_url=%2Fphotos%2Fkultursidan%2Fsets%2F72157650433409917%2Fshow%2F&amp;page_show_back_url=%2Fphotos%2Fkultursidan%2Fsets%2F72157650433409917%2F&amp;set_id=72157650433409917&amp;jump_to=\" \/><param name=\"movie\" value=\"https:\/\/www.flickr.com\/apps\/slideshow\/show.swf?v=1811922554\" \/><param name=\"allowFullScreen\" value=\"true\" \/><\/object><\/p>\n<blockquote>\n<h3><em>LOUIS DE GEER Norrk\u00f6ping<\/em><\/h3>\n<p>14 februari 2015<br \/>\n<em> <strong>Genusansvar, en typisk svensk diskussion?<\/strong><\/em><br \/>\n<em>Seminarium<\/em><br \/>\n<em> Prod: Where\u2019s The Music<\/em><\/p>\n<p style=\"padding-left: 30px;\"><em>MEDVERKANDE<\/em><br \/>\n<em>Moderator: Fruzsina Sz\u00e9p, H\u00f6rstmann Unternehmensgruppe, Tyskland (Ungern)<\/em><br \/>\n<em>Stephan Thanscheidt, FKP Scorpio, Tyskland<\/em><br \/>\n<em> Helen Sildna, Tallin Music Week, Estland<\/em><br \/>\n<em> Elin Trogen, Makten \u00f6ver musiken, Sverige<\/em><br \/>\n<em> Mikko Niemel\u00e4, Ruisrockfestivalen, Finland<\/em><\/p>\n<\/blockquote>\n<p>L\u00c4NKAR<br \/>\nWhere\u2019s The Music? <a title=\"Where's the Music?\" href=\"http:\/\/www.wheresthemusic.se\" target=\"_blank\">hemsida<\/a> <a title=\"FacebookEvenemang\" href=\"https:\/\/www.facebook.com\/events\/843185482401330\/?fref=ts\" target=\"_blank\">Facebook<\/a><br \/>\nRECENSIONER<br \/>\nWTM \u2013 Dynamo ordinerade Blues Pills recension Kultursidan.nu 15\/2 2015<br \/>\nWTM \u2013 F\u00f6rtrollande Aurora p\u00e5 Dynamo <a title=\"WTM \u2013 F\u00f6rtrollande Aurora p\u00e5 Dynamo \" href=\"https:\/\/www.kultursidan.nu\/?p=18869\" target=\"_blank\">recension<\/a> Kultursidan.nu 14\/2 2015<br \/>\nWTM \u2013 Kryddat med The Durango Riot <a title=\"WTM \u2013 Kryddat med The Durango Riot \" href=\"https:\/\/www.kultursidan.nu\/?p=18861\" target=\"_blank\">recension<\/a> Kultursidan.nu 13\/2 2015<br \/>\nWTM \u2013 Musiken r\u00f6r p\u00e5 Elin Bell <a title=\"WTM \u2013 Musiken r\u00f6r p\u00e5 Elin Bell\" href=\"https:\/\/www.kultursidan.nu\/?p=18851\" target=\"_blank\">recension<\/a> Kultursidan.nu 13\/2 2015<br \/>\nKONFERENSEN<br \/>\nWTM \u2013 R\u00e4tt evenemang st\u00e4rker staden <a title=\"WTM \u2013 R\u00e4tt evenemang st\u00e4rker staden\" href=\"https:\/\/www.kultursidan.nu\/?p=18872\" target=\"_blank\">reportage<\/a> Kultursidan.nu 14\/2 2015<br \/>\nF\u00d6RHANDSARTIKLAR<br \/>\nH\u00e4r\u2019\u00e4 den nya musikkonferensen! <a title=\"H\u00e4r\u2019\u00e4 den nya musikkonferensen!\" href=\"https:\/\/www.kultursidan.nu\/?p=18838\" target=\"_blank\">reportage<\/a> Kultursidan.nu 12\/2 2015<br \/>\nH\u00e4r \u00e4r musiken under vinterns festival! <a title=\"H\u00e4r \u00e4r musiken under vinterns festival!\" href=\"https:\/\/www.kultursidan.nu\/?p=18807\" target=\"_blank\">reportage<\/a> Kultursidan.nu 11\/2 2015<\/p>\n","protected":false},"excerpt":{"rendered":"<p>NORRK\u00d6PING Nej, genusfr\u00e5gan \u00e4r inte bara n\u00e5got f\u00f6r den svenska debatthorisonten. Den lever \u00e4ven utanf\u00f6r gr\u00e4nsen, men det skiljer sig mellan olika l\u00e4nder\/marknader. Where\u2019s The Music? \u2013 med 60 procent kvinnliga artister \u2013 pekar mot en ny framtid. <a class=\"continue-reading-link\" href=\"https:\/\/www.kultursidan.nu\/?p=18898\">L\u00e4s mer <span class=\"meta-nav\">&rarr; <\/span><\/a><\/p>\n","protected":false},"author":1001006,"featured_media":0,"comment_status":"closed","ping_status":"open","sticky":false,"template":"","format":"standard","meta":{"_jetpack_memberships_contains_paid_content":false,"footnotes":""},"categories":[7],"tags":[15,29,13],"class_list":["post-18898","post","type-post","status-publish","format-standard","hentry","category-norrkoping","tag-debatt","tag-festival","tag-musik"],"jetpack_featured_media_url":"","jetpack_sharing_enabled":true,"_links":{"self":[{"href":"https:\/\/www.kultursidan.nu\/index.php?rest_route=\/wp\/v2\/posts\/18898","targetHints":{"allow":["GET"]}}],"collection":[{"href":"https:\/\/www.kultursidan.nu\/index.php?rest_route=\/wp\/v2\/posts"}],"about":[{"href":"https:\/\/www.kultursidan.nu\/index.php?rest_route=\/wp\/v2\/types\/post"}],"author":[{"embeddable":true,"href":"https:\/\/www.kultursidan.nu\/index.php?rest_route=\/wp\/v2\/users\/1001006"}],"replies":[{"embeddable":true,"href":"https:\/\/www.kultursidan.nu\/index.php?rest_route=%2Fwp%2Fv2%2Fcomments&post=18898"}],"version-history":[{"count":0,"href":"https:\/\/www.kultursidan.nu\/index.php?rest_route=\/wp\/v2\/posts\/18898\/revisions"}],"wp:attachment":[{"href":"https:\/\/www.kultursidan.nu\/index.php?rest_route=%2Fwp%2Fv2%2Fmedia&parent=18898"}],"wp:term":[{"taxonomy":"category","embeddable":true,"href":"https:\/\/www.kultursidan.nu\/index.php?rest_route=%2Fwp%2Fv2%2Fcategories&post=18898"},{"taxonomy":"post_tag","embeddable":true,"href":"https:\/\/www.kultursidan.nu\/index.php?rest_route=%2Fwp%2Fv2%2Ftags&post=18898"}],"curies":[{"name":"wp","href":"https:\/\/api.w.org\/{rel}","templated":true}]}}