{"id":18945,"date":"2015-02-21T10:41:32","date_gmt":"2015-02-21T09:41:32","guid":{"rendered":"https:\/\/intelligent-friend-7861.standoutwp.com\/?p=18945"},"modified":"2015-02-28T11:51:01","modified_gmt":"2015-02-28T10:51:01","slug":"erotisk-odysse-varning-till-ungdomen","status":"publish","type":"post","link":"https:\/\/www.kultursidan.nu\/?p=18945","title":{"rendered":"Erotisk odyss\u00e9 &#038; Varning till ungdomen"},"content":{"rendered":"<p><a href=\"https:\/\/www.kultursidan.nu\/wp-content\/uploads\/2015\/02\/XAXxZE-d10540OZPM-NNwQsPRExy2n4X-SvOMdGd9pE3V5Szhjni_JgKYcLaY-P8mFd4DOuVVFiJ3BW8vJtbL4.jpeg\"><img loading=\"lazy\" decoding=\"async\" class=\"alignnone size-medium wp-image-18946\" src=\"https:\/\/www.kultursidan.nu\/wp-content\/uploads\/2015\/02\/XAXxZE-d10540OZPM-NNwQsPRExy2n4X-SvOMdGd9pE3V5Szhjni_JgKYcLaY-P8mFd4DOuVVFiJ3BW8vJtbL4-567x375.jpeg\" alt=\"Katrine Helmersson \" width=\"567\" height=\"375\" srcset=\"https:\/\/www.kultursidan.nu\/wp-content\/uploads\/2015\/02\/XAXxZE-d10540OZPM-NNwQsPRExy2n4X-SvOMdGd9pE3V5Szhjni_JgKYcLaY-P8mFd4DOuVVFiJ3BW8vJtbL4-567x375.jpeg 567w, https:\/\/www.kultursidan.nu\/wp-content\/uploads\/2015\/02\/XAXxZE-d10540OZPM-NNwQsPRExy2n4X-SvOMdGd9pE3V5Szhjni_JgKYcLaY-P8mFd4DOuVVFiJ3BW8vJtbL4.jpeg 1024w, https:\/\/www.kultursidan.nu\/wp-content\/uploads\/2015\/02\/XAXxZE-d10540OZPM-NNwQsPRExy2n4X-SvOMdGd9pE3V5Szhjni_JgKYcLaY-P8mFd4DOuVVFiJ3BW8vJtbL4-503x333.jpeg 503w, https:\/\/www.kultursidan.nu\/wp-content\/uploads\/2015\/02\/XAXxZE-d10540OZPM-NNwQsPRExy2n4X-SvOMdGd9pE3V5Szhjni_JgKYcLaY-P8mFd4DOuVVFiJ3BW8vJtbL4-150x99.jpeg 150w\" sizes=\"auto, (max-width: 567px) 100vw, 567px\" \/><\/a><em><br \/>\nDen r\u00f6da blomman lyser intensivt. Merparten av Katrine Helmerssons verk g\u00e5r i svart, vitt eller silver.<\/em><\/p>\n<p>&nbsp;<\/p>\n<h1><span style=\"color: #ff0000;\">Svensk skulpt\u00f6r m\u00f6ter v\u00e4rldsartist fr\u00e5n Mali<\/span><\/h1>\n<p>&nbsp;<\/p>\n<p><strong>Vitt. Svart. Silver. Ett st\u00e4nkt av r\u00f6tt.<\/strong> Skulpt\u00f6ren Katrine Helmerssons konst \u00e4r som att f\u00e5 ett mentalt reningsbad. Hon st\u00e4ller ut p\u00e5 Norrk\u00f6pings Konstmuseum tillsammans med textilkonstn\u00e4ren Abdoulaye Konat\u00e9, en internationell v\u00e4rldsartist fr\u00e5n Mali.<\/p>\n<p>Katrine Helmerssons retrospektiva utst\u00e4llning kommer raka v\u00e4gen fr\u00e5n Kulturhuset i Stockholm. Redan f\u00f6r fem \u00e5r sedan fick hon id\u00e9n till att st\u00e4lla ut tillsammans med Abdoulaye Konat\u00e9, rektor f\u00f6r Konsth\u00f6gskolan i Mali d\u00e4r hon ocks\u00e5 verkat. Nu \u00e4r de h\u00e4r.<\/p>\n<h2>Katrine Helmersson<\/h2>\n<p><strong>\u00c4r jag sn\u00f6blind? Vart tog f\u00e4rgerna v\u00e4gen? <\/strong>Att komma in p\u00e5 Konstmuseet \u00e4r som att f\u00e5 ett mentalt reningsbad. Jag \u00e4lskar f\u00e4rger, men ibland beh\u00f6ver \u00f6gats tappar vila. S\u00e4rskilt efter jul och ny\u00e5r \u00e4r det sk\u00f6nt att f\u00e5 kliva av Drottninggatans f\u00e4rgexplosioner och finna lugn. Och tystnad. Det \u00e4r en v\u00e4ldigt tyst konst Katrine Helmersson g\u00f6r. Man f\u00e5r lyssna in\u00e5t.<\/p>\n<p>&nbsp;<\/p>\n<p><iframe loading=\"lazy\" src=\"https:\/\/www.flickr.com\/photos\/kultursidan\/16413293399\/in\/set-72157648624012883\/player\/\" width=\"205\" height=\"500\" frameborder=\"0\" allowfullscreen=\"allowfullscreen\"><\/iframe><br \/>\n<em>Pelare av skit\/Buddha samt Utan titel.<\/em><\/p>\n<p>&nbsp;<\/p>\n<p><strong>Jag \u00e4r inte religi\u00f6s, men det \u00e4r n\u00e4stan s\u00e5 man blir det.<\/strong> Fr\u00e5gan \u00e4r bara vilken religion man ska v\u00e4lja. Vi f\u00e5r kristna och muslimska symboler och inslag av animalism och shintoism. Och lurar det inte lite zenbuddhism i h\u00f6rnet? I form av en pelare av f\u00f6rsilvrat skit.<\/p>\n<p>Den \u00e4r utl\u00e5nad fr\u00e5n Moderna Museet, och d\u00e4rmed ett godk\u00e4nt m\u00e4sterverk. Jag \u00e4lskar dubbeltydigheten i b\u00e5de titel (<em>Pelare av skit\/Buddha<\/em>) och material. V\u00e4rt en enhandsappl\u00e5d eller tv\u00e5.<\/p>\n<p><strong>Silver \u00e5terkommer i n\u00e5gra andra av Helmerssons verk. Det var n\u00e4r konstmuseets Helena Scragg hittade <em>Eros I-VI<\/em> fr\u00e5n 1992 i konstmuseets magasin f\u00f6r n\u00e5got \u00e5r sedan som tanken p\u00e5 en utst\u00e4llning f\u00f6ddes.<\/strong> De bjuder p\u00e5 b\u00e5de manlig och kvinnlig erotik p\u00e5 en g\u00e5ng och \u00e4r nyf\u00f6rsilvrade och blanka. Konstmuseet \u00e4ger \u00e4ven verket <em>Utan titel, <\/em>1993 i fyra delar. Eller <em>Kondombr\u00f6st<\/em>, som Katrine Helmersson kallar dem. Ja, det \u00e4r avgjutna vattenfyllda kondomer. F\u00f6rsilvrade.<\/p>\n<p>Annars handlar det n\u00e4stan uteslutande om svart och vitt. Med lite inslag av r\u00f6tt.<\/p>\n<p>Men jag har allts\u00e5 inte blivit alldeles sn\u00f6blind n\u00e4r jag tycker att Helmersson unders\u00f6ker symboler f\u00f6r manlighet och kvinnlighet. Olika br\u00f6stsymboler och snoppar, om vi ska tala klarspr\u00e5k. En erotisk odyss\u00e9.<\/p>\n<p>&nbsp;<\/p>\n<p><iframe loading=\"lazy\" src=\"https:\/\/www.flickr.com\/photos\/kultursidan\/16573148006\/in\/album-72157648624012883\/player\/\" width=\"400\" height=\"280\" frameborder=\"0\" allowfullscreen=\"allowfullscreen\"><\/iframe><br \/>\n<em>Ariadne\/Mount Rouge<\/em><\/p>\n<p>&nbsp;<\/p>\n<p><strong>Minoiska sk\u00f6ldar (tolkar jag det som, men Helmersson s\u00e4ger att det kan vara vilka sk\u00f6ldar som helst) delar samma rum som den centrala skulpturen <em>Ariadne\/Mount Rouge<\/em> (2007). <\/strong>De \u00e4r ocks\u00e5 br\u00f6stsymboler (men ocks\u00e5 symbol f\u00f6r kvinnors behov av att skydda sig, s\u00e4ger hon). <em>Fader <\/em>\u00e4r en stor akantusfallos\/sv\u00e4rd i samma rum. Jag f\u00e5r Medelhavsk\u00e4nsla.<\/p>\n<p><em>Ariadne\/Mount Rouge <\/em>gjordes efter Katrine Helmerssons f\u00f6rsta Maliresa 2006. Dels anspelar den (givetvis) p\u00e5 ariadnetr\u00e5den men ocks\u00e5 p\u00e5 heliga berg, lerhyddorna, arkeologi och mytologi. Och p\u00e5 kvinnobr\u00f6st och kropps\u00f6ppningar, vill jag till\u00e4gga (men nu kanske jag g\u00e5r vilse i labyrinten p\u00e5 grund av det erotiska temat). Fr\u00e5n b\u00f6rjan \u00e4r den ringlad i lera och sedan gjuten i brons.<\/p>\n<p><em>Disque Crepusculaire<\/em> (2008 j\u00e4rn, tr\u00e4) intill har ocks\u00e5 ett labyrinttema och \u00e4r en hyllning till Jean-Louis Bourgeois, som f\u00f6rst bj\u00f6d in Katrine till Mali. Toppen \u00e4r inspirerad av traditionell Malisk smideskonst, inspirerad av l\u00f6v, som bland annat anv\u00e4nds till att tillverka precis s\u00e5dana \u00f6rh\u00e4ngen som Katrine har.<\/p>\n<p><strong>10 upph\u00e4ngda fallosar i avgjuten gips med namn <em>La Leuve\/\u00c4nkan<\/em> (1992) ger mig b\u00e5de komplex och kastrations\u00e5ngest p\u00e5 en g\u00e5ng, men mest blir jag road. <\/strong>\u00c4nnu roligare blir det n\u00e4r Katrine ber\u00e4ttar att alla har bitm\u00e4rken hon har gjort i leran. Det var visst en sm\u00e4rre skandal n\u00e4r de visades f\u00f6rsta g\u00e5ngen. Jag kan inte l\u00e5ta bli att t\u00e4nka p\u00e5 slutet av Nagisa Oshimas film <em>Sinnenas Rike <\/em>fr\u00e5n 1976, men inspirationen kommer fr\u00e5n (sm\u00e5) etruskiska halsamuletter hon har sett p\u00e5 Medelhavsmuseet. Och fr\u00e5n ett f\u00f6rh\u00e5llande hon hade (som jag antar tog slut).<\/p>\n<p>&nbsp;<\/p>\n<p><iframe loading=\"lazy\" src=\"https:\/\/www.flickr.com\/photos\/kultursidan\/16597945991\/in\/set-72157648624012883\/player\/\" width=\"400\" height=\"280\" frameborder=\"0\" allowfullscreen=\"allowfullscreen\"><\/iframe><br \/>\n<em>Blomformen \u00e5terkommer i utst\u00e4llningen.<\/em><\/p>\n<p>&nbsp;<\/p>\n<p><strong>Blomformen \u00e5terkommer om och om igen. Fr\u00e5n papper, till vax till brons och i film. <\/strong>Den \u00e4ldsta \u00e4r i nepalesisk v\u00e4xtfiberpapp, <em>Dark Currents<\/em> 2005. En st\u00f6rre <em>Wallflowers<\/em>, 2005\/2015 i textil. Men den allra st\u00f6rsta <em>Wallflowers<\/em>, 2005 i brons h\u00e4nger sedan 10 \u00e5r p\u00e5 H\u00e4lsouniversitetet i Link\u00f6ping; fast den \u00e4r nu inl\u00e5nad och pryder v\u00e4nstra kortv\u00e4ggen i stora utst\u00e4llningssalen. Och \u00e4ven om Gertrude Stein sa att \u201dA rose is a rose is a rose\u201d, s\u00e5 \u00e4r det ju inte riktigt sant; det finns mer \u00e4n vi ser vid f\u00f6rsta \u00f6gonkastet. Det \u00e4r en kvinnlig blomma.<\/p>\n<p>Regeringskansliet har just k\u00f6pt in Helmerssons nyckelverk <em>Amour, le rouge et le noir<\/em>, men det fick inte museet l\u00e5na. Vi f\u00e5r \u00e4nd\u00e5 en k\u00e4nsla av det i den textila skulpturen med samma namn. Den \u00e4r ocks\u00e5 gjord i Mali-tyg. Feminismen g\u00f6r nog \u00e4nd\u00e5 mer nytta d\u00e4r \u00e4n vid det kvinnligt styrda Konstmuseet. Titeln \u00e4r h\u00e4mtad fr\u00e5n Stendahls roman Le Rouge et le Noir (1830).<\/p>\n<p><strong>Fr\u00e5n G\u00f6teborgs konstmuseum har inl\u00e5nats <em>Dr\u00f6mmens navel<\/em>, 1994. Den kan ses som en hyllning till den surrealistiska konstn\u00e4ren Meret Oppenheims p\u00e4lskopp fr\u00e5n 1936.<\/strong> Det \u00e4r som en j\u00e4ttelik h\u00e5lmunk (eller n\u00e5t) i p\u00e4ls. Vilken p\u00e4ls?, fr\u00e5gar jag. Sjubb, en stor r\u00e5tta, s\u00e4ger Helmersson. Tv\u00e4ttbj\u00f6rn, s\u00e4ger jag (efter att ha kollat). Den \u00e4r v\u00e4ldigt vacker och inbjudande. Tyv\u00e4rr hann de s\u00e4tta plexiglas \u00f6ver den mellan torsdagen och fredagen.<\/p>\n<p>&nbsp;<\/p>\n<p><iframe loading=\"lazy\" src=\"https:\/\/www.flickr.com\/photos\/kultursidan\/15976963894\/in\/set-72157648624012883\/player\/\" width=\"400\" height=\"260\" frameborder=\"0\" allowfullscreen=\"allowfullscreen\"><\/iframe><br \/>\n<em>La Soci\u00e9t\u00e9 Phallocentrique.<\/em><\/p>\n<p>&nbsp;<\/p>\n<p><strong>Men om jag skulle sluta med att b\u00f6rja fr\u00e5n b\u00f6rjan: i det f\u00f6rsta rummet m\u00f6ts vi av, vad som verkar vara, en arm\u00e9 av hattifnattar, men det \u00e4r <em>La Soci\u00e9t\u00e9 Phallocentrique<\/em> (1992). <\/strong>En uppst\u00e5ndelse, skulle man kunna s\u00e4ga. P\u00e5 en fondtapet visas hur de 400 ursprungligen stod (nu f\u00e5r jag ge mig) i bokskogen i Wan\u00e5s skulpturpark i Sk\u00e5ne. Jag associerar till stinksvamp (Phallus impudicus) och Katrine antecknar intresserat. Men det bygger p\u00e5 indiska Lingamskulpturer som hon sett p\u00e5 fruktbarhetsofferplatser d\u00e4r.<\/p>\n<p>D\u00e4r ligger ocks\u00e5 hennes f\u00f6rsta skulpturer i en utst\u00e4llningsmonter. M\u00e5nga sm\u00e5 bronsfigurer som har skapats n\u00e4r hon har kn\u00e5dat bivax, som sedan gjutits av. Ber\u00f6ringen, det taktila, \u00e4r en grundl\u00e4ggande del i hela hennes skapande. Andra, senare, verk (som <em>Oracle<\/em>) visar ocks\u00e5 p\u00e5 avtryck av ber\u00f6ring. De h\u00e4r gjorde hon n\u00e4r hon var ensam med en 3-\u00e5rig dotter i Indien, f\u00f6r att finna lugn. N\u00e5gra har blivit (som hon s\u00e4ger) \u201dl\u00e4tt vaginala\u201d.<\/p>\n<p>\u2013 Jag har ansetts jobba sensuellt, men det har inte alltid varit min avsikt.<\/p>\n<p>Utst\u00e4llningen, hennes f\u00f6rsta retrospektiva, visades 15 november till 1 februari p\u00e5 Kulturhuset i Stockholm.<\/p>\n<p>&nbsp;<\/p>\n<p><iframe loading=\"lazy\" src=\"https:\/\/www.flickr.com\/photos\/kultursidan\/16411921758\/in\/set-72157648624012883\/player\/\" width=\"400\" height=\"260\" frameborder=\"0\" allowfullscreen=\"allowfullscreen\"><\/iframe><br \/>\n<em>I Galleri 5 m\u00f6ter skulpt\u00f6ren Katrine Helmersson textilkonstn\u00e4ren Abdoulaye Konat\u00e9. N\u00e4rmast Pochoir, till v\u00e4nster Power and Religion.<\/em><\/p>\n<p>&nbsp;<\/p>\n<p><strong>I galleri 5 m\u00f6ts skulpt\u00f6ren Katrine Helmersson och textilkonstn\u00e4ren Abdoulaye Konat\u00e9, som hon har verkat hos p\u00e5 konsth\u00f6gskolan i Bamako, Mali, d\u00e4r han \u00e4r rektor.<\/strong> Han \u00e4r ocks\u00e5 en internationellt betydelsefull konstn\u00e4r med stor stab av syende. Id\u00e9n till en gemensam utst\u00e4llning fick Helmersson f\u00f6r fem \u00e5r sedan.<\/p>\n<p>Det f\u00f6rsta man ser \u00e4r Helmerssons <em>Pochoir<\/em> (2014) som svart\/r\u00f6tt avtecknar sig mot Konat\u00e9s monumentala svart\/bl\u00e5 <em>Power and Religion<\/em> (2011). Ett snyggt samspel.<\/p>\n<p><em>Pochoir<\/em> \u00e4r gjord av kanalsytt tyg fr\u00e5n Konat\u00e9s verkstad i Mali. Helmerson var os\u00e4ker om han ville att hon skulle anv\u00e4nda hans tyg, men det gav han till\u00e5telse till. Sen \u00e4r det, av praktiska sk\u00e4l, fyllt med stoppning f\u00f6rst vid hemkomsten. Egentligen \u00e4r det en tre g\u00e5nger s\u00e5 stor variant av <em>Ariadne\/Mount Rouge<\/em>, fast i ett annat material och d\u00e4rmed med ett annat uttryck.<\/p>\n<p>Katrine har ocks\u00e5 (nytt f\u00f6r Norrk\u00f6ping och byggt p\u00e5 plats) skapat <em>Amuletter mot onda \u00f6gat<\/em>, som best\u00e5r av en trekvartscylinder med 300 gipsreliefer av \u00f6gon. Vissa har spikar i sig, n\u00e5gra \u00e4r av vax, n\u00e5gra har speglar och en har en t\u00e5ng. (Bunuel, n\u00e5gon? Andalusiska hunden?) Det \u00e4r en tanke om en helgedom.<\/p>\n<p>&nbsp;<\/p>\n<p>&nbsp;<\/p>\n<p><iframe loading=\"lazy\" src=\"https:\/\/www.flickr.com\/photos\/kultursidan\/16412041820\/in\/set-72157650953567445\/player\/\" width=\"400\" height=\"280\" frameborder=\"0\" allowfullscreen=\"allowfullscreen\"><\/iframe><br \/>\n<em>Danse Au Conservatoire No 9<\/em><\/p>\n<p>&nbsp;<\/p>\n<h2>Abdoulaye Konat\u00e9<\/h2>\n<p><strong>H\u00e4r finns pl\u00f6tsligt lite f\u00e4rger. <\/strong>Tv\u00e5 av Konat\u00e9s textila verk \u00e4r applikationer av f\u00e4rgglada tyger, s\u00e5 som jag lite f\u00f6rdomsfullt vill se afrikansk konst. Det \u00e4r klart jag har fel, men de \u00e4r f\u00e4rgglada.<\/p>\n<p><em>Danse Au Conservatoire No 9<\/em> och <em>Danse Au Conservatoire No 11<\/em> avbildar dansande p\u00e5 skolan d\u00e4r Abdoulaye Konat\u00e9 \u00e4r rektor (dans \u00e4r ocks\u00e5 en kurs). Den f\u00f6rsta visar en traditionell dans, och den andra avbildar en modern. Konat\u00e9 g\u00f6r skisserna i sin dator, och d\u00e4refter sys tygerna samman. Serien har nyss varit utst\u00e4lld i London.<\/p>\n<p>Konat\u00e9 visar p\u00e5 strukturen i tyget, hur tyget har maskerats med tusentals och f\u00e4rgats, maskerats och f\u00e4rgats igen. \u201dLite som batik?\u201d, f\u00f6resl\u00e5r jag. Nej, verkligen inte! Batik \u00e4r en snabb teknik, den h\u00e4r \u00e4r l\u00e5ngsam och noggrann. Det tar 1-2 m\u00e5nader att framst\u00e4lla ett tyg. Oj.<\/p>\n<p>&nbsp;<\/p>\n<p><iframe loading=\"lazy\" src=\"https:\/\/www.flickr.com\/photos\/kultursidan\/15976906284\/in\/set-72157650953567445\/player\/\" width=\"400\" height=\"280\" frameborder=\"0\" allowfullscreen=\"allowfullscreen\"><\/iframe><br \/>\n<em>Gris Gris Blanc (Avec Personnage). Konstmuseets intendent Helena Scragg visar.<\/em><\/p>\n<p>&nbsp;<\/p>\n<p><strong>Abdoulaye Konat\u00e9 \u00e4r en v\u00e4rldsartist som just kommer fr\u00e5n sin utst\u00e4llning Berlin och mellanlandar h\u00e4r innan n\u00e4sta utst\u00e4llning i Hamburg.<\/strong> Norrk\u00f6pings konstmuseum har som profil att visa svensk konst, men h\u00e4r \u00e4r kopplingen naturlig och blir en f\u00f6rl\u00e4ngning av Katrine Helmerssons utst\u00e4llning.<\/p>\n<p><em>Gris Gris Blanc (Avec Personnage)<\/em> st\u00e4ller till problem i \u00f6vers\u00e4ttningen med den fransktalande tolken. Nej, jag ser ju att det inte \u00e4r gr\u00e5tt. Hela textilen \u00e4r vit. D\u00e4remot k\u00e4nner jag till Dr Johns l\u00e5t <em>Gris-Gris Gumbo Ya Ya, <\/em>som jag tror har med haitisk voodoo att g\u00f6ra. N\u00e5got liknande? Precis \u2013 gris gris betyder talisman. En etnisk grupp (han ber\u00e4ttar inte vilken) syr in amuletter i kl\u00e4dedr\u00e4kten. H\u00e4r \u00e4r det formen han anv\u00e4nder sig av, inget \u00e4r insytt och tyget \u00e4r vikt, men sj\u00e4lva tanken att saker kan skydda en m\u00e4nniska anv\u00e4nds konstn\u00e4rligt i samband med historien.<\/p>\n<p>Tyget \u00e4r en uppfl\u00e4kning av dr\u00e4kten som monterats p\u00e5 v\u00e4ggen. Sj\u00e4lva personnagen \u00e4r en stiliserad docka bredvid kl\u00e4dd i samma dress. Vitt!<\/p>\n<p>&nbsp;<\/p>\n<p><iframe loading=\"lazy\" src=\"https:\/\/www.flickr.com\/photos\/kultursidan\/15979294563\/in\/set-72157650953567445\/player\/\" width=\"400\" height=\"280\" frameborder=\"0\" allowfullscreen=\"allowfullscreen\"><\/iframe><br \/>\n<em>Power and Religion<\/em><em> \u00e4r Abdoulaye Konate\u0301s centrala verk i utst\u00e4llningen.<\/em><\/p>\n<p>&nbsp;<\/p>\n<p><strong>Det centrala verket \u00e4r den j\u00e4ttelika <em>Power and Religion<\/em>, som upptar hela blickf\u00e5nget p\u00e5 bortre l\u00e5ngv\u00e4ggen. <\/strong>M\u00e4ngder med sydda tygremsor h\u00e4nger \u00f6verlappandes lodr\u00e4tt och bygger upp bilden. F\u00e4rgtonen \u00e4r mest gr\u00e5 till svart, men drar \u00e5t bl\u00e5tt p\u00e5 mitten. I mitten en krona. Till v\u00e4nster ett kristet kors. Till h\u00f6ger den muslimska halvm\u00e5nen och stj\u00e4rnan. Tv\u00e5 lodr\u00e4ta vita streck.<\/p>\n<p>Det verkar ganska enkelt. Kronan (staten) skall vara \u00e5tskild fr\u00e5n religionerna. Och det \u00e4r precis vad det betyder, ber\u00e4ttar Konat\u00e9. Han anser att det \u00e4r av yppersta vikt att religioner inte f\u00e5r inflytande \u00f6ver staten. Han \u00e4r inte emot religioner, betonar han, men det \u00e4r viktigt att de inte f\u00e5r politiskt inflytande. Och det g\u00e4ller inte bara Mali eller Afrika. Det g\u00e4ller hela v\u00e4rlden. Europa ocks\u00e5.<\/p>\n<p>Det \u00e4r en m\u00f6rk spegelbild av <em>Gris Gris Blanc. <\/em>Samma kontur g\u00e5r ned p\u00e5 mitten. Jag kan inte l\u00e5ta bli att p\u00e5peka det, och Abdoulaye Konat\u00e9 nickar jakande.<\/p>\n<p><strong>\u00c5terigen visar han p\u00e5 hantverket \u2013 de vita fl\u00e4ckarna syddes f\u00f6rst med maskin, sedan det svarta runt, och sedan 8 g\u00e5nger fram och tillbaka p\u00e5 varje remsa.<\/strong> I sitt konstn\u00e4rskap anv\u00e4nder han sig av tre tekniker: applikationer, beh\u00e5llare och remsor.<\/p>\n<p>De vita fl\u00e4ckarna (20 000 till antalet, ber\u00e4ttar han) symboliserar p\u00e4rlh\u00f6nan. Det finns m\u00e5nga ordspr\u00e5k kring p\u00e4rlh\u00f6nan i Mali, s\u00e4ger han. Bland annat s\u00e4gs det att den b\u00e4r sin utsmyckning p\u00e5 utsidan \u2013 medan det omv\u00e4nda g\u00e4ller f\u00f6r m\u00e4nniskan. Vi b\u00e4r v\u00e5r kultur och identitet p\u00e5 insidan. D\u00e4rf\u00f6r ska vi inte lita p\u00e5 n\u00e5gon som vi inte l\u00e4rt k\u00e4nna f\u00f6rst.<\/p>\n<p>Konstverket \u00e4r en varning till ungdomen att vara p\u00e5 sin vakt mot f\u00f6rh\u00e5llandet mellan religion och makt. Jag tycker ni ska lyssna, ungdomar.<\/p>\n<p><em>Text: Michael Strandhed<br \/>\nFoto: Nils-G\u00f6ran Tillgren<\/em><\/p>\n<p>KATRINE HELMERSSON \u2013 BILDSPEL (FLASH) \u2013 KLICKA P\u00c5 BILDEN <em><br \/>\nALT\/MOBIL: SE BILDSPELET <a title=\"Bildspel\" href=\"https:\/\/www.flickr.com\/photos\/kultursidan\/sets\/72157648624012883\/show\/\" target=\"_blank\">H\u00c4R<\/a><\/em><br \/>\n<object width=\"400\" height=\"300\"><param name=\"flashvars\" value=\"offsite=true&amp;lang=en-us&amp;page_show_url=%2Fphotos%2Fkultursidan%2Fsets%2F72157648624012883%2Fshow%2F&amp;page_show_back_url=%2Fphotos%2Fkultursidan%2Fsets%2F72157648624012883%2F&amp;set_id=72157648624012883&amp;jump_to=\" \/><param name=\"movie\" value=\"https:\/\/www.flickr.com\/apps\/slideshow\/show.swf?v=1811922554\" \/><param name=\"allowFullScreen\" value=\"true\" \/><\/object><\/p>\n<p>ABDOLAYE KONAT\u00c9 \u2013 BILDSPEL (FLASH) \u2013 KLICKA P\u00c5 BILDEN <em><br \/>\nALT\/MOBIL: SE BILDSPELET <a title=\"Bildspel\" href=\"https:\/\/www.flickr.com\/photos\/kultursidan\/sets\/72157650953567445\/show\/\" target=\"_blank\">H\u00c4R<\/a><\/em><br \/>\n<object width=\"400\" height=\"300\"><param name=\"flashvars\" value=\"offsite=true&amp;lang=en-us&amp;page_show_url=%2Fphotos%2Fkultursidan%2Fsets%2F72157650953567445%2Fshow%2F&amp;page_show_back_url=%2Fphotos%2Fkultursidan%2Fsets%2F72157650953567445%2F&amp;set_id=72157650953567445&amp;jump_to=\" \/><param name=\"movie\" value=\"https:\/\/www.flickr.com\/apps\/slideshow\/show.swf?v=1811922554\" \/><param name=\"allowFullScreen\" value=\"true\" \/><\/object><\/p>\n<p>VERNISSAGE \u2013 BILDSPEL (FLASH) \u2013 KLICKA P\u00c5 BILDEN <em><br \/>\nALT\/MOBIL: SE BILDSPELET <a title=\"Bildspel\" href=\"https:\/\/www.flickr.com\/photos\/kultursidan\/sets\/72157648748525824\/show\/\" target=\"_blank\">H\u00c4R<\/a><\/em><br \/>\n<object width=\"400\" height=\"300\"><param name=\"flashvars\" value=\"offsite=true&amp;lang=en-us&amp;page_show_url=%2Fphotos%2Fkultursidan%2Fsets%2F72157648748525824%2Fshow%2F&amp;page_show_back_url=%2Fphotos%2Fkultursidan%2Fsets%2F72157648748525824%2F&amp;set_id=72157648748525824&amp;jump_to=\" \/><param name=\"movie\" value=\"https:\/\/www.flickr.com\/apps\/slideshow\/show.swf?v=1811922554\" \/><param name=\"allowFullScreen\" value=\"true\" \/><\/object><\/p>\n<blockquote>\n<h3><em>KONSTMUSEET Norrk\u00f6ping<\/em><\/h3>\n<p><em>21 februari \u2013 17 maj 2015<br \/>\nVernissage 21\/2 kl 14<br \/>\n<strong>Katrine Helmersson<br \/>\nAbdoulaye Konat\u00e9<\/strong><\/em><\/p><\/blockquote>\n<p>L\u00c4NKAR<br \/>\nKatrine Helmersson <a title=\"Katrine Helmersson\" href=\"http:\/\/www.katrinehelmersson.com%20\" target=\"_blank\">hemsida <\/a><br \/>\nAbdoulaye Konat\u00e9 <a title=\"Info\" href=\"http:\/\/www.blainsouthern.com\/artists\/abdoulaye-konate\" target=\"_blank\">info <\/a><br \/>\nLe Conservatoire des Arts et M\u00e9tiers Multim\u00e9dia Balla Fass\u00e9k\u00e9 Kouyat\u00e9 <a title=\"Conservatoire des Arts, Mali\" href=\"http:\/\/www.conservatoire-arts-mali.org\" target=\"_blank\">hemsida <\/a><br \/>\nNorrk\u00f6pings Konstmuseum <a title=\"Norrk\u00f6pings Konstmuseum\" href=\"http:\/\/www.norrkoping.se\/kultur-fritid\/museer\/konstmuseum\/\" target=\"_blank\">hemsida<\/a> <a title=\"Facebook\" href=\"https:\/\/www.facebook.com\/norrkopingskonstmuseum?fref=ts\" target=\"_blank\">Facebook<\/a><\/p>\n","protected":false},"excerpt":{"rendered":"<p>NORRK\u00d6PING Vitt. Svart. Silver. Ett st\u00e4nkt av r\u00f6tt. Skulpt\u00f6ren Katrine Helmerssons konst \u00e4r som att f\u00e5 ett mentalt reningsbad. Hon st\u00e4ller ut p\u00e5 Norrk\u00f6pings Konstmuseum tillsammans med textilkonstn\u00e4ren Abdoulaye Konat\u00e9 fr\u00e5n Mali. <a class=\"continue-reading-link\" href=\"https:\/\/www.kultursidan.nu\/?p=18945\">L\u00e4s mer <span class=\"meta-nav\">&rarr; <\/span><\/a><\/p>\n","protected":false},"author":1001006,"featured_media":0,"comment_status":"closed","ping_status":"open","sticky":false,"template":"","format":"standard","meta":{"_jetpack_memberships_contains_paid_content":false,"footnotes":""},"categories":[7],"tags":[14],"class_list":["post-18945","post","type-post","status-publish","format-standard","hentry","category-norrkoping","tag-konst"],"jetpack_featured_media_url":"","jetpack_sharing_enabled":true,"_links":{"self":[{"href":"https:\/\/www.kultursidan.nu\/index.php?rest_route=\/wp\/v2\/posts\/18945","targetHints":{"allow":["GET"]}}],"collection":[{"href":"https:\/\/www.kultursidan.nu\/index.php?rest_route=\/wp\/v2\/posts"}],"about":[{"href":"https:\/\/www.kultursidan.nu\/index.php?rest_route=\/wp\/v2\/types\/post"}],"author":[{"embeddable":true,"href":"https:\/\/www.kultursidan.nu\/index.php?rest_route=\/wp\/v2\/users\/1001006"}],"replies":[{"embeddable":true,"href":"https:\/\/www.kultursidan.nu\/index.php?rest_route=%2Fwp%2Fv2%2Fcomments&post=18945"}],"version-history":[{"count":0,"href":"https:\/\/www.kultursidan.nu\/index.php?rest_route=\/wp\/v2\/posts\/18945\/revisions"}],"wp:attachment":[{"href":"https:\/\/www.kultursidan.nu\/index.php?rest_route=%2Fwp%2Fv2%2Fmedia&parent=18945"}],"wp:term":[{"taxonomy":"category","embeddable":true,"href":"https:\/\/www.kultursidan.nu\/index.php?rest_route=%2Fwp%2Fv2%2Fcategories&post=18945"},{"taxonomy":"post_tag","embeddable":true,"href":"https:\/\/www.kultursidan.nu\/index.php?rest_route=%2Fwp%2Fv2%2Ftags&post=18945"}],"curies":[{"name":"wp","href":"https:\/\/api.w.org\/{rel}","templated":true}]}}