{"id":19000,"date":"2015-02-26T09:34:51","date_gmt":"2015-02-26T08:34:51","guid":{"rendered":"https:\/\/intelligent-friend-7861.standoutwp.com\/?p=19000"},"modified":"2015-02-26T11:31:34","modified_gmt":"2015-02-26T10:31:34","slug":"symfoniorkestern-tog-2-grammisar","status":"publish","type":"post","link":"https:\/\/www.kultursidan.nu\/?p=19000","title":{"rendered":"Symfoniorkestern tog 2 Grammisar"},"content":{"rendered":"<p><a href=\"https:\/\/www.kultursidan.nu\/wp-content\/uploads\/2015\/02\/grammisar.jpg\"><img loading=\"lazy\" decoding=\"async\" class=\"alignnone size-medium wp-image-19001\" src=\"https:\/\/www.kultursidan.nu\/wp-content\/uploads\/2015\/02\/grammisar-567x278.jpg\" alt=\"Grammisar 2015\" width=\"567\" height=\"278\" srcset=\"https:\/\/www.kultursidan.nu\/wp-content\/uploads\/2015\/02\/grammisar-567x278.jpg 567w, https:\/\/www.kultursidan.nu\/wp-content\/uploads\/2015\/02\/grammisar-150x74.jpg 150w, https:\/\/www.kultursidan.nu\/wp-content\/uploads\/2015\/02\/grammisar.jpg 800w\" sizes=\"auto, (max-width: 567px) 100vw, 567px\" \/><\/a><br \/>\n<em>Grammis 2015.\u00a0 \u00c5rets<br \/>\n<\/em><\/p>\n<p>&nbsp;<\/p>\n<h1><span style=\"color: #ff0000;\">\u2013 YES!! We won the Swedish Grammy!!!<\/span><\/h1>\n<p>&nbsp;<\/p>\n<p><strong>Grattis SON, Sven-Bertil, Christian (och Allan, BIS och Nilento\/Universal Music)<\/strong><strong>. <\/strong>Tillsammans med Norrk\u00f6pings Symfoniorkester tog de hem tv\u00e5 Grammisar av tre nominerade.<\/p>\n<p>Nu \u00e4r de alla p\u00e5 G igen, b\u00e5de Christan Lindberg och Sven-Bertil Taube kommer till v\u00e5ra trakter snart.<\/p>\n<p>&nbsp;<\/p>\n<p><iframe loading=\"lazy\" src=\"https:\/\/www.flickr.com\/photos\/kultursidan\/15133764678\/in\/set-72157650636996888\/player\/\" width=\"400\" height=\"280\" frameborder=\"0\" allowfullscreen=\"allowfullscreen\"><\/iframe><br \/>\n<em>Christian Lindberg under en repetition med Norrk\u00f6pings symfoniorkester.<\/em><\/p>\n<p>&nbsp;<\/p>\n<p><strong>\u2013 YES!! We won the Swedish Grammy!!! utropade Christian Lindberg <\/strong>p\u00e5 sitt Facebookkonto n\u00e4r han fick veta att <em>\u00c5rets klassiska Grammis <\/em>gick till honom och till Norrk\u00f6pings Symfoniorkester f\u00f6r inspelningen av <em>Allan Petterssons nionde symfoni,<\/em> utgiven p\u00e5 skivbolaget BIS.<\/p>\n<p>I pressmeddelandet fr\u00e5n Norrk\u00f6pings Symfoniorkester skrev han sedan:<br \/>\n\u2013 Jag vill f\u00f6rst tacka Norrk\u00f6pings symfoniorkester och BIS- teamet med Robert Suff och Robert von Bahr i spetsen, men mest av allt vill jag tacka och gratulera Allan Pettersson d\u00e4r uppe i himlen. Allan Pettersson har sagt \u201dJag \u00e4r en ropande r\u00f6st som hotar att dr\u00e4nkas i tidsbullret\u201d. Och d\u00e5 s\u00e4ger jag till honom d\u00e4r uppe: Din r\u00f6st \u00e4r uppenbarligen stark nog att tr\u00e4nga igenom!!<\/p>\n<p>&nbsp;<\/p>\n<p><iframe loading=\"lazy\" src=\"https:\/\/www.flickr.com\/photos\/kultursidan\/15893429527\/in\/album-72157650636996888\/player\/\" width=\"400\" height=\"315\" frameborder=\"0\" allowfullscreen=\"allowfullscreen\"><\/iframe><br \/>\n<em>Sven-Bertil Taube kommer snart hit.<\/em><\/p>\n<p>&nbsp;<\/p>\n<p><strong>Grammisen f\u00f6r <em>\u00c5rets folkmusik\/visa<\/em> gick till <em>Hommage<\/em>, albumet med Sven-Bertil Taube och Norrk\u00f6pings Symfoniorkester, rattat av Nilento och utgivet p\u00e5 Universal Music. <\/strong>Det var uppenbarligen rena rama turen att det blev s\u00e5.<\/p>\n<p>\u2013 Vi, tillsammans med inspelningsproducenten Lars Nilsson p\u00e5 Nilento, hade m\u00f6jlighet att med kort varsel ta oss an den h\u00e4r inspelningen som ju ocks\u00e5 visar p\u00e5 bredden i v\u00e5r orkesterverksamhet, s\u00e4ger SON:s VD och konstn\u00e4rliga ledare Karin Veres.<\/p>\n<p>\u2013 Vi \u00e4r stolta och glada \u00f6ver att v\u00e5ra inspelningar uppm\u00e4rksammas p\u00e5 detta s\u00e4tt, s\u00e4ger Karin Veres om de tv\u00e5 grammisarna. Ett bevis f\u00f6r att SON \u00e4r en inspelningsorkester i toppklass!<\/p>\n<p><strong>Redan i kv\u00e4ll spelar Norrk\u00f6pings symfoniorkester igen under ledning av chefdirigenten Michael Francis.<\/strong> Norrk\u00f6pingsb\u00f6rdige Olle Persson, baryton, sjunger <em>Franska s\u00e5nger<\/em>. Konserten inneh\u00e5ller verk av Satie, Ravel och Stravinsky.<\/p>\n<p>Christian Lindberg lyfter b\u00e5de pinnen och trombonen n\u00e4r han g\u00e4star Link\u00f6pings symfoniorkester i Crusellhallen p\u00e5 s\u00f6ndag. Det blir verk av Lindberg sj\u00e4lv, av Tarrodi och Tjajkovskij.<\/p>\n<p>Sven-Bertil Taube ger redan om en m\u00e5nad, den 28 mars, sin <em>Hommage<\/em> i konsertform i De Geerhallen tillsammans med Symfoniorkestern.<\/p>\n<p>&nbsp;<\/p>\n<p><iframe loading=\"lazy\" src=\"https:\/\/www.flickr.com\/photos\/kultursidan\/15893429677\/in\/album-72157650636996888\/player\/\" width=\"400\" height=\"220\" frameborder=\"0\" allowfullscreen=\"allowfullscreen\"><\/iframe><br \/>\n<em>Norrk\u00f6pings symfoniorkester under ledning av Christian Lindberg.<\/em><\/p>\n<p>&nbsp;<\/p>\n<p><strong>I september kommer Christian Lindberg tillbaka till Norrk\u00f6pings symfoniorkester.<\/strong> Det \u00e4r dags att s\u00e4tta t\u00e4nderna i Allan Petterssons symfoni nr 13. Han har helt nyligen p\u00e5b\u00f6rjat sina f\u00f6rberedelser.<\/p>\n<p>\u2013 MY GOODNESS!!! THIS IS PROBABLY THE GREATEST SYMPHONY WRITTEN IN THE 20th CENTURY!! I AM COMPLETELY DRAINED AFTER 66.09 MINUTES (IN ONE MOVEMENT!) OF THE MOST INTENSED MUSIC I CAN RECALL HAVING EVER LISTENED TO! IT IS MONUMENTAL!!!!!!, meddelar han omv\u00e4rlden efter en f\u00f6rsta genomlyssning med medvetet stora bokst\u00e4ver p\u00e5 Facebook.<\/p>\n<p>(\u2013 Herregud!!! Detta \u00e4r troligen den st\u00f6rsta symfoni som skrivits i det 20:e \u00e5rhundradet!! Jag \u00e4r totalt slut efter 66.09 minuter (i en enda sats) av den mest intensiva musik jag kan minnas att jag n\u00e5gonsin har lyssnat till! Den \u00e4r monumental!!!!!!)<\/p>\n<p><em>Text: Ann-Charlotte Sandelin<\/em><\/p>\n<p>BILDSPEL (FLASH) \u2013 KLICKA P\u00c5 BILDEN <em><br \/>\nALT\/MOBIL: SE BILDSPELET <a title=\"Bildspel\" href=\"https:\/\/www.flickr.com\/photos\/kultursidan\/sets\/72157650636996888\/show\/\" target=\"_blank\">H\u00c4R<\/a><\/em><br \/>\n<object width=\"400\" height=\"300\"><param name=\"flashvars\" value=\"offsite=true&amp;lang=en-us&amp;page_show_url=%2Fphotos%2Fkultursidan%2Fsets%2F72157650636996888%2Fshow%2F&amp;page_show_back_url=%2Fphotos%2Fkultursidan%2Fsets%2F72157650636996888%2F&amp;set_id=72157650636996888&amp;jump_to=\" \/><param name=\"movie\" value=\"https:\/\/www.flickr.com\/apps\/slideshow\/show.swf?v=1811922554\" \/><param name=\"allowFullScreen\" value=\"true\" \/><\/object><\/p>\n<blockquote>\n<h3><em>GRAMMIS 2015<\/em><\/h3>\n<p><em><strong>\u00c5rets klassiska<br \/>\n<\/strong>Allan Petterssons nionde symfoni<strong><br \/>\n<\/strong>Norrk\u00f6pings Symfoniorkester och dirigenten Christian Lindberg<\/em><\/p>\n<p><em><strong>\u00c5rets folkmusik\/visa<br \/>\n<\/strong>Hommage<\/em><br \/>\n<em>Sven-Bertil Taube och Norrk\u00f6pings Symfoniorkester.<\/em><\/p><\/blockquote>\n<p>L\u00c4NKAR<br \/>\nGrammis <a title=\"Grammis\" href=\"http:\/\/grammis.se\" target=\"_blank\">hemsida<\/a><br \/>\nNorrk\u00f6pings symfoniorkester <a title=\"SON\" href=\"http:\/\/www.norrkopingssymfoniorkester.se\" target=\"_blank\">hemsida<\/a> <a title=\"Facebook\" href=\"https:\/\/www.facebook.com\/norrkoping.symphony?fref=ts\" target=\"_blank\">Facebook<\/a><br \/>\nSymfoniorkesterns julklappar 3-2-1\u00a0<a title=\"Symfoniorkesterns julklappar 3-2-1\" href=\"https:\/\/www.kultursidan.nu\/?p=18289\" target=\"_blank\">reportage<\/a> Kultursidan.nu 22\/12 2014<\/p>\n","protected":false},"excerpt":{"rendered":"<p>NORRK\u00d6PING Grattis Sven-Bertil, Christian (och Allan). Tillsammans med Norrk\u00f6pings Symfoniorkester tog de hem tv\u00e5 Grammisar. Och nu \u00e4r de alla p\u00e5 G igen, i Norrk\u00f6ping och i Link\u00f6ping. <a class=\"continue-reading-link\" href=\"https:\/\/www.kultursidan.nu\/?p=19000\">L\u00e4s mer <span class=\"meta-nav\">&rarr; <\/span><\/a><\/p>\n","protected":false},"author":1001006,"featured_media":0,"comment_status":"closed","ping_status":"open","sticky":false,"template":"","format":"standard","meta":{"_jetpack_memberships_contains_paid_content":false,"footnotes":""},"categories":[55,7],"tags":[13],"class_list":["post-19000","post","type-post","status-publish","format-standard","hentry","category-linkoping","category-norrkoping","tag-musik"],"jetpack_featured_media_url":"","jetpack_sharing_enabled":true,"_links":{"self":[{"href":"https:\/\/www.kultursidan.nu\/index.php?rest_route=\/wp\/v2\/posts\/19000","targetHints":{"allow":["GET"]}}],"collection":[{"href":"https:\/\/www.kultursidan.nu\/index.php?rest_route=\/wp\/v2\/posts"}],"about":[{"href":"https:\/\/www.kultursidan.nu\/index.php?rest_route=\/wp\/v2\/types\/post"}],"author":[{"embeddable":true,"href":"https:\/\/www.kultursidan.nu\/index.php?rest_route=\/wp\/v2\/users\/1001006"}],"replies":[{"embeddable":true,"href":"https:\/\/www.kultursidan.nu\/index.php?rest_route=%2Fwp%2Fv2%2Fcomments&post=19000"}],"version-history":[{"count":0,"href":"https:\/\/www.kultursidan.nu\/index.php?rest_route=\/wp\/v2\/posts\/19000\/revisions"}],"wp:attachment":[{"href":"https:\/\/www.kultursidan.nu\/index.php?rest_route=%2Fwp%2Fv2%2Fmedia&parent=19000"}],"wp:term":[{"taxonomy":"category","embeddable":true,"href":"https:\/\/www.kultursidan.nu\/index.php?rest_route=%2Fwp%2Fv2%2Fcategories&post=19000"},{"taxonomy":"post_tag","embeddable":true,"href":"https:\/\/www.kultursidan.nu\/index.php?rest_route=%2Fwp%2Fv2%2Ftags&post=19000"}],"curies":[{"name":"wp","href":"https:\/\/api.w.org\/{rel}","templated":true}]}}