{"id":19367,"date":"2015-04-08T19:29:29","date_gmt":"2015-04-08T18:29:29","guid":{"rendered":"https:\/\/intelligent-friend-7861.standoutwp.com\/?p=19367"},"modified":"2015-04-08T19:38:05","modified_gmt":"2015-04-08T18:38:05","slug":"ulf-dohlsten-spelar-allan-i-skarblacka","status":"publish","type":"post","link":"https:\/\/www.kultursidan.nu\/?p=19367","title":{"rendered":"Ulf Dohlsten spelar Allan i Sk\u00e4rblacka"},"content":{"rendered":"<p><a href=\"https:\/\/www.kultursidan.nu\/wp-content\/uploads\/2015\/04\/IMG_4761.jpg\"><img loading=\"lazy\" decoding=\"async\" class=\"alignnone size-medium wp-image-19368\" src=\"https:\/\/www.kultursidan.nu\/wp-content\/uploads\/2015\/04\/IMG_4761-567x378.jpg\" alt=\"Ola Hed\u00e9n och Ulf Dohlsten\" width=\"567\" height=\"378\" srcset=\"https:\/\/www.kultursidan.nu\/wp-content\/uploads\/2015\/04\/IMG_4761-567x378.jpg 567w, https:\/\/www.kultursidan.nu\/wp-content\/uploads\/2015\/04\/IMG_4761-1024x682.jpg 1024w, https:\/\/www.kultursidan.nu\/wp-content\/uploads\/2015\/04\/IMG_4761-500x333.jpg 500w, https:\/\/www.kultursidan.nu\/wp-content\/uploads\/2015\/04\/IMG_4761-150x100.jpg 150w, https:\/\/www.kultursidan.nu\/wp-content\/uploads\/2015\/04\/IMG_4761.jpg 1280w\" sizes=\"auto, (max-width: 567px) 100vw, 567px\" \/><\/a><br \/>\n<em>Se upp! Nu kommer kritikerrosade Alla heter Allan.<\/em><\/p>\n<p>&nbsp;<\/p>\n<h1><span style=\"color: #ff0000;\">\u201dInte till n\u00e5gon nackdel\u201d<\/span><\/h1>\n<p>&nbsp;<\/p>\n<p><strong>Egentligen heter b\u00e5de Ulf Dohlsten och Ola Hed\u00e9n Allan \u2013 i pj\u00e4sen <em>Alla heter Allan<\/em>. <\/strong>Den specialskrivna succ\u00e9f\u00f6rest\u00e4llningen spelas i Valdemarsvik p\u00e5 fredag och i Sk\u00e4rblacka p\u00e5 l\u00f6rdag under p\u00e5g\u00e5ende Riksteaterturn\u00e9.<\/p>\n<p>Nu har de slagit ner bop\u00e5larna i Norrk\u00f6ping den h\u00e4r veckan, eftersom de \u00e4ven spelar i Nyk\u00f6ping och i Trosa, och bjudit hem pressen. Vi ses i hotellets matsal n\u00e5gra timmar innan de ska s\u00f6ka upp dagens lunchrestaurang (de vill \u00e4ta indiskt idag) innan det \u00e4r dags f\u00f6r det avkopplande korsordet inf\u00f6r kv\u00e4llens f\u00f6rest\u00e4llning.<\/p>\n<p><strong>Ulf Dohlsten, den d\u00e4r sorgmodige figuren i SVT:s l\u00e5ngk\u00f6rare <em>Hem till byn<\/em>, \u00e4r faktiskt en kul kille p\u00e5 teaterscenen.<\/strong> De senaste \u00e5ren har han gjort mycket farser och komedier tillsammans med 25 \u00e5r yngre Ola Hed\u00e9n. De kom p\u00e5 att de ville jobba mer ihop och startade en liten teatergrupp.<\/p>\n<p>\u2013 Vi fr\u00e5gade Bengt J\u00e4rnblad som skrivit mycket lunchteater i Stockholm om han kunde skriva f\u00f6r oss, ber\u00e4ttar Ulf Dohlsten.<\/p>\n<p>Det \u00e4r Ulf som snackar mest hela tiden, Ola sitter bredvid och fyller engagerat i med ett ord h\u00e4r och ett annat d\u00e4r. Best\u00e4llningen var att det skulle handla om goda m\u00e4nniskor som kanske aldrig tr\u00e4ffats tidigare. Efter en tid kom ett tjockt manus i brevl\u00e5dan.<\/p>\n<p>\u2013 Det var det b\u00e4sta jag n\u00e5gonsin l\u00e4st. Den inneh\u00e5ller s\u00e5 ov\u00e4ntade k\u00e4nslor hos tv\u00e5 m\u00e4n. En \u00e5ldrad tyngdlyftare som v\u00e5rdar sina blommor och minnet av sin d\u00f6da hustru. Och en instormande ung man som hamnat fullkomligt snett i livet.<\/p>\n<p>&nbsp;<\/p>\n<p><iframe loading=\"lazy\" src=\"https:\/\/www.flickr.com\/photos\/kultursidan\/17079876085\/in\/set-72157651772370846\/player\/\" width=\"390\" height=\"400\" frameborder=\"0\" allowfullscreen=\"allowfullscreen\"><\/iframe><br \/>\n<em> Allan! Blomster\u00e4lskande \u00e4nklingen f\u00e5r ov\u00e4ntat bes\u00f6k.<\/em><\/p>\n<p>&nbsp;<\/p>\n<p><strong>Slutscenen var ocks\u00e5 helt ov\u00e4ntad.<\/strong> Allt var perfekt utom en liten detalj \u2013 den var f\u00f6r kort. Efter lite diskussioner kom en andra akt i brevl\u00e5dan. Lika bra den, tyckte sk\u00e5despelarna. De spelade i och omkring G\u00f6teborg under hela 2014.<\/p>\n<p>\u2013 Det \u00e4r en fin f\u00f6rest\u00e4llning. N\u00e4r vi har spelat \u00e4r vi sj\u00e4lva helt tagna. Den handlar om ensamhet, d\u00f6den, livet. S\u00e5dant som \u00e4r j\u00e4ttesv\u00e5rt skildras med v\u00e4rme, s\u00e4ger Ulf Dohlsten.<br \/>\n\u2013 Om relationer och humor, fyller Ola Hed\u00e9n i.<\/p>\n<p>Ryktet gick och intresset v\u00e4xte och v\u00e4xte. Att en av sk\u00e5disarna hette Ulf Dohlsten var \u201dinte till n\u00e5gon nackdel\u201d. Recensionerna var mer \u00e4n goda, Stockholmstidningarna skrev om G\u00f6teborgsupps\u00e4ttningen och till slut h\u00f6rde Riksteatern av sig. Det h\u00e4r \u00e5ret reser de land och rike runt \u2013 har bes\u00f6kt b\u00e5de V\u00e4ckels\u00e5ng och Vissefj\u00e4rda \u2013 och h\u00f6sten \u00e4r redan inbokad.<\/p>\n<p>P\u00e5 fredag \u00e4r det dags f\u00f6r riksteaterf\u00f6reningarna i Valdemarsvik och, p\u00e5 l\u00f6rdag, KariN i Norrk\u00f6ping (fast i Sk\u00e4rblacka) att dra upp rid\u00e5n f\u00f6r <em>Alla heter Allan<\/em>.<\/p>\n<p><strong>Riksteaterf\u00f6reningen KariN har kommit ett stycke in p\u00e5 sin s\u00e4song.<\/strong> N\u00e4rmast i tur st\u00e5r estradpoeten Kalle Haglund och en satellits\u00e4nd Dickensf\u00f6rest\u00e4llning. I maj forts\u00e4tter KariN med en musikalisk f\u00f6rest\u00e4llning om Monica Zetterlund i samarbete med \u00d6stg\u00f6tateatern innan s\u00e4songen slutar med en annan <em>Allan<\/em>, n\u00e4mligen en hyllning till Allan Edwall.<\/p>\n<p><em>Text: Ann-Charlotte Sandelin<br \/>\nFoto: Ann-Charlotte Sandelin och Kristian Pohl<\/em><\/p>\n<p>BILDSPEL (FLASH) \u2013 KLICKA P\u00c5 BILDEN <em><br \/>\nALT\/MOBIL: SE BILDSPELET <a title=\"Bildspel\" href=\"https:\/\/www.flickr.com\/photos\/kultursidan\/sets\/72157651772370846\/show\/\" target=\"_blank\">H\u00c4R<\/a><\/em><br \/>\n<object width=\"400\" height=\"300\"><param name=\"flashvars\" value=\"offsite=true&amp;lang=en-us&amp;page_show_url=%2Fphotos%2Fkultursidan%2Fsets%2F72157651772370846%2Fshow%2F&amp;page_show_back_url=%2Fphotos%2Fkultursidan%2Fsets%2F72157651772370846%2F&amp;set_id=72157651772370846&amp;jump_to=\" \/><param name=\"movie\" value=\"https:\/\/www.flickr.com\/apps\/slideshow\/show.swf?v=1811922554\" \/><param name=\"allowFullScreen\" value=\"true\" \/><\/object><\/p>\n<blockquote>\n<h3><em>FOLKETS HUS Valdemarsvik<\/em><\/h3>\n<p>10 april 2015 kl 19<\/p>\n<h3><em>FOLKETS HUS Sk\u00e4rblacka<\/em><\/h3>\n<p>11 april kl 17<\/p>\n<p><em><strong>Alla heter Allan<\/strong><\/em><br \/>\n<em> av Bengt J\u00e4rnblad<\/em><br \/>\n<em> Regi och medverkan: Ulf Dohlsten och Ola Hed\u00e9n<\/em><br \/>\n<em> Scenografi: Erik Langert<\/em><\/p>\n<h3 style=\"padding-left: 30px;\"><em>KariN:s kommande arrangemang<\/em><\/h3>\n<p style=\"padding-left: 30px;\"><em>LILLA TEATERN Norrk\u00f6ping<\/em><br \/>\n16 april kl 19.00<br \/>\n<em><strong>Kalle Haglund \u2026och den stora skogen<\/strong><\/em><br \/>\n<em> en poetisk humorf\u00f6rest\u00e4llning<\/em><\/p>\n<p style=\"padding-left: 30px;\"><em>CNEMA Norrk\u00f6ping<br \/>\n<\/em>18 april kl 18<br \/>\n<em> <strong>Lysande utsikter<\/strong><\/em><br \/>\n<em> av Charles Dickens<\/em><\/p>\n<p style=\"padding-left: 30px;\"><em>FOLKETS HUS \u00c5by<br \/>\n<\/em>4 maj kl 19<em><strong><br \/>\nZ&#8230;n\u00e4r Fr\u00f6ding satt p\u00e5 dass&#8230;en sorg i rosenjazz<\/strong><br \/>\nOm Monica Zetterlund med<br \/>\n\u00d6stg\u00f6tateaterns Ann-Sofie Andersson Kern <\/em><\/p>\n<p style=\"padding-left: 30px;\"><em>TEATER BR\u00c5DDGATAN 34 Norrk\u00f6ping<br \/>\n<\/em>6 maj kl 19<br \/>\n<em> <strong>Mats &amp; S\u00f6lve spelar ALLAN<\/strong><\/em><br \/>\n<em> Om Allan Edwall med Mats H\u00f6jer och S\u00f6lve Olofsson<\/em><\/p>\n<\/blockquote>\n<p>L\u00c4NKAR<br \/>\nRiksteaterf\u00f6reningen KariN <a title=\"KariN\" href=\"http:\/\/karin.riksteatern.se\" target=\"_blank\">hemsida<\/a> <a title=\"Facebook\" href=\"https:\/\/www.facebook.com\/groups\/1385011868399510\/?fref=ts\" target=\"_blank\">Facebook<\/a><br \/>\nValdemarsviks Riksteaterf\u00f6rening <a title=\"Valdemarsvik\" href=\"http:\/\/valdemarsvik.riksteatern.se\/%20\" target=\"_blank\">hemsida <\/a><br \/>\nNostalgisk start f\u00f6r KariN:s teaterv\u00e5r <a title=\"Nostalgisk start f\u00f6r KariN:s teaterv\u00e5r\" href=\"https:\/\/www.kultursidan.nu\/?p=18987\" target=\"_blank\">reportage<\/a> Kultursidan.nu 25\/2 2015<br \/>\nM\u00e4nnens regler s\u00e4tter tonen i Z-oppteater <a title=\"M\u00e4nnens regler s\u00e4tter tonen i Z-oppteater \" href=\"https:\/\/www.kultursidan.nu\/?p=18613\" target=\"_blank\">recension<\/a> Kultursidan.nu 24\/1 2015<em><br \/>\n<\/em><\/p>\n","protected":false},"excerpt":{"rendered":"<p>NORRK\u00d6PING Egentligen heter b\u00e5de Ulf Dohlsten och Ola Hed\u00e9n Allan \u2013 i pj\u00e4sen Alla heter Allan. Den specialskrivna succ\u00e9f\u00f6rest\u00e4llningen spelas i Valdemarsvik p\u00e5 fredag och i Sk\u00e4rblacka p\u00e5 l\u00f6rdag under p\u00e5g\u00e5ende Riksteaterturn\u00e9. <a class=\"continue-reading-link\" href=\"https:\/\/www.kultursidan.nu\/?p=19367\">L\u00e4s mer <span class=\"meta-nav\">&rarr; <\/span><\/a><\/p>\n","protected":false},"author":1001006,"featured_media":0,"comment_status":"closed","ping_status":"open","sticky":false,"template":"","format":"standard","meta":{"_jetpack_memberships_contains_paid_content":false,"footnotes":""},"categories":[7,10],"tags":[12],"class_list":["post-19367","post","type-post","status-publish","format-standard","hentry","category-norrkoping","category-valdemarsvik","tag-teater"],"jetpack_featured_media_url":"","jetpack_sharing_enabled":true,"_links":{"self":[{"href":"https:\/\/www.kultursidan.nu\/index.php?rest_route=\/wp\/v2\/posts\/19367","targetHints":{"allow":["GET"]}}],"collection":[{"href":"https:\/\/www.kultursidan.nu\/index.php?rest_route=\/wp\/v2\/posts"}],"about":[{"href":"https:\/\/www.kultursidan.nu\/index.php?rest_route=\/wp\/v2\/types\/post"}],"author":[{"embeddable":true,"href":"https:\/\/www.kultursidan.nu\/index.php?rest_route=\/wp\/v2\/users\/1001006"}],"replies":[{"embeddable":true,"href":"https:\/\/www.kultursidan.nu\/index.php?rest_route=%2Fwp%2Fv2%2Fcomments&post=19367"}],"version-history":[{"count":0,"href":"https:\/\/www.kultursidan.nu\/index.php?rest_route=\/wp\/v2\/posts\/19367\/revisions"}],"wp:attachment":[{"href":"https:\/\/www.kultursidan.nu\/index.php?rest_route=%2Fwp%2Fv2%2Fmedia&parent=19367"}],"wp:term":[{"taxonomy":"category","embeddable":true,"href":"https:\/\/www.kultursidan.nu\/index.php?rest_route=%2Fwp%2Fv2%2Fcategories&post=19367"},{"taxonomy":"post_tag","embeddable":true,"href":"https:\/\/www.kultursidan.nu\/index.php?rest_route=%2Fwp%2Fv2%2Ftags&post=19367"}],"curies":[{"name":"wp","href":"https:\/\/api.w.org\/{rel}","templated":true}]}}