{"id":19403,"date":"2015-04-10T19:20:26","date_gmt":"2015-04-10T18:20:26","guid":{"rendered":"https:\/\/intelligent-friend-7861.standoutwp.com\/?p=19403"},"modified":"2015-04-10T19:20:26","modified_gmt":"2015-04-10T18:20:26","slug":"arets-pridefestival-granskar-aktivismen","status":"publish","type":"post","link":"https:\/\/www.kultursidan.nu\/?p=19403","title":{"rendered":"\u00c5rets Pridefestival granskar aktivismen"},"content":{"rendered":"<p><a href=\"https:\/\/www.kultursidan.nu\/wp-content\/uploads\/2015\/04\/27-Charlie-Evelina.jpg\"><img loading=\"lazy\" decoding=\"async\" class=\"alignnone size-medium wp-image-19404\" src=\"https:\/\/www.kultursidan.nu\/wp-content\/uploads\/2015\/04\/27-Charlie-Evelina-567x377.jpg\" alt=\"Charlie Evelina\" width=\"567\" height=\"377\" srcset=\"https:\/\/www.kultursidan.nu\/wp-content\/uploads\/2015\/04\/27-Charlie-Evelina-567x377.jpg 567w, https:\/\/www.kultursidan.nu\/wp-content\/uploads\/2015\/04\/27-Charlie-Evelina-1024x680.jpg 1024w, https:\/\/www.kultursidan.nu\/wp-content\/uploads\/2015\/04\/27-Charlie-Evelina-501x333.jpg 501w, https:\/\/www.kultursidan.nu\/wp-content\/uploads\/2015\/04\/27-Charlie-Evelina-150x100.jpg 150w, https:\/\/www.kultursidan.nu\/wp-content\/uploads\/2015\/04\/27-Charlie-Evelina.jpg 1280w\" sizes=\"auto, (max-width: 567px) 100vw, 567px\" \/><\/a><em><br \/>\nStolta. Charlie Holmstedt och Evelina Ramnemo \u00e4r talespersoner f\u00f6r \u00e5rets Norrk\u00f6ping Pride.<\/em><\/p>\n<p>&nbsp;<\/p>\n<h1><span style=\"color: #ff0000;\">\u201dVi \u00e4r r\u00e4dda f\u00f6r bakslag\u201d<\/span><\/h1>\n<p>&nbsp;<\/p>\n<p><strong>Regnb\u00e5gsflaggan h\u00e4nger p\u00e5 v\u00e4ggen i Kulturhuset.<\/strong> Prides nya talespersoner presenterar \u00e5rets festival. De talar om ett kallare samh\u00e4llsklimat trots alla nya lagar som successivt gett hbtq-personer j\u00e4mlikhet. Aktivist \u00e4r inte bara n\u00e5got som individen v\u00e4ljer att vara, utan n\u00e5got som kan tvingas p\u00e5 av omv\u00e4rlden. Majoriteten m\u00e5ste st\u00e5 upp f\u00f6r minoriteten.<\/p>\n<p><strong>Nu \u00e4r Pride inne p\u00e5 sjunde \u00e5ret.<\/strong> D\u00e4r andra startade med Prideparad gick Norrk\u00f6ping Pride en mer akademisk v\u00e4g, med seminarier och kulturevenemang. Paraden, den f\u00e4rgglada och folkliga, kom f\u00f6rst \u00e5r sex, allts\u00e5 f\u00f6rra \u00e5ret, med d\u00e5nande trummor och en stark k\u00e4nsla av gl\u00e4dje och gemenskap. I \u00e5r presenterar festivalens talespersoner \u201daktivism\u201d som tema.<\/p>\n<p>\u2013 Vad har h\u00e4nt i Sverige och i v\u00e4rlden? Vi st\u00e4llde fr\u00e5gan en diskussionskv\u00e4ll i Prides styrelse, det var strax efter EU-valet och vi s\u00e5g organisationer och partier som gick fram\u00e5t. Vi \u00e4r r\u00e4dda f\u00f6r bakslag, s\u00e4ger Charlie Holmstedt som \u00e4r en av Prides tv\u00e5 talespersoner.<\/p>\n<p>Han p\u00e5pekar att \u00e4ven om svensk lagstiftning ger hbtq-personer r\u00e4ttigheter och j\u00e4mlikhet s\u00e5 kan lagstiftning l\u00e4tt rivas upp. Det \u00e4r viktigt att majoritetsbefolkningen skyddar minoritetens r\u00e4ttigheter. Pride \u00e4r ett s\u00e4tt att p\u00e5minna om detta.<\/p>\n<p>&nbsp;<\/p>\n<p><iframe loading=\"lazy\" src=\"https:\/\/www.flickr.com\/photos\/kultursidan\/16892578817\/in\/set-72157651810136246\/player\/\" width=\"400\" height=\"280\" frameborder=\"0\" allowfullscreen=\"allowfullscreen\"><\/iframe><br \/>\n<em> Aktivister. Med vid presentationen inf\u00f6r \u00e5rets Pridefestival var Sara Gustavsson, Chaarlie Holmstedt, Evelina Ramnemo, Rickard Eriksson och Anja Persson.<\/em><\/p>\n<p>&nbsp;<\/p>\n<p><strong>Vem \u00e4r aktivist? Hur g\u00f6rs man till aktivist? <\/strong>Flera av de mer \u00e4n 30 programpunkterna under Pridefestivalen granskar \u00e4mnet. Bland annat genom ett samtal mellan f\u00f6rfattaren Mats Strandberg och f\u00f6rfattaren och psykologen Jenny J\u00e4gerfeld.<\/p>\n<p>\u2013 Man blir p\u00e5tvingad rollen som aktivist n\u00e4r fr\u00e4mlingar p\u00e5 stan tar sig friheten att uttala sina \u00e5sikter h\u00f6gt om hur andra personer ser ut eller beter sig. Oavsett om det \u00e4r positiva eller negativa kommentarer.<\/p>\n<p>Evelina Ramnemo, Prides andra talesperson, s\u00e4ger det direkt efter att Charlie Holmstedt \u00e5tergett tv\u00e5 tillf\u00e4llen d\u00e5 han som privatperson blivit p\u00e5hoppad av personer som ansett sig ha r\u00e4tt att kommentera honom. \u201dMan \u00e4r inte anonym l\u00e4ngre utan blir automatiskt en offentlig person.\u201d<\/p>\n<p><strong>Finns strategier f\u00f6r aktivism?<\/strong> Ett exempel \u00e4r filmprojektet <em>Re:agera<\/em> d\u00e4r som gymnasieungdomar g\u00f6r kortfilmer om diskriminering. Att g\u00f6ra film \u00e4r ofta roligt, att spela in och klippa ihop. Samtidigt diskuterar eleverna sitt \u00e4mne, vidgar sin syn p\u00e5 v\u00e4rlden. Under Pride visas n\u00e5gra av alla dessa filmer, det handlar om k\u00f6nsroller, kr\u00e4nkningar men ocks\u00e5 om motst\u00e5nd.<\/p>\n<p>\u2013 Filmerna sprids genom sociala medier och blir p\u00e5 s\u00e5 s\u00e4tt \u00e4ven en del av n\u00e4taktivism, ber\u00e4ttar Anja Persson fr\u00e5n Byr\u00e5n mot diskriminering i \u00d6sterg\u00f6tland.<\/p>\n<p>Andra programpunkter \u00e4r personer som ber\u00e4ttar om sina liv och v\u00e4gar att komma ut ur garderoben som homosexuella eller transpersoner. De blir f\u00f6rebilder f\u00f6r dem som kanske inte v\u00e5gat ta det steget \u00e4nnu.<\/p>\n<p>\u2013 Det \u00e4r viktigt att de h\u00e4r \u201drummen\u201d finns, h\u00e4vdar Rickard Eriksson.<\/p>\n<p><strong>Pride \u00e4r f\u00f6rst\u00e5s allt det d\u00e4r l\u00e4ttsinniga ocks\u00e5.<\/strong> Stand up comedy. H\u00f6gl\u00e4sning. Teater. Queervisning av konst. K\u00e4rleksm\u00e4ssa. Festivalen ska m\u00e4rkas p\u00e5 stan, fr\u00e5n Kulturkvarteret Hallarna och museer till S:t Olai kyrka och Stadsbiblioteket.<\/p>\n<p>Mest ska Prideparaden m\u00e4rkas. Paradansvariga Rickard Eriksson och Sara Gustavsson hoppas p\u00e5 minst 500 deltagare i \u00e5r. F\u00f6reningar \u00e4r v\u00e4lkomna, d\u00e4remot inte politiska och religi\u00f6sa organisationer. Allra helst hoppas de p\u00e5 privatpersoner som st\u00e5r upp f\u00f6r b\u00e5de sig sj\u00e4lva och f\u00f6r de som inte kan eller v\u00e5gar g\u00e5.<\/p>\n<p>\u2013 Hur det \u00e4n \u00e4r s\u00e5 \u00e4r det minoriteter som k\u00e4mpar f\u00f6r sina r\u00e4ttigheter. D\u00e5 f\u00e5r det inte bli s\u00e5 att majoriteten s\u00e4ger att v\u00e5r sak inte \u00e4r deras, s\u00e4ger Charlie Holmstedt.<\/p>\n<p>\u2013 Vi m\u00e5ste ocks\u00e5 st\u00e5 upp f\u00f6r andra m\u00e4nniskor, p\u00e5minner Evelina Ramnemo.<\/p>\n<p><em>Text: Ann-Charlotte Sandelin<br \/>\nFoto: Sven \u00c5ke Molund<\/em><\/p>\n<p>BILDSPEL (FLASH) \u2013 KLICKA P\u00c5 BILDEN <em><br \/>\nALT\/MOBIL: SE BILDSPELET <a title=\"Bildspel\" href=\"https:\/\/www.flickr.com\/photos\/kultursidan\/sets\/72157651810136246\/show\/\" target=\"_blank\">H\u00c4R<\/a><\/em><br \/>\n<object width=\"400\" height=\"300\"><param name=\"flashvars\" value=\"offsite=true&amp;lang=en-us&amp;page_show_url=%2Fphotos%2Fkultursidan%2Fsets%2F72157651810136246%2Fshow%2F&amp;page_show_back_url=%2Fphotos%2Fkultursidan%2Fsets%2F72157651810136246%2F&amp;set_id=72157651810136246&amp;jump_to=\" \/><param name=\"movie\" value=\"https:\/\/www.flickr.com\/apps\/slideshow\/show.swf?v=1811922554\" \/><param name=\"allowFullScreen\" value=\"true\" \/><\/object><\/p>\n<blockquote>\n<h3><em>PRIDE Norrk\u00f6ping<\/em><\/h3>\n<p><em>1 \u2013 3 maj 2015<br \/>\n<strong>Norrk\u00f6ping Pride<\/strong><\/em><br \/>\n<em> Tema: Aktivism<\/em><\/p><\/blockquote>\n<p>L\u00c4NKAR<br \/>\nPride Norrk\u00f6ping <a title=\"Norrk\u00f6ping Pride\" href=\"http:\/\/norrkopingpride.se\" target=\"_blank\">hemsida<\/a> <a title=\"Facebook\" href=\"https:\/\/www.facebook.com\/norrkopingpride\" target=\"_blank\">Facebook<\/a> <a title=\"Program\" href=\"http:\/\/norrkopingpride.se\/program-2015\/%20\" target=\"_blank\">program <\/a><\/p>\n","protected":false},"excerpt":{"rendered":"<p>NORRK\u00d6PING \u201dVi \u00e4r r\u00e4dda f\u00f6r bakslag.\u201d Regnb\u00e5gsflaggan h\u00e4nger p\u00e5 v\u00e4ggen. Prides nya talespersoner talar om ett kallare samh\u00e4llsklimat. Aktivist \u00e4r inte bara n\u00e5got som individen v\u00e4ljer att vara, utan n\u00e5got som kan tvingas p\u00e5 av omv\u00e4rlden. <a class=\"continue-reading-link\" href=\"https:\/\/www.kultursidan.nu\/?p=19403\">L\u00e4s mer <span class=\"meta-nav\">&rarr; <\/span><\/a><\/p>\n","protected":false},"author":1001006,"featured_media":0,"comment_status":"closed","ping_status":"open","sticky":false,"template":"","format":"standard","meta":{"_jetpack_memberships_contains_paid_content":false,"footnotes":""},"categories":[7],"tags":[29],"class_list":["post-19403","post","type-post","status-publish","format-standard","hentry","category-norrkoping","tag-festival"],"jetpack_featured_media_url":"","jetpack_sharing_enabled":true,"_links":{"self":[{"href":"https:\/\/www.kultursidan.nu\/index.php?rest_route=\/wp\/v2\/posts\/19403","targetHints":{"allow":["GET"]}}],"collection":[{"href":"https:\/\/www.kultursidan.nu\/index.php?rest_route=\/wp\/v2\/posts"}],"about":[{"href":"https:\/\/www.kultursidan.nu\/index.php?rest_route=\/wp\/v2\/types\/post"}],"author":[{"embeddable":true,"href":"https:\/\/www.kultursidan.nu\/index.php?rest_route=\/wp\/v2\/users\/1001006"}],"replies":[{"embeddable":true,"href":"https:\/\/www.kultursidan.nu\/index.php?rest_route=%2Fwp%2Fv2%2Fcomments&post=19403"}],"version-history":[{"count":0,"href":"https:\/\/www.kultursidan.nu\/index.php?rest_route=\/wp\/v2\/posts\/19403\/revisions"}],"wp:attachment":[{"href":"https:\/\/www.kultursidan.nu\/index.php?rest_route=%2Fwp%2Fv2%2Fmedia&parent=19403"}],"wp:term":[{"taxonomy":"category","embeddable":true,"href":"https:\/\/www.kultursidan.nu\/index.php?rest_route=%2Fwp%2Fv2%2Fcategories&post=19403"},{"taxonomy":"post_tag","embeddable":true,"href":"https:\/\/www.kultursidan.nu\/index.php?rest_route=%2Fwp%2Fv2%2Ftags&post=19403"}],"curies":[{"name":"wp","href":"https:\/\/api.w.org\/{rel}","templated":true}]}}