{"id":19733,"date":"2015-05-07T19:00:02","date_gmt":"2015-05-07T18:00:02","guid":{"rendered":"https:\/\/intelligent-friend-7861.standoutwp.com\/?p=19733"},"modified":"2015-05-07T19:00:02","modified_gmt":"2015-05-07T18:00:02","slug":"glappet-i-holkpartiet-skvatter-ut-i-bok-recension","status":"publish","type":"post","link":"https:\/\/www.kultursidan.nu\/?p=19733","title":{"rendered":"Glappet i Holkpartiet skv\u00e4tter ut i bok (recension)"},"content":{"rendered":"<p><a href=\"https:\/\/www.kultursidan.nu\/wp-content\/uploads\/2015\/05\/SKVATT-vit.jpg\"><img loading=\"lazy\" decoding=\"async\" class=\"alignnone size-medium wp-image-19735\" src=\"https:\/\/www.kultursidan.nu\/wp-content\/uploads\/2015\/05\/SKVATT-vit-567x378.jpg\" alt=\"SKVATT\" width=\"567\" height=\"378\" srcset=\"https:\/\/www.kultursidan.nu\/wp-content\/uploads\/2015\/05\/SKVATT-vit-567x378.jpg 567w, https:\/\/www.kultursidan.nu\/wp-content\/uploads\/2015\/05\/SKVATT-vit-500x333.jpg 500w, https:\/\/www.kultursidan.nu\/wp-content\/uploads\/2015\/05\/SKVATT-vit-150x100.jpg 150w, https:\/\/www.kultursidan.nu\/wp-content\/uploads\/2015\/05\/SKVATT-vit.jpg 600w\" sizes=\"auto, (max-width: 567px) 100vw, 567px\" \/><\/a><br \/>\n<em>SKVATT av Stefan Teleman. Bilden kan tolkas som Domherran som fiskargubbe.<\/em><\/p>\n<p>&nbsp;<\/p>\n<h1><span style=\"color: #ff0000;\">Ofta dansar text och bild i otakt<\/span><\/h1>\n<p>&nbsp;<\/p>\n<p><strong>Det enda man kan veta med s\u00e4kerhet om Stefan Teleman \u00e4r att man inte vet var man har honom.<\/strong> Han byter konstn\u00e4rligt uttryck lika ofta som en annan m\u00e4nniska byter strumpor. \u00c4nd\u00e5 finns det en logik och en konsekvens i det han g\u00f6r; det \u00e4r ber\u00e4ttandet som best\u00e4mmer formen.<\/p>\n<p>Den h\u00e4r g\u00e5ngen handlar det om teckningar som inte fick n\u00e5gon annan plats. Jo, de fick en plats i Folkbladet, men de var s\u00e5 nedf\u00f6rminskade att Stefan ans\u00e5g dem ol\u00e4sbara. D\u00e4rf\u00f6r avbr\u00f6ts (tyv\u00e4rr) det projektet. Men skvatt vill skv\u00e4tta ut. S\u00e5 skvatt boken till. Eller r\u00e4ttare sagt: Teleman fick ge ut den sj\u00e4lv.<\/p>\n<p>&nbsp;<\/p>\n<p><iframe loading=\"lazy\" src=\"https:\/\/www.flickr.com\/photos\/kultursidan\/17219311478\/in\/set-72157652012903469\/player\/\" width=\"330\" height=\"400\" frameborder=\"0\" allowfullscreen=\"allowfullscreen\"><\/iframe><br \/>\n<em>Dra i huden.<\/em><\/p>\n<p>&nbsp;<\/p>\n<p><strong>Egentligen hade nog bilderna gjort sig b\u00e4ttre en och en.<\/strong> De kr\u00e4ver betraktande och eftertanke och b\u00f6r inte \u00f6verdoseras. Och de skiljer sig s\u00e5 mycket fr\u00e5n konventionella \u201dsk\u00e4mtteckningar\u201d och \u201dpolitiska teckningar\u201d att man helt stannar upp i sitt l\u00e4sande.<\/p>\n<p>Ofta \u00e4r det dubbeltydigt. Ofta \u00e4r teckningarna medvetet fula. Uttrycket ligger i den opolerade omedelbarheten. I det snabbskissade s\u00f6kandet. Men det \u00e4r givetvis inte s\u00e5 att Teleman har tagit f\u00f6rsta, b\u00e4sta skiss. Det har g\u00e5tt mycket papper till papperskorgen, erk\u00e4nner han. Men (oftast) har han, hellre \u00e4n att g\u00f6ra en blyertsskiss, tecknat om. Och om igen.<\/p>\n<p><strong>Boken \u00e4r pedagogiskt indelad i kapitlen <em>Vi i Holkpartiet, Ett herrans liv, Kroppskultur <\/em>och<em> L\u00f6skokt &amp; h\u00e5rdsm\u00e4lt, <\/em>och jag f\u00f6rst\u00e5r inneb\u00f6rden i tre av fallen.<\/strong> Det \u00e4r ju inte s\u00e5 illa.<\/p>\n<p>Det vore l\u00e4tt att utbrista att ibland fattar jag inte ett skvatt, men det \u00e4r st\u00f6rre \u00e4n s\u00e5. Ofta fattar jag inte ens vad skvatt \u00e4r \u2013 s\u00e4rskilt inte efter att ha l\u00e4st det bifogade utdraget ur Svenska akademiens ordbok! F\u00f6rklaringen \u00e4r gott och v\u00e4l s\u00e5 m\u00e5ngtydig som Stefan Telemans bok, och den inneh\u00e5ller en hel massa skvatt.<\/p>\n<p>Nu f\u00e5r vi ju inte gl\u00f6mma att detta \u00e4r konst, \u00e4ven om det r\u00e5kar befinna sig inom tv\u00e5 p\u00e4rmar. Och att b\u00f6rja hojta att det inte \u00e4r konst bara f\u00f6r att man inte begriper allt \u00e4r b\u00e5de reaktion\u00e4rt och dumt. Jag st\u00e4ller verkligen inte som krav p\u00e5 mig sj\u00e4lv att jag ska f\u00f6rst\u00e5 all konst. (Och musik begriper jag \u00e4nnu mindre av.)<\/p>\n<p>Det f\u00f6rekommer tydliga budskap (Fridolin, L\u00f6fvin) och Teleman \u00e4r f\u00f6rvisso ett barn av -68 \u00e5rs r\u00f6relse. Men n\u00e4r han g\u00f6r en parafras p\u00e5 Lars Hillersberg ers\u00e4tter han \u201danti-kommunist\u201d med \u201danti-oxidant\u201d, vilket visar att han \u00e4r i takt med tiden. (Jag kan inte sluta skratta, men det kan ju verka obegripligt om man inte sett originalet.)<\/p>\n<p>&nbsp;<\/p>\n<p><iframe loading=\"lazy\" src=\"https:\/\/www.flickr.com\/photos\/kultursidan\/17407103465\/in\/set-72157652012903469\/player\/\" width=\"330\" height=\"400\" frameborder=\"0\" allowfullscreen=\"allowfullscreen\"><\/iframe><br \/>\n<em> Domherran hyllar salig Hillersberg.<\/em><\/p>\n<p>&nbsp;<\/p>\n<p><strong>Men ofta dansar text och bild i otakt. <\/strong>Och i det glappet (n\u00e4r hj\u00e4rnhalvorna str\u00e4var \u00e5t olika h\u00e5ll) h\u00e4nder det saker. Teleman vet nog vad han menar, men han ber\u00e4ttar det inte alltid. Det \u00e4r inte fullt ut surrealistiskt, men det \u00e4r lek med tankar, ord och bilder i medvetandets ytterkanter.<\/p>\n<p>Exempelvis blir bilden med texten \u201dP\u00e5 spaning efter den integritet som flytt\u201d fullt begriplig att ha sett en bild p\u00e5 <em>Uppkopplad Domherran<\/em> p\u00e5 de ratade bilderna p\u00e5 utst\u00e4llningen p\u00e5 Popsi. Annars hade jag sett ut som (urs\u00e4kta) en f\u00e5gelholk.<\/p>\n<p>De ordl\u00f6sa teckningarna g\u00f6r jag inget f\u00f6rs\u00f6k att f\u00f6rst\u00e5 alls. Jag bara lutar mig tillbaks och njuter. (Men \u00e4r det en hamburgare eller \u00e4r det ett flygande tefat?)<\/p>\n<p><strong>Vi f\u00e5r hoppas att n\u00e5gon annan tidning tar in bilderna.<\/strong> Jag skulle verkligen vilja ha n\u00e5got som f\u00e5r tiden att stanna i nyhetsfl\u00f6dets silverflod.<\/p>\n<p><em>Text: Michael Strandhed<br \/>\nTeckningar: Stefan Teleman<\/em><\/p>\n<p>BILDSPEL (FLASH) \u2013 KLICKA P\u00c5 BILDEN <em><br \/>\nALT\/MOBIL: SE BILDSPELET <a title=\"Bildspel\" href=\"https:\/\/www.flickr.com\/photos\/kultursidan\/sets\/72157652012903469\/show\/\" target=\"_blank\">H\u00c4R<\/a><\/em><br \/>\n<object width=\"400\" height=\"300\"><param name=\"flashvars\" value=\"offsite=true&amp;lang=en-us&amp;page_show_url=%2Fphotos%2Fkultursidan%2Fsets%2F72157652012903469%2Fshow%2F&amp;page_show_back_url=%2Fphotos%2Fkultursidan%2Fsets%2F72157652012903469%2F&amp;set_id=72157652012903469&amp;jump_to=\" \/><param name=\"movie\" value=\"https:\/\/www.flickr.com\/apps\/slideshow\/show.swf?v=1811922554\" \/><param name=\"allowFullScreen\" value=\"true\" \/><\/object><\/p>\n<blockquote>\n<h3><em>KONSTBOK<br \/>\n<\/em><\/h3>\n<p><em><strong>SKVATT<\/strong><\/em><br \/>\n<em> Stefan Teleman<\/em><br \/>\nEget f\u00f6rlag 2015<\/p>\n<h3><em>POPSI Norrk\u00f6ping<\/em><\/h3>\n<p>4 \u2013 8 maj 2015<em><br \/>\n<strong>Utst\u00e4llning \u2013 SKVATT<\/strong><\/em><br \/>\n<em> Stefan Teleman<\/em><br \/>\n<em> Teckningar<\/em><\/p>\n<h3><em>ANTIKVARIATET Norrk\u00f6ping<\/em><\/h3>\n<p>Torsdag 7 maj kl 19<br \/>\n<em> <strong>Bokrelease \u2013 SKVATT<\/strong><\/em><br \/>\n<em> Stefan Teleman<\/em><\/p>\n<p style=\"padding-left: 30px;\"><em>Carina Milde samtalar<\/em><br \/>\n<em> Boa Pettersson spelar basklarinett<\/em><\/p>\n<\/blockquote>\n<p>L\u00c4NKAR<br \/>\nStefan Teleman <a href=\"http:\/\/www.stefanteleman.se\" target=\"_blank\">hemsida<\/a><br \/>\nStefan Teleman visar ett Skvatt p\u00e5 Popsi <a href=\"https:\/\/www.kultursidan.nu\/?p=19689\" target=\"_blank\">reportage<\/a> Kultursidan.nu 4\/5 2015<\/p>\n","protected":false},"excerpt":{"rendered":"<p>NORRK\u00d6PING Dubbeltydiga, ibland medvetet fula. Det enda man kan veta med s\u00e4kerhet om konstn\u00e4ren Stefan Teleman \u00e4r att man inte vet var man har honom. Sv\u00e5rplacerade teckningar skvatt in i en bok. Och tiden stannar. <a class=\"continue-reading-link\" href=\"https:\/\/www.kultursidan.nu\/?p=19733\">L\u00e4s mer <span class=\"meta-nav\">&rarr; <\/span><\/a><\/p>\n","protected":false},"author":1001006,"featured_media":0,"comment_status":"closed","ping_status":"open","sticky":false,"template":"","format":"standard","meta":{"_jetpack_memberships_contains_paid_content":false,"footnotes":""},"categories":[7],"tags":[14,16],"class_list":["post-19733","post","type-post","status-publish","format-standard","hentry","category-norrkoping","tag-konst","tag-litteratur"],"jetpack_featured_media_url":"","jetpack_sharing_enabled":true,"_links":{"self":[{"href":"https:\/\/www.kultursidan.nu\/index.php?rest_route=\/wp\/v2\/posts\/19733","targetHints":{"allow":["GET"]}}],"collection":[{"href":"https:\/\/www.kultursidan.nu\/index.php?rest_route=\/wp\/v2\/posts"}],"about":[{"href":"https:\/\/www.kultursidan.nu\/index.php?rest_route=\/wp\/v2\/types\/post"}],"author":[{"embeddable":true,"href":"https:\/\/www.kultursidan.nu\/index.php?rest_route=\/wp\/v2\/users\/1001006"}],"replies":[{"embeddable":true,"href":"https:\/\/www.kultursidan.nu\/index.php?rest_route=%2Fwp%2Fv2%2Fcomments&post=19733"}],"version-history":[{"count":0,"href":"https:\/\/www.kultursidan.nu\/index.php?rest_route=\/wp\/v2\/posts\/19733\/revisions"}],"wp:attachment":[{"href":"https:\/\/www.kultursidan.nu\/index.php?rest_route=%2Fwp%2Fv2%2Fmedia&parent=19733"}],"wp:term":[{"taxonomy":"category","embeddable":true,"href":"https:\/\/www.kultursidan.nu\/index.php?rest_route=%2Fwp%2Fv2%2Fcategories&post=19733"},{"taxonomy":"post_tag","embeddable":true,"href":"https:\/\/www.kultursidan.nu\/index.php?rest_route=%2Fwp%2Fv2%2Ftags&post=19733"}],"curies":[{"name":"wp","href":"https:\/\/api.w.org\/{rel}","templated":true}]}}