{"id":19834,"date":"2015-05-17T17:02:11","date_gmt":"2015-05-17T16:02:11","guid":{"rendered":"https:\/\/intelligent-friend-7861.standoutwp.com\/?p=19834"},"modified":"2015-05-17T17:02:11","modified_gmt":"2015-05-17T16:02:11","slug":"dags-for-allsang-pa-skan-stromsholmen","status":"publish","type":"post","link":"https:\/\/www.kultursidan.nu\/?p=19834","title":{"rendered":"Dags f\u00f6r Alls\u00e5ng p\u00e5 Skan\u2026 Str\u00f6msholmen"},"content":{"rendered":"<p><a href=\"https:\/\/www.kultursidan.nu\/wp-content\/uploads\/2015\/05\/IMG_5893.jpg\"><img loading=\"lazy\" decoding=\"async\" class=\"alignnone size-medium wp-image-19835\" src=\"https:\/\/www.kultursidan.nu\/wp-content\/uploads\/2015\/05\/IMG_5893-567x378.jpg\" alt=\"Jippiii! Nu blir det Alls\u00e5ng p\u00e5 Str\u00f6msholmen.\" width=\"567\" height=\"378\" srcset=\"https:\/\/www.kultursidan.nu\/wp-content\/uploads\/2015\/05\/IMG_5893-567x378.jpg 567w, https:\/\/www.kultursidan.nu\/wp-content\/uploads\/2015\/05\/IMG_5893-1024x682.jpg 1024w, https:\/\/www.kultursidan.nu\/wp-content\/uploads\/2015\/05\/IMG_5893-500x333.jpg 500w, https:\/\/www.kultursidan.nu\/wp-content\/uploads\/2015\/05\/IMG_5893-150x100.jpg 150w, https:\/\/www.kultursidan.nu\/wp-content\/uploads\/2015\/05\/IMG_5893.jpg 1280w\" sizes=\"auto, (max-width: 567px) 100vw, 567px\" \/><\/a><br \/>\n<em>Jippiii! Nu blir det Alls\u00e5ng p\u00e5 Str\u00f6msholmen. Anders Johansson p\u00e5 Flying Theatre Sweden sl\u00e5r p\u00e5 stort.<\/em><\/p>\n<p>&nbsp;<\/p>\n<h1><span style=\"color: #ff0000;\">Artisterna ska kunna se ut \u00f6ver vattnet<\/span><\/h1>\n<p>&nbsp;<\/p>\n<p><strong>\u201dSn\u00e5lar man in s\u00e5 blir det inte bra.\u201d <\/strong>Efter en lyckad s\u00e4song med mordg\u00e5tor p\u00e5 Elite Grand Hotel sl\u00e5r Flying Theatre Swedens Anders Johansson p\u00e5 stort. Han fyller Str\u00f6msholmen med n\u00e5got som starkt p\u00e5minner om <em>Alls\u00e5ng p\u00e5 Skansen<\/em>. Men kryddar lite extra, ut\u00f6ver husband, artister av nationell klass och lokala f\u00f6rm\u00e5gor, lockar han med st\u00e5 uppkomiker. Och en konstn\u00e4r.<\/p>\n<p><strong>Fr\u00e5n vinterns <em>Mordg\u00e5tan p\u00e5 Grand Hotell<\/em> till <em>Alls\u00e5ng p\u00e5 Str\u00f6msholmen<\/em>.<\/strong> Det kanske kr\u00e4vs en Anders Johansson till det, en man med dj\u00e4rva id\u00e9er, handlingskraft och ovanp\u00e5 detta en hel del tur. F\u00f6r vem b\u00f6rjar grunna p\u00e5 om han ska hyra eller investera n\u00e5gra 100.000 kronor p\u00e5 en rej\u00e4l utescen n\u00e4r han en dag senare hittar den perfekta scenen p\u00e5 Blocket: 14 meter bred, 7 meter djup och 6 meter h\u00f6g. Anders Johansson slog till direkt och \u00c5m\u00e5ls kommun blev 50.000 kronor rikare. Historien om de 3.000 stolarna \u00e4r inte s\u00e4mre den.<\/p>\n<p>&nbsp;<\/p>\n<p><a title=\"S\u00e5 h\u00e4r t\u00e4nker sig Lennart Moberg att det ska bli i sommar. by Lotta Sandelin, on Flickr\" href=\"https:\/\/www.flickr.com\/photos\/kultursidan\/17749689596\"><img loading=\"lazy\" decoding=\"async\" src=\"https:\/\/c1.staticflickr.com\/9\/8852\/17749689596_72dab22cdc.jpg\" alt=\"S\u00e5 h\u00e4r t\u00e4nker sig Lennart Moberg att det ska bli i sommar.\" width=\"400\" height=\"282\" \/><\/a><br \/>\n<em>S\u00e5 h\u00e4r kan det se ut p\u00e5 Str\u00f6msholmen i sommar. Utomhusk\u00e4nslan \u00e4r viktig men beh\u00f6vs det s\u00e5 finns skydd mot v\u00e4der och vind.<\/em><\/p>\n<p><em>\u00a0<\/em><\/p>\n<p><strong>3.000 stolar p\u00e5 Str\u00f6msholmen?<\/strong> Jo, det \u00e4r utr\u00e4knat att en s\u00e5 stor publik f\u00e5r plats, dessutom tillkommer st\u00e5platser vid behov. Anders Johansson tror och hoppas att det kan beh\u00f6vas.<\/p>\n<p>\u2013 Visst kan man g\u00f6ra det h\u00e4r p\u00e5 lokalniv\u00e5 men vi l\u00e4gger 70.000 kronor p\u00e5 en stor artist som sjunger tv\u00e5 l\u00e5tar och en alls\u00e5ng. Drar artisten 1.000 personer s\u00e5 g\u00e5r vi runt, kommer det 2.000 \u2013 2.500 personer s\u00e5 \u00e4r jag glad.<\/p>\n<p>Alls\u00e5ngen direkts\u00e4nds i 24nt, 24corren och i kanske fler NTM-knutna kanaler, n\u00e5got som lockar sponsorer. Anders Johansson blir programledare med s\u00e5ngerskan och programledaren \u00c5sa Sj\u00f6berg vid sin sida. Medan tv-programmet blir en timme l\u00e5ngt blir verkligheten gener\u00f6sare med en halvtimmes uppv\u00e4rmning f\u00f6re och ytterligare 30 minuters program efter att tv-kamerorna sl\u00e4ckts.<\/p>\n<p><strong>Med sikte p\u00e5 Skansenf\u00f6rlagan blir det idel \u00e4del artistadel som ska locka en bred publik.<\/strong> Vid premi\u00e4ren 3 juni st\u00e5r Caroline af Ugglas, Tommy Nilsson och Sara Vargas p\u00e5 scenen. Men det \u00e4r bara b\u00f6rjan p\u00e5 en artistsommar som Str\u00f6msholmen aldrig varit med om.<\/p>\n<p>\u2013 Jag har t\u00e4nkt att det ska vara ett f\u00f6nster p\u00e5 scenen s\u00e5 att artisterna kan se ut \u00f6ver vattnet. De ska tycka att det \u00e4r fint och roligt h\u00e4r, vilja komma tillbaka.<\/p>\n<p>Husbandet, lett av Michael Lindholm som ocks\u00e5 \u00e4r kapellm\u00e4stare i Borensberg, backar upp.<\/p>\n<p><strong>\u2013 Har vi ett s\u00e5 fint f\u00f6rsta startf\u00e4lt och sedan sn\u00e5lar in s\u00e5 blir det inte bra, forts\u00e4tter Anders Johansson. <\/strong>D\u00e4rf\u00f6r f\u00f6ljer han upp med Jan Johansen, Janne Schaffer, Electric Banana Band Trio, Noice Forever. Flera av artisterna har sina r\u00f6tter h\u00e4r, som Bruno Mitsogiannis, Melanie Taylor, Robert Haglund, Amy Diamond och Stefan Wikstr\u00f6m. Plus st\u00e5 upp-komiker, hittills har han sl\u00e4ppt namnet p\u00e5 norrl\u00e4nningen Janne Lindskog. Varje kv\u00e4ll tillkommer \u00e4ven lokala f\u00f6rm\u00e5gor.<\/p>\n<p>Hur var det d\u00e5 med konstn\u00e4ren? Jo, Lennart Moberg kommer att rita ett portr\u00e4tt av en av artisterna, som n\u00e4r kv\u00e4llen \u00e4r slut f\u00e5r konstverket \u201dramat och klart\u201d.<\/p>\n<p>\u2013 Jag vill absolut ge Lasse \u00c5berg det som min g\u00e5va till honom n\u00e4r Electric Banana Band Trio kommer.<\/p>\n<p>&nbsp;<\/p>\n<p><a title=\"Sara Varga by Lotta Sandelin, on Flickr\" href=\"https:\/\/www.flickr.com\/photos\/kultursidan\/17774110335\"><img loading=\"lazy\" decoding=\"async\" src=\"https:\/\/c1.staticflickr.com\/9\/8734\/17774110335_90d4339314.jpg\" alt=\"Sara Varga\" width=\"266\" height=\"400\" \/><\/a><br \/>\n<em>Sara Varga kommer till Str\u00f6msholmen 3 juni.<\/em><\/p>\n<p>&nbsp;<\/p>\n<p><strong>F\u00f6r att ro iland ett s\u00e5dant h\u00e4r stort projekt kr\u00e4vs mer \u00e4n goda id\u00e9er.<\/strong> Till att b\u00f6rja med envishet, det tog Anders Johansson flera omg\u00e5ngar med ans\u00f6kningshandlingar innan han f\u00e5tt alla tillst\u00e5nd fr\u00e5n polisen, r\u00e4ddningstj\u00e4nsten och kommunen. Restaurangverksamheten st\u00e5r Nordrama (Studio Skandia) f\u00f6r. Viktigast \u00e4r \u00e4nd\u00e5 en erfaren artistbokare med goda kontakter.<\/p>\n<p>\u2013 Jag hade kontakt med M\u00e5ns Zelmerl\u00f6v, men s\u00e5 gick han och vann Melodifestivalen, suckar Anders Johansson som \u00e4ven st\u00f6tt p\u00e5 patrull med artister som knutits till Br\u00e5vallafestivalen och d\u00e4rmed inte f\u00e5r upptr\u00e4da i Norrk\u00f6ping under 2015.<\/p>\n<p>Vid sidan av alls\u00e5ngskv\u00e4llarna satsar han \u00e4ven p\u00e5 reggaekv\u00e4ll, rockkv\u00e4ll och dansbandskv\u00e4ll. Han vill \u00e4ven f\u00e5 ig\u00e5ng barnverksamhet p\u00e5 Str\u00f6msholmen, med b\u00e5de pyssel och barnteater, i sommar.<\/p>\n<p><strong>Sedan Chopp Event l\u00e4mnade Str\u00f6msholmen efter sitt strandhugg sommaren 2013 har gr\u00e4set v\u00e4xt.<\/strong> Tre \u00f6verblommade rabatter slokar modf\u00e4llt och Anders Johansson \u00f6nskar att kommunen b\u00e4ttre sk\u00f6tte om det han sj\u00e4lv ser som en p\u00e4rla.<\/p>\n<p>\u2013 Jag \u00e4lskar Str\u00f6msholmen. Jag gick h\u00e4r i vintras n\u00e4r jag h\u00f6ll p\u00e5 med mordg\u00e5tan p\u00e5 Grand Hotell och beh\u00f6vde koppla av. D\u00e5 t\u00e4nkte jag att h\u00e4r finns ingenting p\u00e5 \u00f6n som gestaltar dess potential.<\/p>\n<p>\u2013 H\u00e4r skulle finnas saker f\u00f6r barn att g\u00f6ra \u00e4ven p\u00e5 vintern, en bar som serverar varm choklad till barnen och en \u00f6l till vuxna.<\/p>\n<p><em>Text: Ann-Charlotte Sandelin<br \/>\nFoto: Ann-Charlotte Sandelin, Lennart Moberg, Mikael Johansson, Patrick Saxe, Sven \u00c5ke Molund, Pernilla Andersson m fl<\/em><\/p>\n<p>BILDSPEL (FLASH) \u2013 KLICKA P\u00c5 BILDEN <em><br \/>\nALT\/MOBIL: SE BILDSPELET <a title=\"Bildspel\" href=\"https:\/\/www.flickr.com\/photos\/kultursidan\/sets\/72157652984689545\/show\/\" target=\"_blank\">H\u00c4R<\/a><\/em><br \/>\n<object width=\"400\" height=\"300\"><param name=\"flashvars\" value=\"offsite=true&amp;lang=en-us&amp;page_show_url=%2Fphotos%2Fkultursidan%2Fsets%2F72157652984689545%2Fshow%2F&amp;page_show_back_url=%2Fphotos%2Fkultursidan%2Fsets%2F72157652984689545%2F&amp;set_id=72157652984689545&amp;jump_to=\" \/><param name=\"movie\" value=\"https:\/\/www.flickr.com\/apps\/slideshow\/show.swf?v=1811922554\" \/><param name=\"allowFullScreen\" value=\"true\" \/><\/object><\/p>\n<blockquote>\n<h3><em>STR\u00d6MSHOLMEN Norrk\u00f6ping<\/em><\/h3>\n<p>Onsdagar 3 juni \u2013 12 augusti 2015 kl 19<em><br \/>\n<strong>Alls\u00e5ng p\u00e5 Str\u00f6msholmen<\/strong><\/em><br \/>\n<em> Prod: Flying Theatre Sweden AB<\/em><\/p><\/blockquote>\n<p>L\u00c4NKAR<br \/>\nFlying Theatre Sweden <a href=\"http:\/\/www.theatre.n.nu\" target=\"_blank\">hemsida<\/a> <a href=\"https:\/\/www.facebook.com\/upplevteater?fref=ts\" target=\"_blank\">Facebook<\/a><\/p>\n","protected":false},"excerpt":{"rendered":"<p>NORRK\u00d6PING \u201dSn\u00e5lar man in s\u00e5 blir det inte bra.\u201d Efter mordg\u00e5tor p\u00e5 hotell sl\u00e5r Flying Theatre Swedens Anders Johansson p\u00e5 stort. Han fyller Str\u00f6msholmen med n\u00e5got som p\u00e5minner om Alls\u00e5ng p\u00e5 Skansen. Men kryddar lite extra. <a class=\"continue-reading-link\" href=\"https:\/\/www.kultursidan.nu\/?p=19834\">L\u00e4s mer <span class=\"meta-nav\">&rarr; <\/span><\/a><\/p>\n","protected":false},"author":1001006,"featured_media":0,"comment_status":"closed","ping_status":"open","sticky":false,"template":"","format":"standard","meta":{"_jetpack_memberships_contains_paid_content":false,"footnotes":""},"categories":[7],"tags":[13],"class_list":["post-19834","post","type-post","status-publish","format-standard","hentry","category-norrkoping","tag-musik"],"jetpack_featured_media_url":"","jetpack_sharing_enabled":true,"_links":{"self":[{"href":"https:\/\/www.kultursidan.nu\/index.php?rest_route=\/wp\/v2\/posts\/19834","targetHints":{"allow":["GET"]}}],"collection":[{"href":"https:\/\/www.kultursidan.nu\/index.php?rest_route=\/wp\/v2\/posts"}],"about":[{"href":"https:\/\/www.kultursidan.nu\/index.php?rest_route=\/wp\/v2\/types\/post"}],"author":[{"embeddable":true,"href":"https:\/\/www.kultursidan.nu\/index.php?rest_route=\/wp\/v2\/users\/1001006"}],"replies":[{"embeddable":true,"href":"https:\/\/www.kultursidan.nu\/index.php?rest_route=%2Fwp%2Fv2%2Fcomments&post=19834"}],"version-history":[{"count":0,"href":"https:\/\/www.kultursidan.nu\/index.php?rest_route=\/wp\/v2\/posts\/19834\/revisions"}],"wp:attachment":[{"href":"https:\/\/www.kultursidan.nu\/index.php?rest_route=%2Fwp%2Fv2%2Fmedia&parent=19834"}],"wp:term":[{"taxonomy":"category","embeddable":true,"href":"https:\/\/www.kultursidan.nu\/index.php?rest_route=%2Fwp%2Fv2%2Fcategories&post=19834"},{"taxonomy":"post_tag","embeddable":true,"href":"https:\/\/www.kultursidan.nu\/index.php?rest_route=%2Fwp%2Fv2%2Ftags&post=19834"}],"curies":[{"name":"wp","href":"https:\/\/api.w.org\/{rel}","templated":true}]}}