{"id":19848,"date":"2015-05-18T21:33:32","date_gmt":"2015-05-18T20:33:32","guid":{"rendered":"https:\/\/intelligent-friend-7861.standoutwp.com\/?p=19848"},"modified":"2015-05-19T11:15:20","modified_gmt":"2015-05-19T10:15:20","slug":"kompositorerna-tar-sig-ton-med-festival","status":"publish","type":"post","link":"https:\/\/www.kultursidan.nu\/?p=19848","title":{"rendered":"Komposit\u00f6rerna tar sig ton med festival"},"content":{"rendered":"<p><a href=\"https:\/\/www.kultursidan.nu\/wp-content\/uploads\/2015\/05\/ljud5.jpg\"><img loading=\"lazy\" decoding=\"async\" class=\"alignnone size-medium wp-image-19849\" src=\"https:\/\/www.kultursidan.nu\/wp-content\/uploads\/2015\/05\/ljud5-567x330.jpg\" alt=\"Presstr\u00e4ff\" width=\"567\" height=\"330\" srcset=\"https:\/\/www.kultursidan.nu\/wp-content\/uploads\/2015\/05\/ljud5-567x330.jpg 567w, https:\/\/www.kultursidan.nu\/wp-content\/uploads\/2015\/05\/ljud5-1024x596.jpg 1024w, https:\/\/www.kultursidan.nu\/wp-content\/uploads\/2015\/05\/ljud5-150x87.jpg 150w, https:\/\/www.kultursidan.nu\/wp-content\/uploads\/2015\/05\/ljud5.jpg 1280w\" sizes=\"auto, (max-width: 567px) 100vw, 567px\" \/><br \/>\n<\/a><em>Presstr\u00e4ff. Initiativtagaren Peter Lindroth, tons\u00e4ttare, tillsammans med Karin Veres, Bo Pettersson, David Sw\u00e4rd, Eva Sid\u00e9n och Bengt-G\u00f6ran Sk\u00f6ld.<\/em><\/p>\n<p>&nbsp;<\/p>\n<h1><span style=\"color: #ff0000;\">\u2026och det \u00e4r gratis intr\u00e4de till allt<\/span><\/h1>\n<p>&nbsp;<\/p>\n<p><strong>Tons\u00e4ttarnas egen festival.<\/strong> N\u00e4sta vecka, 27 till 31 maj, arrangeras <em>Norrk\u00f6pingsljud<\/em> f\u00f6r f\u00f6rsta g\u00e5ngen. Fem dagar fylls med 22 konserter p\u00e5 12 scener. K\u00f6rmusik, kammarmusik, symfonisk musik, elektronisk musik. Mycket \u00e4r nyskrivet och det blir flera uruppf\u00f6randen. Och det \u00e4r gratis intr\u00e4de till allt.<\/p>\n<p>Det \u00e4r den mest tons\u00e4ttart\u00e4ta presskonferens som jag sett samlas i Trozelligalleriet i Louis De Geer: Peter Lindroth, Eva Sid\u00e9n, Bengt-G\u00f6ran Sk\u00f6ld och David Sw\u00e4rd. Alla med anknytning till Norrk\u00f6ping. H\u00e4r \u00e4r ocks\u00e5 Symfoniorkesterns Karin Veres tillsammans med basklarinettisten Bo Pettersson och pianisten Mats Jansson, som tycks ha fingrarna med i det mesta n\u00e4r det g\u00e4ller den nya festivalen.<\/p>\n<p><strong>\u2013 Norrk\u00f6ping \u00e4r b\u00e4sta festivalstaden. <\/strong>Det \u00e4r en vacker stad och det \u00e4r g\u00e5ngavst\u00e5nd mellan scenerna. Jag har haft det n\u00e5gonstans i bakhuvudet sedan <em>Nordiska musikdagarna<\/em> \u00e5r 2007, ber\u00e4ttar tons\u00e4ttaren Peter Lindroth.<\/p>\n<p>V\u00e4gen till <em>Norrk\u00f6pingsljud<\/em> startar n\u00e4mligen med att musik- och tons\u00e4ttarf\u00f6reningar i Stockholm g\u00e5r samman om festivalen <em>Sound of Stockholm<\/em>. \u00c5ret \u00e4r 2010 och Peter Lindroth \u00e4r en av de drivande krafterna. Den konstn\u00e4rsdrivna festivalen f\u00e5r stor genomslagskraft b\u00e5de publikm\u00e4ssigt och i medier. Den genomf\u00f6rs nu varje \u00e5r.<\/p>\n<p>\u2013 Jag och David Sw\u00e4rd tr\u00e4ffades vid Tons\u00e4ttaref\u00f6reningens julmiddag \u00e5r 2012. Vi pratade om Norrk\u00f6ping, min gamla hemstad, och om <em>Sound of Stockholm<\/em>. S\u00e5 tittade vi p\u00e5 varandra: Kan vi g\u00f6ra det i Norrk\u00f6ping ocks\u00e5?<\/p>\n<p>&nbsp;<\/p>\n<p><a title=\"Bengt-G\u00f6ran Sk\u00f6ld och Mats Jansson by Lotta Sandelin, on Flickr\" href=\"https:\/\/www.flickr.com\/photos\/kultursidan\/17827377665\"><img loading=\"lazy\" decoding=\"async\" src=\"https:\/\/c4.staticflickr.com\/8\/7798\/17827377665_3e72982429.jpg\" alt=\"Bengt-G\u00f6ran Sk\u00f6ld och Mats Jansson\" width=\"500\" height=\"362\" \/><\/a><br \/>\n<em> Bengt-G\u00f6ran Sk\u00f6lds musik kommer fr\u00e4mst att h\u00f6ras i Immanuelskyrkan medan Mats Jansson spelar n\u00e4stan \u00f6verallt.<\/em><\/p>\n<p>&nbsp;<\/p>\n<p><strong>Allt \u00e4r inte farbror Nisses f\u00f6rtj\u00e4nst, men Mats Jansson vill framh\u00e5lla Nils Eriksson som var en dominerande musikprofil i Norrk\u00f6ping.<\/strong> Organisten i Matteus skrev \u00e4ven musik, hoppade in som pianist i Symfoniorkestern och gav pianolektioner.<\/p>\n<p>\u2013 Det \u00e4r flera av Norrk\u00f6pings tons\u00e4ttare som varit elever till farbror Nisse, s\u00e4ger pianisten Mats Jansson. Jag b\u00f6rjade spela piano f\u00f6r honom n\u00e4r jag var tio \u00e5r, ganska sent. Det var inte bara det tekniska med fingrarna utan han pratade om musik och harmonier. Jag fick anteckningsblad varje om det jag gjort och vad jag borde jobba vidare med.<\/p>\n<p>P\u00e5 programmet st\u00e5r en tr\u00e4bl\u00e5sarkvartett och ett scherzo skrivna av Nils Eriksson.<\/p>\n<p><strong>Tonvikten l\u00e4ggs p\u00e5 samtida musik, en hel del nyskrivet och n\u00e5gra uruppf\u00f6randen.\u00a0<\/strong>P\u00e5 programmet st\u00e5r tre k\u00f6rkonserter, bland annat med verk av Bengt-G\u00f6ran Sk\u00f6ld, Molly Teleman och David Sw\u00e4rd.<\/p>\n<p>B\u00e5de Norrk\u00f6pings symfoniorkester och \u00d6stg\u00f6ta bl\u00e5sarsymfoniker ger stora konserter. Dessutom blir det tre orgelkonserter, tv\u00e5 pianokonserter, en stor kammarkonsert och flera mindre konserter med musik av olika karakt\u00e4r.\u00a0 De Geergymnasiet och Kulturskolan bidrar med unga musiker.<\/p>\n<p><strong>\u00c4ldre \u00e4n 1900-talsmusik blir det inte.<\/strong> \u00c4ldst blir kanske den som Mats Jansson hittat r\u00e4tt piano till, byggt av Gustafsson &amp; Ljunggvist i Norrk\u00f6ping \u00e5r 1911,\u201df\u00f6rv\u00e5nande hur bra det klingar\u201d. Det kommer han att traktera p\u00e5 Antikvariatet under ett program som bland annat handlar om musikfamiljen Freudenthal.<\/p>\n<p>Festivalen blir mer \u00e4n konserter. Konstmuseet satsar p\u00e5 tons\u00e4ttarpresentationer tidigt p\u00e5 f\u00f6rmiddagarna medan det blir \u201dScen kv\u00e4ll\u201d p\u00e5 Konditori Broadway.<\/p>\n<p>&nbsp;<\/p>\n<p><a title=\"Karin Veres, Eva Sid\u00e9n, Bo Pettersson by Lotta Sandelin, on Flickr\" href=\"https:\/\/www.flickr.com\/photos\/kultursidan\/17827381735\"><img loading=\"lazy\" decoding=\"async\" src=\"https:\/\/c2.staticflickr.com\/6\/5349\/17827381735_7757f5e106.jpg\" alt=\"Karin Veres, Eva Sid\u00e9n, Bo Pettersson\" width=\"500\" height=\"322\" \/><\/a><br \/>\n<em> Eva Sid\u00e9n spelar in ljud som hon anv\u00e4nder n\u00e4r hon komponerar.<\/em><\/p>\n<p>&nbsp;<\/p>\n<p><strong>\u2013 Det \u00e4r n\u00e5got romantiskt \u00f6ver Norrk\u00f6ping.<\/strong> Det \u00e4r vackert och lite skitigt, en intressant kombination, s\u00e4ger Eva Sid\u00e9n, som b\u00e5de framtr\u00e4der som pianist och komposit\u00f6r (elektroniskt och akustiskt).<\/p>\n<p>Eva Sid\u00e9n genomf\u00f6r en workshop tillsammans med ljudstudenter fr\u00e5n universitetet och elever p\u00e5 De Geergymnasiet. Tillsammans med Peter Lindroth genomf\u00f6r hon \u00e4ven ett kompositionsprojekt med elever p\u00e5 Hagaskolan.<\/p>\n<p><strong>F\u00f6rhoppningen \u00e4r att Norrk\u00f6pingsljud ska h\u00f6ras fler g\u00e5nger, g\u00e4rna vartannat \u00e5r.<\/strong><\/p>\n<p>\u2013 Jag skulle vilja anv\u00e4nda V\u00e4rmekyrkan, men det f\u00e5r bli en annan g\u00e5ng, s\u00e4ger Peter Lindroth.<\/p>\n<p><em>Text: Ann-Charlotte Sandelin<br \/>\nFoto: Michael Strandhed<\/em><\/p>\n<p>BILDSPEL (FLASH) \u2013 KLICKA P\u00c5 BILDEN <em><br \/>\nALT\/MOBIL: SE BILDSPELET <a title=\"Bildspel\" href=\"https:\/\/www.flickr.com\/photos\/kultursidan\/sets\/72157653052710991\/show\/\" target=\"_blank\">H\u00c4R<\/a><\/em><br \/>\n<object width=\"400\" height=\"300\"><param name=\"flashvars\" value=\"offsite=true&amp;lang=en-us&amp;page_show_url=%2Fphotos%2Fkultursidan%2Fsets%2F72157653052710991%2Fshow%2F&amp;page_show_back_url=%2Fphotos%2Fkultursidan%2Fsets%2F72157653052710991%2F&amp;set_id=72157653052710991&amp;jump_to=\" \/><param name=\"movie\" value=\"https:\/\/www.flickr.com\/apps\/slideshow\/show.swf?v=1811922554\" \/><param name=\"allowFullScreen\" value=\"true\" \/><\/object><\/p>\n<blockquote>\n<h3><em>NORRK\u00d6PINGSLJUD Norrk\u00f6ping<\/em><\/h3>\n<p>27 \u2013 31 maj 2015<em><br \/>\n<strong>Musikfestival<\/strong><\/em><br \/>\n<em> Huvudarr: F\u00f6reningen Norrk\u00f6pingsljud<\/em><br \/>\n<em> 22 konserter<\/em><br \/>\n<em> 12 scener<\/em><\/p>\n<p style=\"padding-left: 30px;\"><em>TONS\u00c4TTARE<\/em><br \/>\n<em>Lars-\u00c5ke Franke-Blom<\/em><br \/>\n<em>Peter Lindroth<\/em><br \/>\n<em>Eva Sid\u00e9n<\/em><br \/>\n<em>Bengt-G\u00f6ran Sk\u00f6ld<\/em><br \/>\n<em>David Sw\u00e4rd<\/em><br \/>\n<em>Molly Teleman<\/em><br \/>\n<em>Gunnar Valkare<\/em><\/p>\n<p style=\"padding-left: 30px;\"><em>SCENER<br \/>\nDe Geerhallen<\/em><br \/>\n<em> Nork\u00f6pings Konstmuseum<\/em><br \/>\n<em> S:t Olai kyrka<\/em><br \/>\n<em> Antikvariatet<\/em><br \/>\n<em> Visualiseringscenter C <\/em><br \/>\n<em> Hedvigs kyrka <\/em><br \/>\n<em> Konditori Broadway <\/em><br \/>\n<em> Matteus Kyrka<\/em><br \/>\n<em> De Geergymnasiet <\/em><br \/>\n<em> Crescendo <\/em><br \/>\n<em> Immanuelskyrkan <\/em><br \/>\n<em> Kulturskolan<\/em><\/p>\n<\/blockquote>\n<p>L\u00c4NKAR<br \/>\nNorrk\u00f6pingsljud <a href=\"https:\/\/norrkopingsljud.wordpress.com\" target=\"_blank\">hemsida<\/a> <a href=\"https:\/\/norrkopingsljud.files.wordpress.com\/2015\/05\/norrkopingsljud_programkarta27-31maj2015.pdf\" target=\"_blank\">program<\/a> <a href=\"https:\/\/www.facebook.com\/norrkopingsljud?fref=ts\" target=\"_blank\">Facebook<\/a> <a href=\"https:\/\/www.facebook.com\/events\/1277901092267676\/\" target=\"_blank\">FB-evenemang <\/a><\/p>\n","protected":false},"excerpt":{"rendered":"<p>NORRK\u00d6PING Tons\u00e4ttarnas egen festival. N\u00e4sta vecka, 27 till 31 maj, arrangeras Norrk\u00f6pingsljud f\u00f6r f\u00f6rsta g\u00e5ngen. Fem dagar fylls med 22 konserter p\u00e5 12 scener. K\u00f6rmusik, kammarmusik, symfonisk musik, elektronisk musik. Flera uruppf\u00f6randen. <a class=\"continue-reading-link\" href=\"https:\/\/www.kultursidan.nu\/?p=19848\">L\u00e4s mer <span class=\"meta-nav\">&rarr; <\/span><\/a><\/p>\n","protected":false},"author":1001006,"featured_media":0,"comment_status":"closed","ping_status":"open","sticky":false,"template":"","format":"standard","meta":{"_jetpack_memberships_contains_paid_content":false,"footnotes":""},"categories":[7],"tags":[29,13],"class_list":["post-19848","post","type-post","status-publish","format-standard","hentry","category-norrkoping","tag-festival","tag-musik"],"jetpack_featured_media_url":"","jetpack_sharing_enabled":true,"_links":{"self":[{"href":"https:\/\/www.kultursidan.nu\/index.php?rest_route=\/wp\/v2\/posts\/19848","targetHints":{"allow":["GET"]}}],"collection":[{"href":"https:\/\/www.kultursidan.nu\/index.php?rest_route=\/wp\/v2\/posts"}],"about":[{"href":"https:\/\/www.kultursidan.nu\/index.php?rest_route=\/wp\/v2\/types\/post"}],"author":[{"embeddable":true,"href":"https:\/\/www.kultursidan.nu\/index.php?rest_route=\/wp\/v2\/users\/1001006"}],"replies":[{"embeddable":true,"href":"https:\/\/www.kultursidan.nu\/index.php?rest_route=%2Fwp%2Fv2%2Fcomments&post=19848"}],"version-history":[{"count":0,"href":"https:\/\/www.kultursidan.nu\/index.php?rest_route=\/wp\/v2\/posts\/19848\/revisions"}],"wp:attachment":[{"href":"https:\/\/www.kultursidan.nu\/index.php?rest_route=%2Fwp%2Fv2%2Fmedia&parent=19848"}],"wp:term":[{"taxonomy":"category","embeddable":true,"href":"https:\/\/www.kultursidan.nu\/index.php?rest_route=%2Fwp%2Fv2%2Fcategories&post=19848"},{"taxonomy":"post_tag","embeddable":true,"href":"https:\/\/www.kultursidan.nu\/index.php?rest_route=%2Fwp%2Fv2%2Ftags&post=19848"}],"curies":[{"name":"wp","href":"https:\/\/api.w.org\/{rel}","templated":true}]}}