{"id":19950,"date":"2015-05-28T21:29:22","date_gmt":"2015-05-28T20:29:22","guid":{"rendered":"https:\/\/intelligent-friend-7861.standoutwp.com\/?p=19950"},"modified":"2015-05-31T11:59:47","modified_gmt":"2015-05-31T10:59:47","slug":"norrkopingsljud-oppnade-med-nya-verk","status":"publish","type":"post","link":"https:\/\/www.kultursidan.nu\/?p=19950","title":{"rendered":"Norrk\u00f6pingsljud \u00f6ppnade med nya verk (recension)"},"content":{"rendered":"<p><a href=\"https:\/\/www.kultursidan.nu\/wp-content\/uploads\/2015\/05\/3-B-G-Skld-\u2013-Poem.jpg\"><img loading=\"lazy\" decoding=\"async\" class=\"alignnone size-medium wp-image-19951\" src=\"https:\/\/www.kultursidan.nu\/wp-content\/uploads\/2015\/05\/3-B-G-Skld-\u2013-Poem-567x378.jpg\" alt=\"B-G Sk\u00f6ld \u2013 Poem\" width=\"567\" height=\"378\" srcset=\"https:\/\/www.kultursidan.nu\/wp-content\/uploads\/2015\/05\/3-B-G-Skld-\u2013-Poem-567x378.jpg 567w, https:\/\/www.kultursidan.nu\/wp-content\/uploads\/2015\/05\/3-B-G-Skld-\u2013-Poem-1024x682.jpg 1024w, https:\/\/www.kultursidan.nu\/wp-content\/uploads\/2015\/05\/3-B-G-Skld-\u2013-Poem-500x333.jpg 500w, https:\/\/www.kultursidan.nu\/wp-content\/uploads\/2015\/05\/3-B-G-Skld-\u2013-Poem-150x100.jpg 150w, https:\/\/www.kultursidan.nu\/wp-content\/uploads\/2015\/05\/3-B-G-Skld-\u2013-Poem.jpg 1280w\" sizes=\"auto, (max-width: 567px) 100vw, 567px\" \/><\/a><br \/>\n<em>Pizzicato. Fingerkn\u00e4ppande parti i Bengt-G\u00f6ran Sk\u00f6lds Poem som uruppf\u00f6rdes vid Norrk\u00f6pings \u00d6ppningskonsert p\u00e5 torsdagen.<\/em><\/p>\n<p>&nbsp;<\/p>\n<h1><span style=\"color: #ff0000;\">\u201dOrkestern gjorde ett fantastiskt jobb\u201d<\/span><\/h1>\n<p>&nbsp;<\/p>\n<p><strong>Tre uruppf\u00f6randen. Tre andrag\u00e5ngsuppf\u00f6randen.<\/strong> Det sistn\u00e4mnda \u00e4r mer ovanligt \u00e4n det f\u00f6rstn\u00e4mnda. Sex livs levande tons\u00e4ttare satt glatt p\u00e5 rad tillsammans i De Geerhallen och nj\u00f6t av att f\u00e5 h\u00f6ra sina verk spelas i den nya musikfestivalen <em>Norrk\u00f6pingsljud<\/em>.<\/p>\n<p><strong>T\u00e4nk att det blivit verklighet det d\u00e4r som tons\u00e4ttarna Peter Lindroth, Norrk\u00f6pingsson, och David Sw\u00e4rd, inflyttad Norrk\u00f6pingsbo,<\/strong> pratade om efter Sound of Stockholm, huvudstadens tons\u00e4ttarfestival. D\u00e5 Peter lutat sig fram mot David och fr\u00e5gat: \u201dKan vi inte g\u00f6ra det i Norrk\u00f6ping?\u201d<\/p>\n<p>\u2013 Hade jag varit med vid samtalet den julen d\u00e5 hade jag ropat JA! med en g\u00e5ng, sade Lars Stjernqvist och f\u00f6rklarade sig vara stolt kommunalr\u00e5d f\u00f6r musikhuvudstaden Norrk\u00f6ping.<\/p>\n<p>Kommunalr\u00e5det stod mellan Peter Lindroth och Symfoniorkesterns VD Karin Veres p\u00e5 scenkanten framf\u00f6r Norrk\u00f6pings symfoniorkester. Karin Veres h\u00e4lsade v\u00e4lkommen och snart h\u00f6rdes det f\u00f6rsta Norrk\u00f6pingsljudet.<\/p>\n<p>&nbsp;<\/p>\n<p><a title=\"5 Gunnar Valkare \u2013 Cammino by Lotta Sandelin, on Flickr\" href=\"https:\/\/www.flickr.com\/photos\/kultursidan\/18200478955\"><img loading=\"lazy\" decoding=\"async\" src=\"https:\/\/c1.staticflickr.com\/9\/8871\/18200478955_870120261a.jpg\" alt=\"5 Gunnar Valkare \u2013 Cammino\" width=\"400\" height=\"267\" \/><\/a><br \/>\n<em> Fl\u00f6jtens snabba h\u00f6ga, klarinettens l\u00e5ngsamma brummande, som finast i ett unisont parti.<\/em><\/p>\n<p>&nbsp;<\/p>\n<p><strong>Peter Lindroths <em>Five<\/em> har aldrig spelats offentligt tidigare trots att det \u00e4r skrivet 1998 och d\u00e4rmed konsertens n\u00e4st \u00e4ldsta verk.<\/strong> Kraftfulla anslag omv\u00e4xlande med ljust plingande. En spr\u00f6d melodi, s\u00f6kande, som lockar \u00f6ver allt fler instrument ur den tidigare s\u00e5 tunga orkestern.<\/p>\n<p>Dirigenten Michael Bartoschs taktslag \u00e4r pregnanta och tydliga. Det tunga anslaget, br\u00f6landet, l\u00e4gger sig i, \u00e5terkommer och avslutar.<\/p>\n<p>\u2013 Fantastiskt. Omtumlande, kommenterade Peter Lindroth efter\u00e5t. 17 \u00e5r \u00e4r en l\u00e5ng tid, jag jobbar inte alls s\u00e5 l\u00e4ngre. Men jag tyckte om stycket och orkestern gjorde ett fantastiskt jobb.<\/p>\n<p><strong>Naturlyrisk romantik pr\u00e4glar Bengt-G\u00f6ran Sk\u00f6lds <em>Poem<\/em>, skrivet 2012<\/strong> och till\u00e4gnat Symfoniorkestern och dess d\u00e5 nye chefdirigent Michael Francis, med ett \u00f6ga p\u00e5 en dikt av engelske poeten R L Stevenson. En melodi\u00f6s klarinett och mjuk puka lockar med sig fagott, str\u00e5kar, harpa. V\u00e5gor breder ut sig och f\u00e5ngar cello, violin, bleckbl\u00e5s, ja hela orkestern, med exotiska inslag som gong och fina basrytmer. Det g\u00e5r \u00f6ver i raskare tempo med fingerkn\u00e4ppande cellisters hj\u00e4lp. Som ett v\u00e5rregn. Och b\u00f6rjar om igen\u2026<\/p>\n<p><strong>Gunnar Valkares <em>Cammino<\/em>, konsert f\u00f6r fl\u00f6jt och basklarinett, h\u00e4r spelades endast f\u00f6rsta satsen, har ett dynamiskt tonspr\u00e5k.<\/strong> Orkesterns slagverkare hade fullt upp med dubbla xylofoner\/marimba. Fullt \u00f6s, granne med kakafoni men \u00e4nd\u00e5 inte, n\u00e4r fl\u00f6jten, solist var Tobias Carron, drillade in, s\u00e5 sm\u00e5ningom f\u00f6ljd av basklarinettens mjuka dova, trakterad av Bo Pettersson. D\u00e4r f\u00f6rl\u00f6stes de sk\u00f6na ljuden, f\u00f6rst ur en cello, sedan \u00f6ppnades hela orkestern.<\/p>\n<p>Fl\u00f6jtens snabba h\u00f6ga, klarinettens l\u00e5ngsamma brummande, som finast i ett unisont parti. Gunnar Valkare var m\u00e4rkbart r\u00f6rd efter\u00e5t. Att f\u00e5 h\u00f6ra sin musik. F\u00f6rra g\u00e5ngen, 2010, var det ocks\u00e5 Norrk\u00f6pings symfoniorkester som stod f\u00f6r fiolerna.<\/p>\n<p>&nbsp;<\/p>\n<p><a title=\"6 Eva Sid\u00e9n \u2013 Dreams and streams by Lotta Sandelin, on Flickr\" href=\"https:\/\/www.flickr.com\/photos\/kultursidan\/18012753950\"><img loading=\"lazy\" decoding=\"async\" src=\"https:\/\/c4.staticflickr.com\/8\/7752\/18012753950_95ba97bccd.jpg\" alt=\"6 Eva Sid\u00e9n \u2013 Dreams and streams\" width=\"400\" height=\"267\" \/><\/a><br \/>\n<em> Med fingrarna i klaveret. Kulturskolans elever var i h\u00f6gsta grad medskapande i Dreams and streams.<\/em><\/p>\n<p>&nbsp;<\/p>\n<p><strong>Efter pausen intog en ensemble fr\u00e5n Kulturskolan scenen: tv\u00e5 pianister, fyra str\u00e5kar och fyra fagotter tillsammans med slagverk.<\/strong> Eva Sid\u00e9ns pinf\u00e4rska <em>Dreams and streams<\/em> inkluderar \u00e4ven en f\u00f6rinspelad del, resultatet av en workshopserie med just Kulturskolans l\u00e4rare och elever.<\/p>\n<p>Konsertens mest experimentella stycke gav st\u00e4mningen av en intensivt regnig dag med inslag av insekter. Pianisterna slog an b\u00e5de tangenter och pianostr\u00e4ngar, violinisterna gned i h\u00f6ga l\u00e4gen. Fagotterna bl\u00e5ste vindpustar utan toner, tyv\u00e4rr h\u00f6rdes de d\u00e5ligt, kanske det var de som \u00e4ven ploppade. Stycket hade passat b\u00e4ttre i en mindre lokal, typ Crescendo, f\u00f6r b\u00e4ttre balans mellan de olika delarna.<\/p>\n<p><strong>Basstr\u00e5k f\u00f6r basstr\u00e5k v\u00e4xer Lars-\u00c5ke Franke-Bloms <em>Endymion<\/em> fram.<\/strong> Ljusa violiner s\u00f6kande i morgondimman. Ett v\u00e4xlande orkestersamtal som n\u00e5r en brusande intensitet med notkorta uppeh\u00e5ll och jazziga \u00f6vertoner. Innan det brusar vidare, f\u00f6rstr\u00f6tt snuddar andra stilarter och d\u00f6r ut. Fem sekunder av n\u00e4stan-tystnad. Tystnad.<\/p>\n<p>Stycket, kv\u00e4llens \u00e4ldsta d\u00e5 det \u00e4r skrivet 1997, blir min favorit. Ett verk jag t\u00e4nker \u00e4r roligt att spela, det \u00e4r v\u00e4nligt, skickligt, utan briljerande eller effekts\u00f6kande humor.<\/p>\n<p><strong>Slutligen <em>Solar Edge<\/em>, David Sw\u00e4rds sk\u00e4rande str\u00e5k och gn\u00e4lliga cello inleder ett orkesterverk p\u00e5 jakt efter st\u00e4ndigt nya disharmonier, f\u00f6r om de vilar s\u00e5 faller de.<\/strong> Nu h\u00e5lls intensiteten hela tiden uppe, en motstr\u00e4vig sk\u00f6nhet.<\/p>\n<p>Tons\u00e4ttaren bor p\u00e5 Syltberget och det \u00e4r som att han promenerat den korta str\u00e4ckan ner till hamnen, men i st\u00e4llet f\u00f6r Norrk\u00f6pings stilla innerhamn m\u00f6ter Antwerpens v\u00e4ldiga Europahamn, ett hav av st\u00e5l och pl\u00e5t och arbete. Kanske en futuristisk \u00f6nskedr\u00f6m fr\u00e5n 1920. Dock noterad 2002.<\/p>\n<p><strong>\u00d6ppningskonsertens vilda kast mellan stilarter och uttryck tvingade Norrk\u00f6pings symfoniorkester att h\u00e5lla sig p\u00e5 alerten. <\/strong>Det sl\u00e5r mig n\u00e4r jag lyssnar att <em>Norrk\u00f6pingsljud<\/em> b\u00e4r doften av f\u00e4rskt nyskapande, handlar om allts\u00e5 mer om gr\u00e4ns\u00f6verskridandets utmanande konst \u00e4n om bekr\u00e4ftandets kultur. D\u00e4ri ligger den nya musikfestivalens stora v\u00e4rde. Ska Norrk\u00f6ping bli den musikhuvudstad Lars Stjernqvist, kommunens finanspolitiskt h\u00f6gste ansvarige, dr\u00f6mmer om \u00e4r spjutspetsen <em>Norrk\u00f6pingsljud<\/em> viktigare, rentav mer avg\u00f6rande, \u00e4n publiksucc\u00e9n <em>Br\u00e5vallafestivalen<\/em>.<\/p>\n<p><em>Text och foto: Ann-Charlotte Sandelin<\/em><\/p>\n<p>BILDSPEL (FLASH) \u2013 KLICKA P\u00c5 BILDEN <em><br \/>\nALT\/MOBIL: SE BILDSPELET <a title=\"Bildspel\" href=\"https:\/\/www.flickr.com\/photos\/kultursidan\/sets\/72157651279799103\/show\/\" target=\"_blank\">H\u00c4R<\/a><\/em><br \/>\n<object width=\"400\" height=\"300\"><param name=\"flashvars\" value=\"offsite=true&amp;lang=en-us&amp;page_show_url=%2Fphotos%2Fkultursidan%2Fsets%2F72157651279799103%2Fshow%2F&amp;page_show_back_url=%2Fphotos%2Fkultursidan%2Fsets%2F72157651279799103%2F&amp;set_id=72157651279799103&amp;jump_to=\" \/><param name=\"movie\" value=\"https:\/\/www.flickr.com\/apps\/slideshow\/show.swf?v=1811922554\" \/><param name=\"allowFullScreen\" value=\"true\" \/><\/object><\/p>\n<blockquote>\n<h3><em>DE GEERHALLEN Norrk\u00f6ping<\/em><\/h3>\n<p>27 maj 2015<em><br \/>\n<strong>\u00d6ppningskonsert<\/strong><\/em><br \/>\n<em> Norrk\u00f6pings symfoniorkester<\/em><br \/>\n<em>Dirigent: Michael Bartosch<\/em><br \/>\n<em> Solister: Tobias Carron, fl\u00f6jt, och Bo Pettersson, basklarinett<\/em><br \/>\n<em> Ensemble fr\u00e5n Kulturskolan: piano, fagott, str\u00e5kar, slagverk<\/em><br \/>\n<em> Arr: Norrk\u00f6pingsljud<\/em><\/p>\n<p style=\"padding-left: 30px;\"><em>PROGRAM<\/em><br \/>\n<em>Peter Lindroth <strong>Five<\/strong> uruppf\u00f6rande<\/em><br \/>\n<em>Bengt-G\u00f6ran Sk\u00f6ld <strong>Poem<\/strong> uruppf\u00f6rande<br \/>\nGunnar Valkare <strong>Cammino<\/strong> f\u00f6r fl\u00f6jt, basklarinett och orkester<\/em><br \/>\n<em>Eva Sid\u00e9n <strong>Dreams and Streams<\/strong> f\u00f6r ensemble och elektronik, uruppf\u00f6rande. Framf\u00f6rs av Kulturskolans elever och l\u00e4rare<br \/>\nLars-\u00c5ke Franke-Blom <strong>Endymion<br \/>\n<\/strong>David Sw\u00e4rd <strong>Solar Edge<\/strong><\/em><\/p>\n<\/blockquote>\n<p>L\u00c4NKAR<br \/>\nNorrk\u00f6pingsljud <a href=\"http:\/\/www.norrkopingsljud.se\/\" target=\"_blank\">hemsida<\/a> <a href=\"https:\/\/www.facebook.com\/events\/1277901092267676\/\" target=\"_blank\">FB-evenemang <\/a><br \/>\nNorrk\u00f6pings symfoniorkester <a href=\"http:\/\/www.norrkopingssymfoniorkester.se\" target=\"_blank\">hemsida<\/a> <a href=\"https:\/\/www.facebook.com\/norrkoping.symphony?fref=ts\" target=\"_blank\">Facebook<\/a><br \/>\nKomposit\u00f6rerna tar sig ton med festival <a href=\"https:\/\/www.kultursidan.nu\/?p=19848\" target=\"_blank\">reportage<\/a> Kultursidan.nu 18\/5 2015<\/p>\n","protected":false},"excerpt":{"rendered":"<p>NORRK\u00d6PING Tre uruppf\u00f6randen. Tre andrag\u00e5ngsuppf\u00f6randen. Det sistn\u00e4mnda \u00e4r mer ovanligt \u00e4n det f\u00f6rstn\u00e4mnda. Sex livs levande tons\u00e4ttare satt glatt p\u00e5 rad tillsammans i De Geerhallen och nj\u00f6t av att f\u00e5 h\u00f6ra sina verk spelas i den nya musikfestivalen. <a class=\"continue-reading-link\" href=\"https:\/\/www.kultursidan.nu\/?p=19950\">L\u00e4s mer <span class=\"meta-nav\">&rarr; <\/span><\/a><\/p>\n","protected":false},"author":1001006,"featured_media":0,"comment_status":"closed","ping_status":"open","sticky":false,"template":"","format":"standard","meta":{"_jetpack_memberships_contains_paid_content":false,"footnotes":""},"categories":[7],"tags":[13],"class_list":["post-19950","post","type-post","status-publish","format-standard","hentry","category-norrkoping","tag-musik"],"jetpack_featured_media_url":"","jetpack_sharing_enabled":true,"_links":{"self":[{"href":"https:\/\/www.kultursidan.nu\/index.php?rest_route=\/wp\/v2\/posts\/19950","targetHints":{"allow":["GET"]}}],"collection":[{"href":"https:\/\/www.kultursidan.nu\/index.php?rest_route=\/wp\/v2\/posts"}],"about":[{"href":"https:\/\/www.kultursidan.nu\/index.php?rest_route=\/wp\/v2\/types\/post"}],"author":[{"embeddable":true,"href":"https:\/\/www.kultursidan.nu\/index.php?rest_route=\/wp\/v2\/users\/1001006"}],"replies":[{"embeddable":true,"href":"https:\/\/www.kultursidan.nu\/index.php?rest_route=%2Fwp%2Fv2%2Fcomments&post=19950"}],"version-history":[{"count":0,"href":"https:\/\/www.kultursidan.nu\/index.php?rest_route=\/wp\/v2\/posts\/19950\/revisions"}],"wp:attachment":[{"href":"https:\/\/www.kultursidan.nu\/index.php?rest_route=%2Fwp%2Fv2%2Fmedia&parent=19950"}],"wp:term":[{"taxonomy":"category","embeddable":true,"href":"https:\/\/www.kultursidan.nu\/index.php?rest_route=%2Fwp%2Fv2%2Fcategories&post=19950"},{"taxonomy":"post_tag","embeddable":true,"href":"https:\/\/www.kultursidan.nu\/index.php?rest_route=%2Fwp%2Fv2%2Ftags&post=19950"}],"curies":[{"name":"wp","href":"https:\/\/api.w.org\/{rel}","templated":true}]}}