{"id":20006,"date":"2015-05-31T11:30:42","date_gmt":"2015-05-31T10:30:42","guid":{"rendered":"https:\/\/intelligent-friend-7861.standoutwp.com\/?p=20006"},"modified":"2015-05-31T11:56:07","modified_gmt":"2015-05-31T10:56:07","slug":"siden-hedmans-molekylara-musik-recension","status":"publish","type":"post","link":"https:\/\/www.kultursidan.nu\/?p=20006","title":{"rendered":"Sid\u00e9n Hedmans molekyl\u00e4ra musik (recension)"},"content":{"rendered":"<p><a href=\"https:\/\/www.kultursidan.nu\/wp-content\/uploads\/2015\/05\/IMG_4557.jpg\"><img loading=\"lazy\" decoding=\"async\" class=\"alignnone size-medium wp-image-20007\" src=\"https:\/\/www.kultursidan.nu\/wp-content\/uploads\/2015\/05\/IMG_4557-567x378.jpg\" alt=\"Eva Sid\u00e9n\" width=\"567\" height=\"378\" srcset=\"https:\/\/www.kultursidan.nu\/wp-content\/uploads\/2015\/05\/IMG_4557-567x378.jpg 567w, https:\/\/www.kultursidan.nu\/wp-content\/uploads\/2015\/05\/IMG_4557-1024x682.jpg 1024w, https:\/\/www.kultursidan.nu\/wp-content\/uploads\/2015\/05\/IMG_4557-500x333.jpg 500w, https:\/\/www.kultursidan.nu\/wp-content\/uploads\/2015\/05\/IMG_4557-150x100.jpg 150w, https:\/\/www.kultursidan.nu\/wp-content\/uploads\/2015\/05\/IMG_4557.jpg 1280w\" sizes=\"auto, (max-width: 567px) 100vw, 567px\" \/><\/a><br \/>\n<em>Avt\u00e4ckning. Eva Sid\u00e9n inledde med att avl\u00e4gsna plasten fr\u00e5n flygeln.<br \/>\n<\/em><\/p>\n<p>&nbsp;<\/p>\n<h1><span style=\"color: #ff0000;\">Dansande \u00e4lvor och k\u00e4rv metall<\/span><\/h1>\n<p>&nbsp;<\/p>\n<p><strong>Harlekinen p\u00e5 Konstmuseet st\u00e5tar med en inslagen flygel.<\/strong> \u00c4r det Christo som \u00e4r h\u00e4r? Nix. Det \u00e4r inte det f\u00e4rdiga konstverket utan bara b\u00f6rjan. F\u00f6r det \u00e4r konst. Och musik (snart). Annan musik.<\/p>\n<p>Lars Jonsson fr\u00e5n F\u00f6reningen Annan Musik h\u00e4lsar oss v\u00e4lkomna. Det \u00e4r naturligt att det \u00e4r de som st\u00e5r som v\u00e4rdar f\u00f6r den h\u00e4r konserten\/installationen inom tons\u00e4ttarfestivalen Norrk\u00f6pingsljud, och Konstmuseet \u00e4r ocks\u00e5 r\u00e4tt plats f\u00f6r detta gr\u00e4ns\u00f6verskridande verk. Det signalerar att vad som helst kan h\u00e4nda, och jag har \u00f6ppnat mina sinnen p\u00e5 vid gavel och l\u00e4mnat f\u00f6rutfattade meningar hemma.<\/p>\n<p>&nbsp;<\/p>\n<p><a title=\"IMG_4577 by Lotta Sandelin, on Flickr\" href=\"https:\/\/www.flickr.com\/photos\/kultursidan\/17676463384\"><img loading=\"lazy\" decoding=\"async\" src=\"https:\/\/c1.staticflickr.com\/1\/257\/17676463384_168f380263.jpg\" alt=\"IMG_4577\" width=\"400\" height=\"267\" \/><\/a><br \/>\n<em> Film och f\u00f6rinspelade ljud fyllde Harlekinen.<\/em><\/p>\n<p>&nbsp;<\/p>\n<p><strong>Eva Sid\u00e9n och Jens Hedman utg\u00f6r sedan 2010 Sid\u00e9n Hedman duo.<\/strong> Tillsammans komponerar de, spelar in och bearbetar ljud, filmar och bygger installationer. Vid framf\u00f6randen \u00e4r det Sid\u00e9n som sitter vid flygeln. Jag ser att Jens Hedman dokumenterar det hela p\u00e5 film.<\/p>\n<p>Det hela b\u00f6rjar med att Sid\u00e9n avt\u00e4cker flygeln. I bakgrunden p\u00e5g\u00e5r film p\u00e5 tre dukar. Mer eller mindre. De projiceras p\u00e5 flera delade dukar och p\u00e5 draperier, s\u00e5 det k\u00e4nns n\u00e4stan som hela rummet \u00e4r uppfyllt av dem. Det som definitivt fyller rummet \u00e4r de f\u00f6rinspelade ljuden som spelas upp fr\u00e5n alla h\u00e5ll. De \u00e4r sv\u00e5rdefinierade, men eftersom hon har ber\u00e4ttat att de ofta utg\u00e5r fr\u00e5n flygeln, s\u00e5 f\u00e5r jag tro henne. Men inte bara, det tror jag inte.<\/p>\n<p><strong>F\u00f6rsta stycket rasslar och prasslar i bakgrunden till flygeln. <\/strong>Det v\u00e4xer till ett d\u00e5n som sedan lugnar sig. Filmen i bakgrunden visar str\u00f6mmande vatten, vilket \u00e4r det genomg\u00e5ende temat i filmerna. Det verkar inte direkt synkroniserade med musiken utan lever ett eget liv. Nu \u00e4r det ju l\u00e4tt att tolka bakgrundsfilmer i takt till musiken, det vet alla som f\u00f6rs\u00f6kt ljuds\u00e4tta filmer. P\u00e5 n\u00e5got magiskt s\u00e4tt st\u00e4mmer taktbyten och bilder b\u00e4ttre \u00e4n man anat. Bakgrundsljuden, d\u00e4remot, b\u00f6r vara synkade med flygeln. Bakgrund, f\u00f6rresten&#8230; ibland \u00e4r de helt dominerande.<\/p>\n<p>Jag h\u00f6r \u00e4lvor dansa och svirrande som fr\u00e5n trollsl\u00e4ndevingar. N\u00e4r en iskant dyker upp p\u00e5 filmen h\u00f6r jag klirrandet fr\u00e5n isbitar. Eva Sid\u00e9n smeker tangenterna och plockar p\u00e5 str\u00e4ngarna, som vore flygeln en harpa. Ljudet v\u00e4xer till ett d\u00e5n, knatter \u00f6verg\u00e5r i kaos f\u00f6r att glida \u00f6ver i ett tyst gnisslande. Till slut \u00e4r det enda som h\u00f6rs en h\u00f6g, sprucken ton som Sid\u00e9n sl\u00e5r an g\u00e5ng p\u00e5 g\u00e5ng.<\/p>\n<p>Det \u00e4r, givetvis, om\u00f6jligt att beskriva den h\u00e4r typen av musik. \u00c5tminstone f\u00f6r en rock &#8217;n&#8217; roll-kille som jag. B\u00e4st \u00e4r nog om du kollar p\u00e5 n\u00e5got av YouTube-klippen. Jag gillar&#8217;t.<\/p>\n<p><em>Lost in a Legend<\/em> har sagts ha med nordiska myter att g\u00f6ra. \u00c5tminstone upplevdes det s\u00e5 p\u00e5 turn\u00e9n till Island, Gr\u00f6nland, och F\u00e4r\u00f6arna de gjorde 2011. Det k\u00e4nner jag inte alls. Men n\u00e4r Sid\u00e9n s\u00e4ger att det inneh\u00e5ller anspelningar p\u00e5 natur h\u00e5ller jag med till fullo.<\/p>\n<p>&nbsp;<\/p>\n<p><a title=\"IMG_4579 by Lotta Sandelin, on Flickr\" href=\"https:\/\/www.flickr.com\/photos\/kultursidan\/18299106155\"><img loading=\"lazy\" decoding=\"async\" src=\"https:\/\/c1.staticflickr.com\/1\/258\/18299106155_322ed6fe9d.jpg\" alt=\"IMG_4579\" width=\"400\" height=\"267\" \/><\/a><br \/>\n<em> Eva Sid\u00e9n spelar p\u00e5 flygeln p\u00e5 m\u00e5nga s\u00e4tt.<\/em><\/p>\n<p>&nbsp;<\/p>\n<p><strong>N\u00e4sta stycke heter <em>Metall<\/em> efter ett av de fem elementen i den kinesiska mytologin.<\/strong> Uruppf\u00f6randet skedde i Klangdomen i Karlsruhe, Tyskland 2014. D\u00e4r finns 43 h\u00f6gtalare i sf\u00e4risk form som omsluter publiken. I h\u00f6st (i Paris) ska duon ta sig an vatten. (Vilka de andra tre \u00e4r t\u00e4nker jag inte ber\u00e4tta, n\u00e5n m\u00e5tta p\u00e5 folkbildning f\u00e5r det vara, och det st\u00e5r i katalogen.)<\/p>\n<p>Jag upplever detta stycke k\u00e4rvare. Det mullrar, gnisslar och l\u00e5ter ibland som ett s\u00e5gverk. Ljudet \u00e4r mer&#8230; metalliskt. I flygelns inre st\u00e5r en liten leksaksxylofon i metall som Sid\u00e9n ger sig p\u00e5 ibland. Slutet l\u00e5ter som en gong och klingande tr\u00e4dg\u00e5rdsvindspel, men det \u00e4r det f\u00f6rst\u00e5s inte.<\/p>\n<p><strong>Sista stycket, <em>Playing Double Bind<\/em>, \u00e4r ocks\u00e5 n\u00e4stan namnet p\u00e5 installationen <em>Double Bind Player.<\/em><\/strong> Den bygger p\u00e5 Gregory Batesons teori om dubbelbindning. Vi snackar om musik p\u00e5 molekyl\u00e4rniv\u00e5. Nu \u00e4r flygen rensad p\u00e5 de flesta tillbeh\u00f6ren, men klot och vev som er kopplad till en str\u00e4ng och olika tofsar eller p\u00e5sar \u00e4r kvar. Sid\u00e9n drar smycken \u00f6ver str\u00e4ngarna, kloten r\u00f6r sig och tofsarna far upp och ner.<\/p>\n<p>Det \u00e4r stillsammast hittills, och det g\u00e4ller \u00e4ven det f\u00f6rinspelade. Till slut stiger Eva Sid\u00e9n \u00e5t sidan och manar oss att komma fram. Det f\u00f6rinspelade forts\u00e4tter, och vi flockas stor\u00f6gt kring flygeln. Detta \u00e4r installationen. Den st\u00e5r kvar veckan ut.<\/p>\n<p><em>Text och foto: Michael Strandhed<\/em><\/p>\n<p>BILDSPEL (FLASH) \u2013 KLICKA P\u00c5 BILDEN <em><br \/>\nALT\/MOBIL: SE BILDSPELET <a title=\"Bildspel\" href=\"https:\/\/www.flickr.com\/photos\/kultursidan\/sets\/72157653344351530\/show\/\" target=\"_blank\">H\u00c4R<\/a><\/em><br \/>\n<object width=\"400\" height=\"300\"><param name=\"flashvars\" value=\"offsite=true&amp;lang=en-us&amp;page_show_url=%2Fphotos%2Fkultursidan%2Fsets%2F72157653344351530%2Fshow%2F&amp;page_show_back_url=%2Fphotos%2Fkultursidan%2Fsets%2F72157653344351530%2F&amp;set_id=72157653344351530&amp;jump_to=\" \/><param name=\"movie\" value=\"https:\/\/www.flickr.com\/apps\/slideshow\/show.swf?v=1811922554\" \/><param name=\"allowFullScreen\" value=\"true\" \/><\/object><\/p>\n<blockquote>\n<h3><em>KONSTMUSEET Norrk\u00f6ping<\/em><\/h3>\n<p>28 maj 2015<em><br \/>\n<strong>Double Bind Player<\/strong><\/em><br \/>\n<em> Konsert och ljudinstallation<\/em><br \/>\n<em> flygel och EAM (elektronik, mekanik, video)<\/em><br \/>\n<em> Eva Sid\u00e9n<\/em><br \/>\n<em> Arr: F\u00f6reningen Annan Musik<\/em><br \/>\n<em> Inom ramen f\u00f6r tons\u00e4ttarfestivalen Norrk\u00f6pingsljud<\/em><\/p>\n<p style=\"padding-left: 30px;\"><em>PROGRAM <\/em><br \/>\n<strong><em> Sid\u00e9n Hedman<\/em><\/strong><br \/>\n<em> Lost in a Legend (2010)<\/em><br \/>\n<em> Metall (2014)<\/em><br \/>\n<em> Playing Double Bind (2012)<\/em><\/p>\n<\/blockquote>\n<p>L\u00c4NKAR<br \/>\nEva Sid\u00e9n <a href=\"http:\/\/evasiden.se\" target=\"_blank\">hemsida<\/a> <a href=\"https:\/\/www.youtube.com\/watch?v=i9_n0SMpTsw\" target=\"_blank\">YouTube1<\/a> <a href=\"https:\/\/www.youtube.com\/channel\/UC9TUZl7RwjSGTNnZl4aIyDg\" target=\"_blank\">YouTube2<\/a><br \/>\nF\u00f6reningen Annan Musik <a href=\"http:\/\/annanmusik.se\/php\/\" target=\"_blank\">hemsida <\/a><a href=\"https:\/\/www.facebook.com\/pages\/Annan-Musik\/311183571942?fref=ts\" target=\"_blank\">Facebook<\/a><br \/>\nKonstmuseet <a href=\"http:\/\/www.norrkoping.se\/kultur-fritid\/museer\/konstmuseum\/\" target=\"_blank\">hemsida<\/a> <a href=\"https:\/\/www.facebook.com\/norrkopingskonstmuseum\" target=\"_blank\">Facebook <\/a><br \/>\nNorrk\u00f6pingsljud <a href=\"http:\/\/www.norrkopingsljud.se\/\" target=\"_blank\">hemsida<\/a> <a href=\"https:\/\/www.facebook.com\/norrkopingsljud?fref=ts\" target=\"_blank\">Facebook<\/a><br \/>\nKammark\u00f6ren i kanonform i Hedvig <a href=\"https:\/\/www.kultursidan.nu\/?p=19999\" target=\"_blank\">recension<\/a> Kultursidan.nu 31\/5 2015<br \/>\nNorrk\u00f6pingsljud \u00f6ppnade med nya verk <a href=\"https:\/\/www.kultursidan.nu\/?p=19950\" target=\"_blank\">recension<\/a> Kultursidan.nu 28\/5 2015<br \/>\nKomposit\u00f6rerna tar sig ton med festival <a href=\"https:\/\/www.kultursidan.nu\/?p=19848\" target=\"_blank\">reportage<\/a> Kultursidan.nu 18\/5 2015<\/p>\n","protected":false},"excerpt":{"rendered":"<p>NORRK\u00d6PING K\u00e4rv metall eller svirrande trollsl\u00e4ndevingar. N\u00e4r duon Sid\u00e9n Hedman ger konserten\/installationen Double Bind Player under Norrk\u00f6pingsljud \u00e4r Annan Musik r\u00e4tt arrang\u00f6r och Konstmuseet helt r\u00e4tt plats. Vad som helst kan h\u00e4nda. <a class=\"continue-reading-link\" href=\"https:\/\/www.kultursidan.nu\/?p=20006\">L\u00e4s mer <span class=\"meta-nav\">&rarr; <\/span><\/a><\/p>\n","protected":false},"author":1001006,"featured_media":0,"comment_status":"closed","ping_status":"open","sticky":false,"template":"","format":"standard","meta":{"_jetpack_memberships_contains_paid_content":false,"footnotes":""},"categories":[7],"tags":[38,14,13],"class_list":["post-20006","post","type-post","status-publish","format-standard","hentry","category-norrkoping","tag-film","tag-konst","tag-musik"],"jetpack_featured_media_url":"","jetpack_sharing_enabled":true,"_links":{"self":[{"href":"https:\/\/www.kultursidan.nu\/index.php?rest_route=\/wp\/v2\/posts\/20006","targetHints":{"allow":["GET"]}}],"collection":[{"href":"https:\/\/www.kultursidan.nu\/index.php?rest_route=\/wp\/v2\/posts"}],"about":[{"href":"https:\/\/www.kultursidan.nu\/index.php?rest_route=\/wp\/v2\/types\/post"}],"author":[{"embeddable":true,"href":"https:\/\/www.kultursidan.nu\/index.php?rest_route=\/wp\/v2\/users\/1001006"}],"replies":[{"embeddable":true,"href":"https:\/\/www.kultursidan.nu\/index.php?rest_route=%2Fwp%2Fv2%2Fcomments&post=20006"}],"version-history":[{"count":0,"href":"https:\/\/www.kultursidan.nu\/index.php?rest_route=\/wp\/v2\/posts\/20006\/revisions"}],"wp:attachment":[{"href":"https:\/\/www.kultursidan.nu\/index.php?rest_route=%2Fwp%2Fv2%2Fmedia&parent=20006"}],"wp:term":[{"taxonomy":"category","embeddable":true,"href":"https:\/\/www.kultursidan.nu\/index.php?rest_route=%2Fwp%2Fv2%2Fcategories&post=20006"},{"taxonomy":"post_tag","embeddable":true,"href":"https:\/\/www.kultursidan.nu\/index.php?rest_route=%2Fwp%2Fv2%2Ftags&post=20006"}],"curies":[{"name":"wp","href":"https:\/\/api.w.org\/{rel}","templated":true}]}}