{"id":20166,"date":"2015-06-10T19:05:21","date_gmt":"2015-06-10T18:05:21","guid":{"rendered":"https:\/\/intelligent-friend-7861.standoutwp.com\/?p=20166"},"modified":"2015-06-10T19:05:21","modified_gmt":"2015-06-10T18:05:21","slug":"peter-freudenthals-himlastege","status":"publish","type":"post","link":"https:\/\/www.kultursidan.nu\/?p=20166","title":{"rendered":"Peter Freudenthals himlastege"},"content":{"rendered":"<p><a href=\"https:\/\/www.kultursidan.nu\/wp-content\/uploads\/2015\/06\/2015-06-04-Plankgatan-58-60-085.jpg\"><img loading=\"lazy\" decoding=\"async\" class=\"alignnone size-medium wp-image-20167\" src=\"https:\/\/www.kultursidan.nu\/wp-content\/uploads\/2015\/06\/2015-06-04-Plankgatan-58-60-085-567x416.jpg\" alt=\"2015-06-04 Plankgatan 58-60 085\" width=\"567\" height=\"416\" srcset=\"https:\/\/www.kultursidan.nu\/wp-content\/uploads\/2015\/06\/2015-06-04-Plankgatan-58-60-085-567x416.jpg 567w, https:\/\/www.kultursidan.nu\/wp-content\/uploads\/2015\/06\/2015-06-04-Plankgatan-58-60-085-1024x751.jpg 1024w, https:\/\/www.kultursidan.nu\/wp-content\/uploads\/2015\/06\/2015-06-04-Plankgatan-58-60-085-454x333.jpg 454w, https:\/\/www.kultursidan.nu\/wp-content\/uploads\/2015\/06\/2015-06-04-Plankgatan-58-60-085-150x110.jpg 150w, https:\/\/www.kultursidan.nu\/wp-content\/uploads\/2015\/06\/2015-06-04-Plankgatan-58-60-085.jpg 1280w\" sizes=\"auto, (max-width: 567px) 100vw, 567px\" \/><\/a><em><br \/>\nSteg mot ljuset. Peter Freudenthal har utsmyckat tv\u00e5 trappuppg\u00e5ngar i kvarteret Krogen. Detta verk \u00e4r n\u00e4st h\u00f6gst upp i sviten p\u00e5 Plankgatan 60.<\/em><\/p>\n<p>&nbsp;<\/p>\n<h1><span style=\"color: #ff0000;\">\u201dVi har konst i alla v\u00e5ra fastigheter\u201d<\/span><\/h1>\n<p>&nbsp;<\/p>\n<p><strong>Peter Freudenthal kallar sig inte konkretist.<\/strong> Han m\u00e5lar f\u00f6rest\u00e4llande men hans stramt sk\u00f6na verk i klara f\u00e4rger \u00e4r s\u00e5 abstraherade att de p\u00e5 s\u00e4tt och vis kan f\u00f6rest\u00e4lla vad som helst, eller vara inget utom geometriska former. Titeln \u00e4r nyckeln till ett f\u00f6rst\u00e5elsens l\u00e5s.<\/p>\n<p>Peter Freudenthal bor i Rimforsa men \u00e4r f\u00f6dd och uppvuxen i Norrk\u00f6ping. H\u00e4r har han uner de senaste tio \u00e5ren st\u00e4llt ut p\u00e5 Konstforum och \u00e5terkommande p\u00e5 Galleri Dag Andersson (det senare nedlagt). Han \u00e4r ocks\u00e5 representerad p\u00e5 Konstmuseet.<\/p>\n<p>&nbsp;<\/p>\n<p><a title=\"2015-06-04 Plankgatan 58-60 051 by Lotta Sandelin, on Flickr\" href=\"https:\/\/www.flickr.com\/photos\/kultursidan\/18486420870\"><img loading=\"lazy\" decoding=\"async\" src=\"https:\/\/c1.staticflickr.com\/1\/489\/18486420870_15a3f42350.jpg\" alt=\"2015-06-04 Plankgatan 58-60 051\" width=\"400\" height=\"266\" \/><\/a><br \/>\n<em> \u2013 Jag f\u00e5r prata med byggm\u00e4staren! Peter Freudenthal vill helst komplettera Plankgatan 60 med en m\u00e5lning p\u00e5 fasaden.<\/em><\/p>\n<p>&nbsp;<\/p>\n<p><strong><em>Steg till ljuset<\/em> heter hans senaste utst\u00e4llning, tv\u00e5 bildserier i nybyggda husen i h\u00f6rnet Plankgatan\u2013Norra Promenaden.<\/strong> Kvarteret heter Krogen. Konsten \u00e4r permanent och offentlig s\u00e5tillvida att den ses b\u00e4st utifr\u00e5n, den sitter inne i trapphuset men \u00e4r v\u00e4nd ut mot gatan och ska vara belyst s\u00e5 att den alltid kan ses bra.<\/p>\n<p>\u2013 Underbart, s\u00e4ger Peter Freudenthal om att ha blivit tillfr\u00e5gad av Botrygg om utsmyckningsuppdraget. Nybyggda hus \u00e4r ofta enformiga och tr\u00e5kiga inv\u00e4rtes. Konst ska vara till gl\u00e4dje!<\/p>\n<p>\u2013 Fast stackarna p\u00e5 bottenv\u00e5ningen f\u00e5r m\u00f6rka m\u00e5lningar men det blir ljusare och ljusare h\u00f6gre upp.<\/p>\n<p>Konstn\u00e4ren v\u00e4xte upp p\u00e5 inte l\u00e5ngt fr\u00e5n platsen och har l\u00e5tit barndomsminnen styra utformningen.<\/p>\n<p>\u2013 Jag bodde i Vattengr\u00e4nd, d\u00e4r Holmens kontor ligger. D\u00e5 l\u00e5g Rosenqvists &amp; Lundins tryckeri vid vattnet. Jag fick papper och fr\u00e5nsk\u00e4r att rita p\u00e5, ber\u00e4ttar Peter Freudenthal.<\/p>\n<p>&nbsp;<\/p>\n<p><a title=\"2015-06-04 Plankgatan 58-60 077 by Lotta Sandelin, on Flickr\" href=\"https:\/\/www.flickr.com\/photos\/kultursidan\/18647798896\"><img decoding=\"async\" src=\"https:\/\/c1.staticflickr.com\/1\/368\/18647798896_38a05b5679.jpg\" alt=\"2015-06-04 Plankgatan 58-60 077\" width=\"400&quot;\" height=\"267\" \/><\/a><br \/>\n<em> \u2013 Konst ska vara till gl\u00e4dje! Peter Freudenthal vid den v\u00e4lbes\u00f6kta vernissagen.<\/em><\/p>\n<p>&nbsp;<\/p>\n<p><strong>\u2013 Vi har alltid konst i alla v\u00e5ra fastighetsprojekt, ber\u00e4ttar Charlotta Ek, anst\u00e4lld hos fastighetsbolaget Botrygg.<\/strong> V\u00e5r styrelseordf\u00f6rande Michael Cocozza \u00e4r mycket konstintresserad.<\/p>\n<p>I Link\u00f6ping \u00e4r det ofta konstn\u00e4ren Claes \u00c5ke Schl\u00f6nzig som f\u00e5r uppdraget att st\u00e5 f\u00f6r konstutsmyckningen, \u00e4ven om Freudenthal ocks\u00e5 l\u00e4mnat sitt bidrag i Link\u00f6ping. Claes-\u00c5ke Schl\u00f6nzig beh\u00e4rskar freskteknik, konsten att m\u00e5la direkt p\u00e5 putsad v\u00e4gg, och kanske han anv\u00e4nder den tekniken n\u00e4r han utsmyckar de tv\u00e5 \u00e5terst\u00e5ende trapphusen p\u00e5 nybyggets Luntgatansida.<\/p>\n<p><strong>En r\u00f6d kvadrat stiger h\u00f6gre och h\u00f6gre samtidigt som den v\u00e4xer och g\u00e5r fr\u00e5n r\u00f6d till gul i bildserien p\u00e5 de sex v\u00e5ningsplanen p\u00e5 Plankgatan 60.<\/strong> Det \u00e4r som att se solen stiga upp och f\u00f6lja den med blicken. En gr\u00f6n vinkel f\u00f6rsvinner undan, det kan vara ett tr\u00e4d eller ett f\u00f6nster t\u00e4nker jag. F\u00f6rsvinner g\u00f6r \u00e4ven en n\u00e4stan svart kvadrat. Jag undrar om det \u00e4r en skugga eller rentav ett sj\u00e4lvportr\u00e4tt, men jag fr\u00e5gar inte.<\/p>\n<p>I st\u00e4llet g\u00e5r jag uppf\u00f6r och nedf\u00f6r trapporna, tar en god titt p\u00e5 bilderna som f\u00e4sts p\u00e5 v\u00e4ggen bakom hisschaktet en halvtrappa upp mellan v\u00e5ningsplanen. Varje objekt kantas p\u00e5 sedvanligt Freudenthalskt maner med tre linjer, ocks\u00e5 deras f\u00e4rg justeras allteftersom.<\/p>\n<p>&nbsp;<\/p>\n<p><a title=\"2015-06-04 Plankgatan 58-60 024 by Lotta Sandelin, on Flickr\" href=\"https:\/\/www.flickr.com\/photos\/kultursidan\/18669389942\"><img loading=\"lazy\" decoding=\"async\" src=\"https:\/\/c1.staticflickr.com\/1\/540\/18669389942_803e7c1436.jpg\" alt=\"2015-06-04 Plankgatan 58-60 024\" width=\"400\" height=\"205\" \/><\/a><br \/>\n<em> Utsmyckningen som startar l\u00e4ngst ner i serien p\u00e5 Plankgatan 58.<\/em><\/p>\n<p>&nbsp;<\/p>\n<p><strong>I grannuppg\u00e5ngen Plankgatan 58 <\/strong><strong>smyger<\/strong><strong> en liten bl\u00e4nkande vit kvadrat\u00a0 fram.<\/strong> M\u00e5nen, t\u00e4nker jag. Det kan vara en sn\u00f6kristall men den v\u00e4xer sig stor den ocks\u00e5, fem trappor upp. Vid vernissagens samling, m\u00e5nga tr\u00e4ngs i den minimala tv\u00e5rummaren av kompakttyp, ber\u00e4ttar Peter Freudenthal ett annat minne.<\/p>\n<p>\u2013 N\u00e4r jag var skolbarn gjordes det skidsp\u00e5r i Promenaderna som vi \u00e5kte p\u00e5.<\/p>\n<p>Allts\u00e5 g\u00e5r jag uppf\u00f6r trapporna och undrar om det \u00e4r skidsp\u00e5ren, tr\u00e4den och natten, kanske rentav skidornas urgr\u00f6pta sk\u00e5ra eller Promenadens gator och tr\u00e4dlinje. Undrar om kvadraten \u00e4r perfekt eller om konstn\u00e4ren skevat den en aningens aning. De m\u00e5nga r\u00e4ta linjerna \u00e4r aldrig i r\u00e4t vinkel i hans konst. Ungef\u00e4r som att han aldrig m\u00e5lar riktigt vitt eller riktigt svart.<\/p>\n<p><strong>H\u00f6gst upp \u00e4r \u201dm\u00e5nens\u201d kvadrat stor, inte lika stor som \u201dsolen\u201d i grannuppg\u00e5ngen. <\/strong>Jag ser ner p\u00e5 Promenadens tr\u00e4d under mig, det n\u00e4stan svindlar. \u201dSolen\u201d kommer \u00e4nd\u00e5 mycket h\u00f6gre upp. Den m\u00f6ter himlavalvets ljus och h\u00e4lsar Kolm\u00e5rdens skogsrand.<\/p>\n<p><em>Text: Ann-Charlotte Sandelin<br \/>\nFoto: Nils-G\u00f6ran Tillgren<br \/>\n<\/em><\/p>\n<p>BILDSPEL (FLASH) \u2013 KLICKA P\u00c5 BILDEN <em><br \/>\nALT\/MOBIL: SE BILDSPELET <a title=\"Bildspel\" href=\"https:\/\/www.flickr.com\/photos\/kultursidan\/sets\/72157653938617670\/show\/\" target=\"_blank\">H\u00c4R<\/a><\/em><br \/>\n<object width=\"400\" height=\"300\"><param name=\"flashvars\" value=\"offsite=true&amp;lang=en-us&amp;page_show_url=%2Fphotos%2Fkultursidan%2Fsets%2F72157653938617670%2Fshow%2F&amp;page_show_back_url=%2Fphotos%2Fkultursidan%2Fsets%2F72157653938617670%2F&amp;set_id=72157653938617670&amp;jump_to=\" \/><param name=\"movie\" value=\"https:\/\/www.flickr.com\/apps\/slideshow\/show.swf?v=1811922554\" \/><param name=\"allowFullScreen\" value=\"true\" \/><\/object><\/p>\n<blockquote>\n<h3><em>PLANKGATAN 58-60 Norrk\u00f6ping<\/em><\/h3>\n<p>4 juni 2015 \u2013<em> vernissage<br \/>\n<strong>Steg mot ljuset<\/strong><\/em><br \/>\n<em> Utsmyckning<\/em><br \/>\n<em> Peter Freudenthal<\/em><\/p><\/blockquote>\n<p>L\u00c4NKAR<br \/>\nPeter Freudenthal <a href=\"http:\/\/peterfreudenthal.se\" target=\"_blank\">hemsida <\/a><br \/>\nBotrygg <a href=\"http:\/\/www.botrygg.se\" target=\"_blank\">hemsida <\/a><br \/>\nStramt och gripande av Peter Freudenthal <a href=\"https:\/\/www.kultursidan.nu\/?p=8780\" target=\"_blank\">recension<\/a> Kultursidan.nu 25\/1 2013<br \/>\nPeter Freudenthal st\u00e4ller ut p\u00e5 Galleri Dag Andersson <a href=\"https:\/\/www.kultursidan.nu\/?p=614\" target=\"_blank\">reportage<\/a> Kultursidan.nu 19\/11 2010<\/p>\n","protected":false},"excerpt":{"rendered":"<p>NORRK\u00d6PING Solen och m\u00e5nen. Eller s\u00e5 \u00e4r det n\u00e5got helt annat. Konstn\u00e4ren Peter Freudenthal ger Norrk\u00f6ping ett nytt konstverk n\u00e4r han m\u00e5lar Steg mot ljuset inne i ett privat bostadshus men v\u00e4nt s\u00e5 att det ses utifr\u00e5n. I h\u00f6rnet Plankgatan-Norra Promenaden. <a class=\"continue-reading-link\" href=\"https:\/\/www.kultursidan.nu\/?p=20166\">L\u00e4s mer <span class=\"meta-nav\">&rarr; <\/span><\/a><\/p>\n","protected":false},"author":1001006,"featured_media":0,"comment_status":"closed","ping_status":"open","sticky":false,"template":"","format":"standard","meta":{"_jetpack_memberships_contains_paid_content":false,"footnotes":""},"categories":[7],"tags":[14],"class_list":["post-20166","post","type-post","status-publish","format-standard","hentry","category-norrkoping","tag-konst"],"jetpack_featured_media_url":"","jetpack_sharing_enabled":true,"_links":{"self":[{"href":"https:\/\/www.kultursidan.nu\/index.php?rest_route=\/wp\/v2\/posts\/20166","targetHints":{"allow":["GET"]}}],"collection":[{"href":"https:\/\/www.kultursidan.nu\/index.php?rest_route=\/wp\/v2\/posts"}],"about":[{"href":"https:\/\/www.kultursidan.nu\/index.php?rest_route=\/wp\/v2\/types\/post"}],"author":[{"embeddable":true,"href":"https:\/\/www.kultursidan.nu\/index.php?rest_route=\/wp\/v2\/users\/1001006"}],"replies":[{"embeddable":true,"href":"https:\/\/www.kultursidan.nu\/index.php?rest_route=%2Fwp%2Fv2%2Fcomments&post=20166"}],"version-history":[{"count":0,"href":"https:\/\/www.kultursidan.nu\/index.php?rest_route=\/wp\/v2\/posts\/20166\/revisions"}],"wp:attachment":[{"href":"https:\/\/www.kultursidan.nu\/index.php?rest_route=%2Fwp%2Fv2%2Fmedia&parent=20166"}],"wp:term":[{"taxonomy":"category","embeddable":true,"href":"https:\/\/www.kultursidan.nu\/index.php?rest_route=%2Fwp%2Fv2%2Fcategories&post=20166"},{"taxonomy":"post_tag","embeddable":true,"href":"https:\/\/www.kultursidan.nu\/index.php?rest_route=%2Fwp%2Fv2%2Ftags&post=20166"}],"curies":[{"name":"wp","href":"https:\/\/api.w.org\/{rel}","templated":true}]}}