{"id":20196,"date":"2015-06-13T15:43:21","date_gmt":"2015-06-13T14:43:21","guid":{"rendered":"https:\/\/intelligent-friend-7861.standoutwp.com\/?p=20196"},"modified":"2015-06-13T15:43:21","modified_gmt":"2015-06-13T14:43:21","slug":"charmig-kuriosahistoria-i-ditt-magasin","status":"publish","type":"post","link":"https:\/\/www.kultursidan.nu\/?p=20196","title":{"rendered":"Charmig kuriosa\/historia i Ditt magasin"},"content":{"rendered":"<p><a href=\"https:\/\/www.kultursidan.nu\/wp-content\/uploads\/2015\/06\/IMG_7580.jpg\"><img loading=\"lazy\" decoding=\"async\" class=\"alignnone size-medium wp-image-20197\" src=\"https:\/\/www.kultursidan.nu\/wp-content\/uploads\/2015\/06\/IMG_7580-567x378.jpg\" alt=\"Varg-Olles hoj\" width=\"567\" height=\"378\" srcset=\"https:\/\/www.kultursidan.nu\/wp-content\/uploads\/2015\/06\/IMG_7580-567x378.jpg 567w, https:\/\/www.kultursidan.nu\/wp-content\/uploads\/2015\/06\/IMG_7580-1024x682.jpg 1024w, https:\/\/www.kultursidan.nu\/wp-content\/uploads\/2015\/06\/IMG_7580-500x333.jpg 500w, https:\/\/www.kultursidan.nu\/wp-content\/uploads\/2015\/06\/IMG_7580-150x100.jpg 150w, https:\/\/www.kultursidan.nu\/wp-content\/uploads\/2015\/06\/IMG_7580.jpg 1280w\" sizes=\"auto, (max-width: 567px) 100vw, 567px\" \/><\/a><em><br \/>\nOsorterade skyltar och Varg-Olles speedwaymotorcykel m\u00f6ts p\u00e5 sommarens utst\u00e4llning p\u00e5 Norrk\u00f6pings stadsmuseum.<\/em><\/p>\n<p>&nbsp;<\/p>\n<h1><span style=\"color: #ff0000;\">Det \u00e4r som Kinder\u00e4ggets tre-i-ett<\/span><\/h1>\n<p>&nbsp;<\/p>\n<p><strong>Kan inte museibes\u00f6karna komma till Br\u00e5vallamagasinet s\u00e5 f\u00e5r Br\u00e5vallamagasinet komma till museibes\u00f6karna.<\/strong> S\u00e5 tycks Norrk\u00f6pings stadsmuseum ha t\u00e4nkt inf\u00f6r \u00e5rets sommarutst\u00e4llning <em>Ditt magasin \u2013 bland prylar och livs\u00f6den<\/em>. Utst\u00e4llningen \u00e4r rolig, omv\u00e4xlande och charmig. Inte utan sk\u00f6nhetsfl\u00e4ckar.<\/p>\n<p><strong>F\u00f6r tv\u00e5 \u00e5r sedan b\u00f6rjade Stadsmuseet (och Stadsbiblioteket och Konstmuseet) fylla det nya gemensamma magasinet ute p\u00e5 Br\u00e5valla.<\/strong> Det \u00e4r ett stort lager med en stor och flera mindre lagerutrymmen. Det \u00e4r kallt, med perfekta f\u00f6rh\u00e5llanden f\u00f6r l\u00e5ngtidslagring, arkivhantering och dokumentation. D\u00e4remot mindre g\u00e4stv\u00e4nligt f\u00f6r utst\u00e4llningar.<\/p>\n<p>Med utst\u00e4llningen <em>Ditt Magasin<\/em> g\u00e4stspelar Br\u00e5vallamagasinet hemma p\u00e5 Stadsmuseet. Det \u00e4r som Kinder\u00e4ggets tre-i-ett: en p\u00e5minnelse om magasinets existens, ett urval av f\u00f6rem\u00e5l och deras historia, slutligen v\u00e4cker det reflektioner kring samlande, bevarande och urval.<\/p>\n<p>&nbsp;<\/p>\n<p><a title=\"Ditt magasin \u2013 en modell av industriomr\u00e5det st\u00e5r utanf\u00f6r utst\u00e4llningen by Lotta Sandelin, on Flickr\" href=\"https:\/\/www.flickr.com\/photos\/kultursidan\/18769247795\"><img loading=\"lazy\" decoding=\"async\" src=\"https:\/\/c1.staticflickr.com\/1\/354\/18769247795_45a56f9bc2.jpg\" alt=\"Ditt magasin \u2013 en modell av industriomr\u00e5det st\u00e5r utanf\u00f6r utst\u00e4llningen\" width=\"267\" height=\"400\" \/><\/a><br \/>\n<em> En modell av industriomr\u00e5det, fr\u00e5n den tiden det r\u00f6k ur alla skorstenar, st\u00e5r utanf\u00f6r utst\u00e4llningen Ditt magasin.<\/em><\/p>\n<p>&nbsp;<\/p>\n<p><strong>N\u00e5gra uppf\u00f6rstorade foton visar ett par av magasinets lagerhyllor i djupa g\u00e5ngar. <\/strong>Dessutom st\u00e5r enstaka hyllor i utst\u00e4llningen med olika sorters f\u00f6rem\u00e5l p\u00e5 hyllplanen. D\u00e4r \u00e4r stenyxor och h\u00e5rarbeten, f\u00e4rgprover och en gungh\u00e4st och mycket annat.<\/p>\n<p>P\u00e5 en v\u00e4gg har f\u00e4sts m\u00e5nga skyltar, \u00e4nd\u00e5 bara n\u00e5gra f\u00e5 av de m\u00e5nga skyltar som finns d\u00e4r ute p\u00e5 Br\u00e5valla. Ett helt docksk\u00e5p, sammanfogat av en byr\u00e5 och ett \u00f6versk\u00e5p visar ett d\u00e5 samtida \u00f6verklasshem med stilm\u00f6bler av olika slag, fr\u00e5n salongen h\u00f6gst upp till k\u00f6ket i bottenv\u00e5ningen.<\/p>\n<p><strong>En salig blandning med andra ord och det \u00e4r v\u00e4l just vad ett stadsmuseums magasin \u00e4r fyllt av, en salig blandning av f\u00f6rem\u00e5l som ansetts b\u00e4ra n\u00e5gon slags betydelse.<\/strong> P\u00e5 grund av dess exotism (privata kuriosakabinett \u00e4r museernas f\u00f6reg\u00e5ngare), vanlighet eller n\u00e5gon slags k\u00e4rlek till f\u00f6rem\u00e5len eller m\u00e4nniskorna som en g\u00e5ng anv\u00e4nde dem.<\/p>\n<p>Den som varit med om att st\u00e4nga igen ett hem f\u00f6r gott \u2013 vad ska sparas, kastas, affektionsv\u00e4rdets kraft m\u00f6ter uppgivenheten inf\u00f6r m\u00e4ngden \u2013 kan k\u00e4nna medk\u00e4nsla med museipersonalens n\u00e4stintill om\u00f6jliga v\u00e4rv.<\/p>\n<p>&nbsp;<\/p>\n<p><a title=\"Ditt magasin \u2013 Linn\u00e9l\u00e4rjungen och l\u00e4karen Johan Petter Westrings franska t\u00e4cke. by Lotta Sandelin, on Flickr\" href=\"https:\/\/www.flickr.com\/photos\/kultursidan\/18769243375\"><img loading=\"lazy\" decoding=\"async\" src=\"https:\/\/c1.staticflickr.com\/9\/8835\/18769243375_b2fea5f25e.jpg\" alt=\"Ditt magasin \u2013 Linn\u00e9l\u00e4rjungen och l\u00e4karen Johan Petter Westrings franska t\u00e4cke.\" width=\"400\" height=\"267\" \/><\/a><br \/>\n<em> Exklusiv textil. Linn\u00e9l\u00e4rjungen och l\u00e4karen Johan Petter Westrings franska sovt\u00e4cke.<\/em><\/p>\n<p>&nbsp;<\/p>\n<p><strong>Tio f\u00f6rem\u00e5l eller samlingar lyfts fram lite extra i glasmontrar med h\u00f6g s\u00e4kerhetsklass vad g\u00e4ller temperatur, luftfuktighet och fingrar.<\/strong> Antikvitetshandlaren Jean Lawskis uts\u00f6kta vapensamling. Fanan fr\u00e5n kvinnornas f\u00f6rsta fackf\u00f6rening i Norrk\u00f6ping. Idrottskvinnan Majken \u00c5bergs slungboll och skor. Bengt Danielssons prydnadssegelb\u00e5t han fick som pojke. H\u00f6gt och l\u00e5gt, fantastiskt och fult.<\/p>\n<p>Dr\u00f6j vid Johan Petter Westrings exklusiva vita franska t\u00e4cke. Se de pedagogiska leksakerna hos systrarna Moberg, fr\u00f6knarna p\u00e5 Fr\u00f6bels som lade grunden till den svenska f\u00f6rskolepedagogiken.<\/p>\n<p>Personerna som f\u00f6rknippas med f\u00f6rem\u00e5len beskrivs i en text intill. Men \u00e4r just dessa personer de viktigaste? Det kunde varit andra f\u00f6rem\u00e5l, andra personer. \u00c4r det slumpens urval som skapar ber\u00e4ttelsen om Norrk\u00f6ping i det allm\u00e4nna minnet?<\/p>\n<p><strong>Men utst\u00e4llningen lider av sk\u00f6nhetsfl\u00e4ckar.<\/strong> \u201dVarg-Olle\u201d p\u00e5st\u00e5s vara den ber\u00f6mde speedwayf\u00f6rarens \u00f6knamn i st\u00e4llet f\u00f6r att vara hans smeknamn. Norrk\u00f6pings ok\u00e4nda soldat har aldrig varit ok\u00e4nd p\u00e5 det s\u00e4tt som avses med uttrycket.<\/p>\n<p>En utsmyckning huggen i sten, kanske ett portstycke, kallas f\u00f6r sk\u00f6ld. M\u00f6jligen att det \u00e4r en avbildning av hertiginnan Maria Elisabet Vasas eller hennes mors sl\u00e4kts vapensk\u00f6ld med den Holsteinska svanen (dessutom svajar stavningen av hennes f\u00f6rnamn i presentationstexten).<\/p>\n<p>S\u00e5 kan det vara p\u00e5 en skolutst\u00e4llning men duger inte p\u00e5 ett Stadsmuseum.<\/p>\n<p><strong>V\u00e4rre \u00e4r att Stadsmuseets sida p\u00e5 kommunens hemsida<\/strong> \u00e4nnu inte uppdaterats med den nya utst\u00e4llningen <em>Ditt magasin. <\/em><\/p>\n<p><em>Text och foto: Ann-Charlotte Sandelin<\/em><br \/>\nBILDSPEL (FLASH) \u2013 KLICKA P\u00c5 BILDEN <em><br \/>\nALT\/MOBIL: SE BILDSPELET <a title=\"Bildspel\" href=\"https:\/\/www.flickr.com\/photos\/kultursidan\/sets\/72157654488991522\/show\/\" target=\"_blank\">H\u00c4R<\/a><\/em><br \/>\n<object width=\"400\" height=\"300\"><param name=\"flashvars\" value=\"offsite=true&amp;lang=en-us&amp;page_show_url=%2Fphotos%2Fkultursidan%2Fsets%2F72157654488991522%2Fshow%2F&amp;page_show_back_url=%2Fphotos%2Fkultursidan%2Fsets%2F72157654488991522%2F&amp;set_id=72157654488991522&amp;jump_to=\" \/><param name=\"movie\" value=\"https:\/\/www.flickr.com\/apps\/slideshow\/show.swf?v=1811922554\" \/><param name=\"allowFullScreen\" value=\"true\" \/><\/object><\/p>\n<blockquote>\n<h3>\u00a0<em>STADSMUSEET Norrk\u00f6ping<\/em><\/h3>\n<p>31 maj \u2013 18 oktober 2015<em><br \/>\n<strong>Ditt magasin \u2013 bland prylar och livs\u00f6den<\/strong><\/em><br \/>\n<em> Utst\u00e4llning<\/em><\/p><\/blockquote>\n<p>L\u00c4NKAR<br \/>\nNorrk\u00f6pings stadsmuseum <a href=\"http:\/\/www.norrkoping.se\/kultur-fritid\/museer\/stadsmuseum\/\" target=\"_blank\">hemsida<\/a> <a href=\"https:\/\/www.facebook.com\/Norrkopingsstadsmuseum?fref=ts\" target=\"_blank\">Facebook<\/a><\/p>\n","protected":false},"excerpt":{"rendered":"<p>NORRK\u00d6PING Kan inte museibes\u00f6karna komma till Br\u00e5vallamagasinet s\u00e5 f\u00e5r Br\u00e5vallamagasinet komma till museibes\u00f6karna. S\u00e5 tycks Norrk\u00f6pings stadsmuseum ha t\u00e4nkt inf\u00f6r \u00e5rets sommarutst\u00e4llning. Rolig, omv\u00e4xlande och charmig. Inte utan sk\u00f6nhetsfl\u00e4ckar. <a class=\"continue-reading-link\" href=\"https:\/\/www.kultursidan.nu\/?p=20196\">L\u00e4s mer <span class=\"meta-nav\">&rarr; <\/span><\/a><\/p>\n","protected":false},"author":1001006,"featured_media":0,"comment_status":"closed","ping_status":"open","sticky":false,"template":"","format":"standard","meta":{"_jetpack_memberships_contains_paid_content":false,"footnotes":""},"categories":[7],"tags":[47],"class_list":["post-20196","post","type-post","status-publish","format-standard","hentry","category-norrkoping","tag-utstallning"],"jetpack_featured_media_url":"","jetpack_sharing_enabled":true,"_links":{"self":[{"href":"https:\/\/www.kultursidan.nu\/index.php?rest_route=\/wp\/v2\/posts\/20196","targetHints":{"allow":["GET"]}}],"collection":[{"href":"https:\/\/www.kultursidan.nu\/index.php?rest_route=\/wp\/v2\/posts"}],"about":[{"href":"https:\/\/www.kultursidan.nu\/index.php?rest_route=\/wp\/v2\/types\/post"}],"author":[{"embeddable":true,"href":"https:\/\/www.kultursidan.nu\/index.php?rest_route=\/wp\/v2\/users\/1001006"}],"replies":[{"embeddable":true,"href":"https:\/\/www.kultursidan.nu\/index.php?rest_route=%2Fwp%2Fv2%2Fcomments&post=20196"}],"version-history":[{"count":0,"href":"https:\/\/www.kultursidan.nu\/index.php?rest_route=\/wp\/v2\/posts\/20196\/revisions"}],"wp:attachment":[{"href":"https:\/\/www.kultursidan.nu\/index.php?rest_route=%2Fwp%2Fv2%2Fmedia&parent=20196"}],"wp:term":[{"taxonomy":"category","embeddable":true,"href":"https:\/\/www.kultursidan.nu\/index.php?rest_route=%2Fwp%2Fv2%2Fcategories&post=20196"},{"taxonomy":"post_tag","embeddable":true,"href":"https:\/\/www.kultursidan.nu\/index.php?rest_route=%2Fwp%2Fv2%2Ftags&post=20196"}],"curies":[{"name":"wp","href":"https:\/\/api.w.org\/{rel}","templated":true}]}}