{"id":20295,"date":"2015-06-24T09:54:56","date_gmt":"2015-06-24T08:54:56","guid":{"rendered":"https:\/\/intelligent-friend-7861.standoutwp.com\/?p=20295"},"modified":"2015-06-24T10:20:54","modified_gmt":"2015-06-24T09:20:54","slug":"planera-for-bravallafestival-i-tio-ar-till","status":"publish","type":"post","link":"https:\/\/www.kultursidan.nu\/?p=20295","title":{"rendered":"Planera f\u00f6r Br\u00e5vallafestival i tio \u00e5r till (kr\u00f6nika)"},"content":{"rendered":"<p><a href=\"https:\/\/www.kultursidan.nu\/wp-content\/uploads\/2015\/06\/Folkert-Koopmans-skriver-under.jpg\"><img loading=\"lazy\" decoding=\"async\" class=\"alignnone size-medium wp-image-20296\" src=\"https:\/\/www.kultursidan.nu\/wp-content\/uploads\/2015\/06\/Folkert-Koopmans-skriver-under-567x377.jpg\" alt=\"Folkert Koopmans skriver under\" width=\"567\" height=\"377\" srcset=\"https:\/\/www.kultursidan.nu\/wp-content\/uploads\/2015\/06\/Folkert-Koopmans-skriver-under-567x377.jpg 567w, https:\/\/www.kultursidan.nu\/wp-content\/uploads\/2015\/06\/Folkert-Koopmans-skriver-under-1024x680.jpg 1024w, https:\/\/www.kultursidan.nu\/wp-content\/uploads\/2015\/06\/Folkert-Koopmans-skriver-under-501x333.jpg 501w, https:\/\/www.kultursidan.nu\/wp-content\/uploads\/2015\/06\/Folkert-Koopmans-skriver-under-150x100.jpg 150w, https:\/\/www.kultursidan.nu\/wp-content\/uploads\/2015\/06\/Folkert-Koopmans-skriver-under.jpg 1280w\" sizes=\"auto, (max-width: 567px) 100vw, 567px\" \/><\/a><br \/>\n<em>Tio \u00e5r till. Folkert Koopmans skriver p\u00e5. Till v\u00e4nster Stefan Papangelis, VD f\u00f6r Upplev Norrk\u00f6ping, till h\u00f6ger Lars Stjernqvist, kommunstyrelsens ordf\u00f6rande.<br \/>\n<\/em><\/p>\n<p>&nbsp;<\/p>\n<h1><span style=\"color: #ff0000;\">Tiden \u00e4r den avg\u00f6rande skillnaden<\/span><\/h1>\n<p>&nbsp;<\/p>\n<p><strong>2016\u20132025. Kommunen har l\u00e4nge flaggat f\u00f6r att ett l\u00e5ngtidsavtal var p\u00e5 g\u00e5ng med FKP Scorpio som arrangerar Br\u00e5vallafestivalen.<\/strong> I tisdags eftermiddag, direkt efter kommunstyrelsens sammantr\u00e4de, skrev Folkert Koopmans och Lars Stjernqvist under f\u00f6r ytterligare tio \u00e5r. Tyngden i signalv\u00e4rdet kan inte underskattas.<\/p>\n<p>\u2013 Avtalet ger FKP Scorpio option att nyttja mark och byggnader p\u00e5 Br\u00e5valla. De avropar inf\u00f6r varje \u00e5r, f\u00f6rklarade Upplev Norrk\u00f6pings VD Stefan Papangelis p\u00e5 aff\u00e4rssvenska.<\/p>\n<p>Kartan \u00e4r densamma, kommunens service \u00e4r densamma \u2013 mer och b\u00e4ttre vatten kommer ju redan i \u00e5r \u2013 och st\u00e4dningen ska preciseras lite b\u00e4ttre. Inneh\u00e5llsm\u00e4ssigt \u00e4r det nya avtalet i stort sett detsamma tidigare \u00e5rs \u00f6verenskommelser.<\/p>\n<p>&nbsp;<\/p>\n<p><a title=\"Folkert Koopmans by Lotta Sandelin, on Flickr\" href=\"https:\/\/www.flickr.com\/photos\/kultursidan\/18920619350\"><img loading=\"lazy\" decoding=\"async\" src=\"https:\/\/c1.staticflickr.com\/1\/532\/18920619350_6e22fa79b2.jpg\" alt=\"Folkert Koopmans\" width=\"400\" height=\"266\" \/><\/a><br \/>\n<em> Ingen kostymnisse. Folkert Koopmans ger ett lugnt och engagerat intryck.<\/em><\/p>\n<p>&nbsp;<\/p>\n<p><strong>Tiden \u00e4r den avg\u00f6rande skillnaden.<\/strong> Kommunstyrelsens ordf\u00f6rande Lars Stjernqvist talade, f\u00f6rst\u00e5s, \u00e5ter om visionen om Norrk\u00f6ping som musikhuvudstad \u00e5r 2020. Stefan Papangelis om att Br\u00e5vallafestivalen snabbt blivit ett av Norrk\u00f6pings starkaste varum\u00e4rken.<\/p>\n<p>\u2013 Det h\u00e4r g\u00f6r att f\u00f6retagen kan planera och investera, lyfte Folkert Koopmans fram och syftade p\u00e5 b\u00e5de stora artistmanagers \u2013 FKP Scorpio har ett eget artiststall \u2013 och sm\u00e5 spelare som hotell och restauranger.<\/p>\n<p>Det v\u00e4xande musikunderh\u00e5llningsf\u00f6retaget FKP Scorpio ordnar festivaler, turn\u00e9er och shower. Det inneb\u00e4r att utrustningen kan flyttas fr\u00e5n festival till festival, fr\u00e5n land till land. S\u00e5dant sliter och till exempel scenerna beh\u00f6ver regelbundet ses \u00f6ver. Sj\u00e4lv talar han om att investera i nya stora elgeneratorer. F\u00f6r att Br\u00e5valla ska bli Skandinaviens b\u00e4sta, inte bara st\u00f6rsta, festival beh\u00f6ver han skruva lite mer p\u00e5 den, lite h\u00e4r och lite d\u00e4r.<\/p>\n<p><strong>Att de stora pengarna g\u00e5r kommunens n\u00e4sa f\u00f6rbi bekymrar inte finanskommunalr\u00e5det Stjernqvist.<\/strong> Jag har tidigare h\u00f6rt honom s\u00e4ga att risktagande (bara artistgagerna g\u00e5r p\u00e5 mellan 100 och 150 miljoner per festival) och vinsth\u00e4mtning \u00e4r f\u00f6retagets sak. Nu s\u00e4ger han det igen.<\/p>\n<p>Det \u00e4r helt i sin ordning att han markerar gr\u00e4nsen mellan vad en kommun ska g\u00f6ra och vad f\u00f6retag ska g\u00f6ra. Han vet ju att en hel del trots allt g\u00f6r nytta i form av handel \u2013 t\u00e4lt, gummist\u00f6vlar och mat \u2013 f\u00f6r att inte tala om hotelln\u00e4tter. Det ger oms\u00e4ttning och l\u00f6ner \u2013 som i sin tur ger skatteint\u00e4kter v\u00e4rda m\u00e5nga miljoner.<\/p>\n<p>\u2013 S\u00f6rby herrg\u00e5rd serverar 20.000 portioner till artister, anst\u00e4llda och volont\u00e4rer, exemplifierar Stefan Papangelis.<\/p>\n<p>&nbsp;<\/p>\n<p><a title=\"Undertecknat by Lotta Sandelin, on Flickr\" href=\"https:\/\/www.flickr.com\/photos\/kultursidan\/19113603981\"><img loading=\"lazy\" decoding=\"async\" src=\"https:\/\/c4.staticflickr.com\/4\/3866\/19113603981_481341d946.jpg\" alt=\"Undertecknat\" width=\"400\" height=\"267\" \/><\/a><br \/>\n<em> Signerat. Avtalet skrivs under av fyra personer: Lars Stjernqvist, Kicki Liljeblad (som inte var med vid presskonferensen), Stefan Papangelis och Folkert Koopmans.<\/em><\/p>\n<p>&nbsp;<\/p>\n<p><strong>Tio\u00e5rsavtalet g\u00e4ller faktiskt bara ett stort f\u00e4lt och n\u00e5gra byggnader en m\u00e5nad per \u00e5r. <\/strong>Det inneb\u00e4r att Br\u00e5vallafestivalen kan ruckas p\u00e5 n\u00e5gon vecka hit eller dit, men inte mer. Stefan Papangelis p\u00e5pekar att allt mest st\u00e5tt tomt sedan flygmakten l\u00e4mnade.<\/p>\n<p>Tio \u00e5r \u00e4r en rimlig tidshorisont. Tillr\u00e4ckligt l\u00e5ng f\u00f6r att v\u00e5ga investera. Tillr\u00e4ckligt kort f\u00f6r att en kommun med pl\u00f6tslig v\u00e4xtv\u00e4rk ska kunna fundera \u00f6ver hur Br\u00e5valla ska anv\u00e4ndas i framtiden. Avtalet f\u00e5r inte l\u00e4gga en d\u00f6d hand \u00f6ver det gamla flygf\u00e4ltet.<\/p>\n<p>Det \u00e4r ocks\u00e5 en lagom tidsrymd f\u00f6r en gigantisk festivalarrang\u00f6r att se \u00f6ver om konceptet med utescener f\u00f6r st\u00e5ende publik i regn och lera h\u00e5ller \u00e4ven under 2020-talet eller om det \u00e4r dags att flytta och f\u00f6r\u00e4ndra sin underh\u00e5llningscirkus.<\/p>\n<p>Ja just det, d\u00e4r finns en passus i avtalet om att kommunen inte f\u00e5r ge tillst\u00e5nd till konkurrerande stora konsertarrangemang under ett par veckor runt festivalen.<\/p>\n<p><strong>Folkert Koopmans \u00e4r minst av allt en kostymnisse. <\/strong>I sin eviga mjukistr\u00f6ja \u00e4r han sig lik sedan den d\u00e4r festivalen jag tror att han startade med sina kompisar n\u00e5gon g\u00e5ng f\u00f6r mer \u00e4n 25 \u00e5r sedan. Jag fr\u00e5gar vad han ser fram emot de n\u00e4rmaste dagarna.<\/p>\n<p>\u2013 Bra v\u00e4der!, s\u00e4ger han och jag anar ett bistert leende mot alla lomh\u00f6rda v\u00e4dergudar.<\/p>\n<p>\u2013 Bra underh\u00e5llning, forts\u00e4tter han entusiastiskt utan att specificera n\u00e5gra favoritakter. Det blir eldshower och fyrverkerier!<\/p>\n<p><em>Text: Ann-Charlotte Sandelin<br \/>\nFoto: Sven \u00c5ke Molund<\/em><\/p>\n<p>BILDSPEL (FLASH) \u2013 KLICKA P\u00c5 BILDEN <em><br \/>\nALT\/MOBIL: SE BILDSPELET <a title=\"Bildspel\" href=\"https:\/\/www.flickr.com\/photos\/kultursidan\/sets\/72157654978831412\/show\/\" target=\"_blank\">H\u00c4R<\/a><\/em><br \/>\n<object width=\"400\" height=\"300\"><param name=\"flashvars\" value=\"offsite=true&amp;lang=en-us&amp;page_show_url=%2Fphotos%2Fkultursidan%2Fsets%2F72157654978831412%2Fshow%2F&amp;page_show_back_url=%2Fphotos%2Fkultursidan%2Fsets%2F72157654978831412%2F&amp;set_id=72157654978831412&amp;jump_to=\" \/><param name=\"movie\" value=\"https:\/\/www.flickr.com\/apps\/slideshow\/show.swf?v=1811922554\" \/><param name=\"allowFullScreen\" value=\"true\" \/><\/object><\/p>\n<blockquote>\n<h3><em>BR\u00c5VALLA Norrk\u00f6ping<\/em><\/h3>\n<p>2016, 2017, 2018, 2019, 2020, 2021, 2022, 2023, 2024, 2025<em><br \/>\n<strong>Br\u00e5vallafestivalen<\/strong><\/em><br \/>\n<em> Option under tio \u00e5r, med m\u00f6jlighet att avst\u00e5 under ett \u00e5r<\/em><br \/>\n<em> Avtal mellan Norrk\u00f6pings Kommun och FKP Scorpio Hultsfred AB<\/em><\/p><\/blockquote>\n<p>L\u00c4NKAR<br \/>\nBr\u00e5valla <a href=\"http:\/\/www.bravallafestival.se\" target=\"_blank\">hemsida<\/a> <a href=\"https:\/\/www.facebook.com\/bravallafestivalen?ref=ts&amp;fref=ts\" target=\"_blank\">Facebook<\/a><br \/>\nFKP Scorpio <a href=\"http:\/\/group.fkpscorpio.com\/en\/\" target=\"_blank\">hemsida <\/a><\/p>\n","protected":false},"excerpt":{"rendered":"<p>NORRK\u00d6PING 2016\u20132025. Kommunen har l\u00e4nge flaggat f\u00f6r att ett l\u00e5ngtidsavtal var p\u00e5 g\u00e5ng med FKP Scorpio som arrangerar Br\u00e5vallafestivalen. I tisdags eftermiddag skrev Folkert Koopmans och Lars Stjernqvist under f\u00f6r tio \u00e5r till. Tyngden i signalv\u00e4rdet kan inte underskattas. <a class=\"continue-reading-link\" href=\"https:\/\/www.kultursidan.nu\/?p=20295\">L\u00e4s mer <span class=\"meta-nav\">&rarr; <\/span><\/a><\/p>\n","protected":false},"author":1001006,"featured_media":0,"comment_status":"closed","ping_status":"open","sticky":false,"template":"","format":"standard","meta":{"_jetpack_memberships_contains_paid_content":false,"footnotes":""},"categories":[7],"tags":[13,56],"class_list":["post-20295","post","type-post","status-publish","format-standard","hentry","category-norrkoping","tag-musik","tag-politik"],"jetpack_featured_media_url":"","jetpack_sharing_enabled":true,"_links":{"self":[{"href":"https:\/\/www.kultursidan.nu\/index.php?rest_route=\/wp\/v2\/posts\/20295","targetHints":{"allow":["GET"]}}],"collection":[{"href":"https:\/\/www.kultursidan.nu\/index.php?rest_route=\/wp\/v2\/posts"}],"about":[{"href":"https:\/\/www.kultursidan.nu\/index.php?rest_route=\/wp\/v2\/types\/post"}],"author":[{"embeddable":true,"href":"https:\/\/www.kultursidan.nu\/index.php?rest_route=\/wp\/v2\/users\/1001006"}],"replies":[{"embeddable":true,"href":"https:\/\/www.kultursidan.nu\/index.php?rest_route=%2Fwp%2Fv2%2Fcomments&post=20295"}],"version-history":[{"count":0,"href":"https:\/\/www.kultursidan.nu\/index.php?rest_route=\/wp\/v2\/posts\/20295\/revisions"}],"wp:attachment":[{"href":"https:\/\/www.kultursidan.nu\/index.php?rest_route=%2Fwp%2Fv2%2Fmedia&parent=20295"}],"wp:term":[{"taxonomy":"category","embeddable":true,"href":"https:\/\/www.kultursidan.nu\/index.php?rest_route=%2Fwp%2Fv2%2Fcategories&post=20295"},{"taxonomy":"post_tag","embeddable":true,"href":"https:\/\/www.kultursidan.nu\/index.php?rest_route=%2Fwp%2Fv2%2Ftags&post=20295"}],"curies":[{"name":"wp","href":"https:\/\/api.w.org\/{rel}","templated":true}]}}