{"id":20323,"date":"2015-06-25T21:43:39","date_gmt":"2015-06-25T20:43:39","guid":{"rendered":"https:\/\/intelligent-friend-7861.standoutwp.com\/?p=20323"},"modified":"2015-06-26T06:13:02","modified_gmt":"2015-06-26T05:13:02","slug":"surf-sonic-city-i-sinnesjukt-tempo-recension","status":"publish","type":"post","link":"https:\/\/www.kultursidan.nu\/?p=20323","title":{"rendered":"Sonic Surf City i sinnesjukt tempo (recension)"},"content":{"rendered":"<p><a href=\"https:\/\/www.kultursidan.nu\/wp-content\/uploads\/2015\/06\/IMG_1214.jpg\"><img loading=\"lazy\" decoding=\"async\" class=\"alignnone size-medium wp-image-20324\" src=\"https:\/\/www.kultursidan.nu\/wp-content\/uploads\/2015\/06\/IMG_1214-567x425.jpg\" alt=\"Sonic Surf City\" width=\"567\" height=\"425\" srcset=\"https:\/\/www.kultursidan.nu\/wp-content\/uploads\/2015\/06\/IMG_1214-567x425.jpg 567w, https:\/\/www.kultursidan.nu\/wp-content\/uploads\/2015\/06\/IMG_1214-1024x768.jpg 1024w, https:\/\/www.kultursidan.nu\/wp-content\/uploads\/2015\/06\/IMG_1214-444x333.jpg 444w, https:\/\/www.kultursidan.nu\/wp-content\/uploads\/2015\/06\/IMG_1214-150x113.jpg 150w, https:\/\/www.kultursidan.nu\/wp-content\/uploads\/2015\/06\/IMG_1214.jpg 1280w\" sizes=\"auto, (max-width: 567px) 100vw, 567px\" \/><\/a><br \/>\n<em>Sonic Surf City. Inte alla musiker kan st\u00e5 framf\u00f6r en publik ikl\u00e4dd tropikkostym och en Star Wars-gitarr utan att se det minsta l\u00f6jlig ut. Ola \u201dWoody\u201d Hermanson kan.<\/em><\/p>\n<p>&nbsp;<\/p>\n<h1><span style=\"color: #ff0000;\">Surfsonica som de kallar det<\/span><\/h1>\n<p>&nbsp;<\/p>\n<p><strong>S\u00e5 intog d\u00e5 Norrk\u00f6pings (eller ska vi s\u00e4ga v\u00e4rldens..?) st\u00f6rsta surfrockare Br\u00e5valla med \u00e4ran att sparka ig\u00e5ng festivalen.<\/strong> Och det gjorde de med den \u00e4ran. Det var fullt \u00f6s fr\u00e5n b\u00f6rjan, och publiken tittade sig yrvaket omkring.<\/p>\n<p>Sj\u00e4lv var jag f\u00f6rv\u00e4ntansfull redan innan det f\u00f6rsta ackordet. Mycket p\u00e5 grund av den smakfulla dekoren \u2013 helsvart f\u00f6rutom den orangea f\u00f6rst\u00e4rkaren i mitten. Inte blev det s\u00e4mre n\u00e4r bandet kom ut p\u00e5 scenen \u2013 helsvarta f\u00f6rutom kahkikl\u00e4dda Ola i mitten if\u00f6rd tropikhatt.<\/p>\n<p>&nbsp;<\/p>\n<p><a title=\"Samuel Sandelin - 01 Sonic Surf City (9) by Lotta Sandelin, on Flickr\" href=\"https:\/\/www.flickr.com\/photos\/kultursidan\/18969124049\"><img loading=\"lazy\" decoding=\"async\" src=\"https:\/\/c4.staticflickr.com\/4\/3831\/18969124049_a3f953333f.jpg\" alt=\"Samuel Sandelin - 01 Sonic Surf City (9)\" width=\"400\" height=\"266\" \/><\/a><br \/>\n<em> Sha Na Na Na Na. Det har l\u00e5tit fint \u00e4nda sedan 1993.<\/em><\/p>\n<p>&nbsp;<\/p>\n<p><strong><em>Sha Na Na Na Na<\/em><\/strong><strong> sjunger bandet, och vi fattar precis. <\/strong>Det har l\u00e5tit fint \u00e4nda sedan 1993. Det \u00e4r lite glest bland massorna, men snart fylls det p\u00e5. Fast det \u00e4r lite tidigt p\u00e5 dagen och lite f\u00f6r ljust f\u00f6r att de riktigt ska komma loss. \u00c4nd\u00e5 \u00e4r det n\u00e5gra som f\u00f6rs\u00f6ker skapa festivalens f\u00f6rsta moshpit p\u00e5 slutet. S\u00e5 ska det se ut!<\/p>\n<p>Spelningen forts\u00e4tter i ett sinnessjukt tempo med 30 \u00e5r gamla l\u00e5tar med snygga doarefr\u00e4nger. Surfsonica, som de kallar det. En blandning av surfmusik som andas 60-tal, en gnutta do-wop och en hel massa punk.<\/p>\n<p><strong>Men s\u00e5 blir det nytt ocks<\/strong>\u00e5. <em>Fabio And I<\/em> handlar om den ber\u00f6mda fotomodellen Fabio Lanzone och n\u00e4r han hj\u00e4lpte Ola \u201dWoody\u201d Hermanson att flytta, p\u00e5st\u00e5r han. Fan tro\u2019t. Till djungeltrummorna i <em>Surfin\u2019 Amazonas<\/em> fladdrar hussvalorna framf\u00f6r scenen och blir halvd\u00f6va p\u00e5 kuppen. <em>Down on the Beach<\/em> presenterar de som sin kanske b\u00e4sta l\u00e5t. Den b\u00f6rjar lugnt och balladaktigt\u2026 och sen bara v\u00e4xer och v\u00e4xer den. Och s\u00e5 en socialrealistisk l\u00e5t om att <em>Driving in my SAAB<\/em> (ba-ba-ba-ba-bab).<\/p>\n<p>&nbsp;<\/p>\n<p><a title=\"Samuel Sandelin - 01 Sonic Surf City (22) by Lotta Sandelin, on Flickr\" href=\"https:\/\/www.flickr.com\/photos\/kultursidan\/18969122999\"><img loading=\"lazy\" decoding=\"async\" src=\"https:\/\/c1.staticflickr.com\/1\/440\/18969122999_a80ba2b079.jpg\" alt=\"Samuel Sandelin - 01 Sonic Surf City (22)\" width=\"400\" height=\"266\" \/><\/a><br \/>\n<em> Vem kan japanska? Vad st\u00e5r det p\u00e5 Charlies trummor?<\/em><\/p>\n<p>&nbsp;<\/p>\n<p><strong>Snyggast p\u00e5 scenen \u00e4r \u00e4nd\u00e5 kanske Olas nya Millennium Falcon-telecaster.<\/strong> Den \u00e4r ett fullkomligt osannolikt bygge! Och inte alla musiker kan st\u00e5 framf\u00f6r en publik ikl\u00e4dd tropikkostym och en Star Wars-gitarr utan att se det minsta l\u00f6jlig ut.<\/p>\n<p>De tar \u00e4ran \u00e5t sig att ha f\u00e5tt molnen att spricka. \u201dR\u00f6sta p\u00e5 sommaren \u2013 den \u00e4r b\u00e4ttre \u00e4n alla partier!, och s\u00e5 f\u00f6rst\u00e5s <em>Vote for Summer<\/em>. Det bara att h\u00e5lla med, men nu \u00e4r det slut. Nej, v\u00e4nta.. <em>Surfin\u2019 USA <\/em>och <em>Surfin\u2019 Bird <\/em>sk\u00f6ljer \u00f6ver oss i ett hisnande tempo. Tv\u00e5 JAS-plan drar \u00f6ver v\u00e5ra huvuden n\u00e4stan lika snabbt.<\/p>\n<p><em>Text: Michael Strandhed<br \/>\nFoto: Samuel Sandelin och Michael Strandhed<\/em><\/p>\n<p>BILDSPEL (FLASH) \u2013 KLICKA P\u00c5 BILDEN <em><br \/>\nALT\/MOBIL: SE BILDSPELET <a title=\"Bildspel\" href=\"https:\/\/www.flickr.com\/photos\/kultursidan\/sets\/72157652731757824\/show\/\" target=\"_blank\">H\u00c4R<\/a><\/em><br \/>\n<object width=\"400\" height=\"300\"><param name=\"flashvars\" value=\"offsite=true&amp;lang=en-us&amp;page_show_url=%2Fphotos%2Fkultursidan%2Fsets%2F72157652731757824%2Fshow%2F&amp;page_show_back_url=%2Fphotos%2Fkultursidan%2Fsets%2F72157652731757824%2F&amp;set_id=72157652731757824&amp;jump_to=\" \/><param name=\"movie\" value=\"https:\/\/www.flickr.com\/apps\/slideshow\/show.swf?v=1811922554\" \/><param name=\"allowFullScreen\" value=\"true\" \/><\/object><\/p>\n<blockquote>\n<h3><em>BR\u00c5VALLA FESTIVAL Norrk\u00f6ping<\/em><\/h3>\n<p>25 juni 2015<br \/>\nScen: Juno 13.00<em><br \/>\n<strong>Sonic Surf City<\/strong><\/em><\/p><\/blockquote>\n<p>L\u00c4NKAR<br \/>\nSonic Surf City <a href=\"http:\/\/www.sonicsurfcity.com\" target=\"_blank\">hemsida<\/a> <a href=\"https:\/\/www.facebook.com\/sonicsurfcity\" target=\"_blank\">Facebook <\/a><br \/>\nBr\u00e5valla festival <a href=\"http:\/\/www.bravallafestival.se\" target=\"_blank\">hemsida<\/a> <a href=\"https:\/\/www.facebook.com\/bravallafestivalen?ref=ts&amp;fref=ts\" target=\"_blank\">Facebook<\/a><\/p>\n<p>BR\u00c5VALLA \u2013 inf\u00f6r festivalen<br \/>\nNu du Br\u00e5valla. Nu k\u00f6r vi! <a href=\"https:\/\/www.kultursidan.nu\/?p=20311\" target=\"_blank\">reportage<\/a> Kultursidan.nu 25\/6 2015<br \/>\nPlanera f\u00f6r Br\u00e5vallafestival i tio \u00e5r till <a href=\"https:\/\/www.kultursidan.nu\/?p=20295\" target=\"_blank\">kr\u00f6nika<\/a> Kultursidan.nu 24\/6 2015<\/p>\n","protected":false},"excerpt":{"rendered":"<p>NORRK\u00d6PING Sha Na Na Na Na sjunger bandet, och vi fattar precis. Det har l\u00e5tit fint \u00e4nda sedan 1993. Molnen spricker upp n\u00e4r Norrk\u00f6pings\/v\u00e4rldens st\u00f6rsta surfockare Sonic Surf City \u00f6ppnar Br\u00e5valla festival. <a class=\"continue-reading-link\" href=\"https:\/\/www.kultursidan.nu\/?p=20323\">L\u00e4s mer <span class=\"meta-nav\">&rarr; <\/span><\/a><\/p>\n","protected":false},"author":1001006,"featured_media":0,"comment_status":"closed","ping_status":"open","sticky":false,"template":"","format":"standard","meta":{"_jetpack_memberships_contains_paid_content":false,"footnotes":""},"categories":[7],"tags":[29,13],"class_list":["post-20323","post","type-post","status-publish","format-standard","hentry","category-norrkoping","tag-festival","tag-musik"],"jetpack_featured_media_url":"","jetpack_sharing_enabled":true,"_links":{"self":[{"href":"https:\/\/www.kultursidan.nu\/index.php?rest_route=\/wp\/v2\/posts\/20323","targetHints":{"allow":["GET"]}}],"collection":[{"href":"https:\/\/www.kultursidan.nu\/index.php?rest_route=\/wp\/v2\/posts"}],"about":[{"href":"https:\/\/www.kultursidan.nu\/index.php?rest_route=\/wp\/v2\/types\/post"}],"author":[{"embeddable":true,"href":"https:\/\/www.kultursidan.nu\/index.php?rest_route=\/wp\/v2\/users\/1001006"}],"replies":[{"embeddable":true,"href":"https:\/\/www.kultursidan.nu\/index.php?rest_route=%2Fwp%2Fv2%2Fcomments&post=20323"}],"version-history":[{"count":0,"href":"https:\/\/www.kultursidan.nu\/index.php?rest_route=\/wp\/v2\/posts\/20323\/revisions"}],"wp:attachment":[{"href":"https:\/\/www.kultursidan.nu\/index.php?rest_route=%2Fwp%2Fv2%2Fmedia&parent=20323"}],"wp:term":[{"taxonomy":"category","embeddable":true,"href":"https:\/\/www.kultursidan.nu\/index.php?rest_route=%2Fwp%2Fv2%2Fcategories&post=20323"},{"taxonomy":"post_tag","embeddable":true,"href":"https:\/\/www.kultursidan.nu\/index.php?rest_route=%2Fwp%2Fv2%2Ftags&post=20323"}],"curies":[{"name":"wp","href":"https:\/\/api.w.org\/{rel}","templated":true}]}}