{"id":20329,"date":"2015-06-26T07:51:16","date_gmt":"2015-06-26T06:51:16","guid":{"rendered":"https:\/\/intelligent-friend-7861.standoutwp.com\/?p=20329"},"modified":"2015-06-26T07:51:16","modified_gmt":"2015-06-26T06:51:16","slug":"osakrade-minnen-fran-bravalla-dag-1-recension","status":"publish","type":"post","link":"https:\/\/www.kultursidan.nu\/?p=20329","title":{"rendered":"Os\u00e4krade minnen fr\u00e5n Br\u00e5valla dag 1 (recension)"},"content":{"rendered":"<p><a href=\"https:\/\/www.kultursidan.nu\/wp-content\/uploads\/2015\/06\/IMG_0334.jpg\"><img loading=\"lazy\" decoding=\"async\" class=\"alignnone size-medium wp-image-20330\" src=\"https:\/\/www.kultursidan.nu\/wp-content\/uploads\/2015\/06\/IMG_0334-567x378.jpg\" alt=\"A Day To Remember.\" width=\"567\" height=\"378\" srcset=\"https:\/\/www.kultursidan.nu\/wp-content\/uploads\/2015\/06\/IMG_0334-567x378.jpg 567w, https:\/\/www.kultursidan.nu\/wp-content\/uploads\/2015\/06\/IMG_0334-1024x682.jpg 1024w, https:\/\/www.kultursidan.nu\/wp-content\/uploads\/2015\/06\/IMG_0334-500x333.jpg 500w, https:\/\/www.kultursidan.nu\/wp-content\/uploads\/2015\/06\/IMG_0334-150x100.jpg 150w, https:\/\/www.kultursidan.nu\/wp-content\/uploads\/2015\/06\/IMG_0334.jpg 1280w\" sizes=\"auto, (max-width: 567px) 100vw, 567px\" \/><\/a><br \/>\n<em>Tuff. Tuffare. Tuffast. Sv\u00e4r g\u00f6r han ocks\u00e5, s\u00e5ngaren Jeremy McKinnon i A Day To Remember.<\/em><\/p>\n<p>&nbsp;<\/p>\n<h1><span style=\"color: #ff0000;\">Gitarrens h\u00f6gre toner g\u00e5r inte igenom<\/span><\/h1>\n<p>&nbsp;<\/p>\n<p><strong>Tuffa <em>A Day To Remember<\/em> bj\u00f6d p\u00e5 en professionell och kraftfull show trots en gr\u00f6tig ljudbild.<\/strong> Gruppen blandar friskt mellan skatepunk och death metal. Men varf\u00f6r m\u00e5ste Jeremy McKinnon sv\u00e4ra hela tiden?<\/p>\n<p><strong>Bastrummans dubbeltramp f\u00e5r hela marken att skaka och br\u00f6stkorgen n\u00e4stan trycks ihop n\u00e4r ljudv\u00e5gorna sprider sig fr\u00e5n scenen.<\/strong> Ljudet \u00e4r starkt, precis lika on\u00f6digt starkt som f\u00f6rr om \u00e5ren n\u00e4r band som spelar gitarrbaserad, h\u00e5rd och tuff musik ska f\u00f6rs\u00f6ka h\u00f6ras s\u00e5 l\u00e5ngt som m\u00f6jligt.<\/p>\n<p>On\u00f6digt starkt s\u00e4ger jag, trots att jag g\u00e4rna spelar starkt sj\u00e4lv. Men det \u00e4r viktigt att veta att mitt starka ljud och det man kan f\u00e5 uppleva som g\u00e4st p\u00e5 Br\u00e5valla inte \u00e4r i samma division. Det h\u00e4nder saker med ljudbildens helhet n\u00e4r basen och trummorna \u00e4r s\u00e5 dominerande. Gitarrens h\u00f6gre toner g\u00e5r inte igenom och power-ackorden blir mest en gr\u00f6t som inte \u00e4r till n\u00e5gon st\u00f6rre gl\u00e4dje.<\/p>\n<p>&nbsp;<\/p>\n<p><a title=\"A Day To Remember by Lotta Sandelin, on Flickr\" href=\"https:\/\/www.flickr.com\/photos\/kultursidan\/19141646436\"><img loading=\"lazy\" decoding=\"async\" src=\"https:\/\/c1.staticflickr.com\/1\/527\/19141646436_c2a87427fc.jpg\" alt=\"A Day To Remember\" width=\"400\" height=\"267\" \/><\/a><br \/>\n<em> En otroligt tight och kraftfull show med A Day To Remember.<\/em><\/p>\n<p>&nbsp;<\/p>\n<p><strong>Efter att ha f\u00e5tt h\u00f6ra hur <em>A Day To Remember<\/em> KAN l\u00e5ta p\u00e5 inspelningar s\u00e5 m\u00e5ste jag erk\u00e4nna att jag blev lite besviken.<\/strong> Men det var en otroligt tight och kraftfull show man bj\u00f6d p\u00e5. Professionellt av h\u00f6gsta klass, om man nu bortser fr\u00e5n det som drog ner helheten, n\u00e4mligen ljudet. Visst \u00e4r det viktigt att publiken h\u00f6r musiken ordentligt men det som kr\u00e4vs f\u00f6r det var l\u00e5ngt \u00f6ver den gr\u00e4nsen.<\/p>\n<p>En annan sak jag reagerade negativt p\u00e5 var att s\u00e5ngaren Jeremy McKinnon var tvungen att sv\u00e4ra i varenda \u201dfucking\u201d mening i mellansnacket. Lika omotiverat som det jag nyss skrev k\u00e4ndes det. Jag fick en g\u00e5ng l\u00e4ra mig att den som sv\u00e4r egentligen \u00e4r os\u00e4ker och vill verka tuffare \u00e4n han eller hon egentligen k\u00e4nner sig.<\/p>\n<p><strong>Det \u00e4r sv\u00e5rt att s\u00e4tta en st\u00e4mpel p\u00e5 gruppen.<\/strong> Det blandas friskt mellan skatepunk och death metal, g\u00e4rna i en och samma l\u00e5t, vilket f\u00e5r det att verka som att det g\u00f6rs f\u00f6r sakens egen skull och inte n\u00f6dv\u00e4ndigtvis f\u00f6r att finns en riktig anledning. Men mina \u00e5sikter \u00e4r mina egna och det \u00e4r ingen tvekan om att alla fans som tr\u00e4ngdes framf\u00f6r scenen var med p\u00e5 noterna och uppskattade gruppens framtr\u00e4dande mer \u00e4n jag sj\u00e4lv.<\/p>\n<p>Det blev \u00e4nd\u00e5 en dag att minnas, Br\u00e5valla festivals f\u00f6rsta dag, den 25 juni 2015. En av anledningarna kommer i en separat recension.<\/p>\n<p><strong>ADTR, som h\u00e5llit p\u00e5 sedan 2003, best\u00e5r av f\u00f6ljande medlemmar:<\/strong> Jeremy McKinnon s\u00e5ng, Neil Westfall gitarr, Joshua Woodard bas, Alex Shelnutt, trummor och Kevin Skaff, ocks\u00e5 gitarr.<\/p>\n<p><em>Text: Bj\u00f6rn Eriksson<br \/>\nFoto: Klara Strandhed<\/em><\/p>\n<p>BILDSPEL (FLASH) \u2013 KLICKA P\u00c5 BILDEN <em><br \/>\nALT\/MOBIL: SE BILDSPELET <a title=\"Bildspel\" href=\"https:\/\/www.flickr.com\/photos\/kultursidan\/sets\/72157655064961502\/show\/\" target=\"_blank\">H\u00c4R<\/a><\/em><br \/>\n<object width=\"400\" height=\"300\"><param name=\"flashvars\" value=\"offsite=true&amp;lang=en-us&amp;page_show_url=%2Fphotos%2Fkultursidan%2Fsets%2F72157655064961502%2Fshow%2F&amp;page_show_back_url=%2Fphotos%2Fkultursidan%2Fsets%2F72157655064961502%2F&amp;set_id=72157655064961502&amp;jump_to=\" \/><param name=\"movie\" value=\"https:\/\/www.flickr.com\/apps\/slideshow\/show.swf?v=1811922554\" \/><param name=\"allowFullScreen\" value=\"true\" \/><\/object><\/p>\n<blockquote>\n<h3><em>BR\u00c5VALLA FESTIVAL Norrk\u00f6ping<\/em><\/h3>\n<p>25 juni 2015<br \/>\nScen: Panorama 18.00<em><br \/>\n<strong>A Day To Remember<\/strong><\/em><\/p><\/blockquote>\n<p>L\u00c4NKAR<br \/>\nA Day To Remember <a href=\"http:\/\/adtr.com\" target=\"_blank\">hemsida<\/a> <a href=\"https:\/\/www.facebook.com\/adtr\" target=\"_blank\">Facebook <\/a><br \/>\nBr\u00e5valla festival <a href=\"http:\/\/www.bravallafestival.se\" target=\"_blank\">hemsida<\/a> <a href=\"https:\/\/www.facebook.com\/bravallafestivalen?ref=ts&amp;fref=ts\" target=\"_blank\">Facebook<\/a><\/p>\n<p>BR\u00c5VALLA \u2013 TORSDAG 25 JUNI<br \/>\nSonic Surf City i sinnessjukt tempo <a href=\"https:\/\/www.kultursidan.nu\/?p=20323\" target=\"_blank\">recension<\/a> Kultursidan.nu 25\/5 2015<\/p>\n<p>BR\u00c5VALLA \u2013 INF\u00d6R FESTIVALEN<br \/>\nNu du Br\u00e5valla. Nu k\u00f6r vi! <a href=\"https:\/\/www.kultursidan.nu\/?p=20311\" target=\"_blank\">reportage<\/a> Kultursidan.nu 25\/6 2015<br \/>\nPlanera f\u00f6r Br\u00e5vallafestival i tio \u00e5r till <a href=\"https:\/\/www.kultursidan.nu\/?p=20295\" target=\"_blank\">kr\u00f6nika<\/a> Kultursidan.nu 24\/6 2015<\/p>\n","protected":false},"excerpt":{"rendered":"<p>NORRK\u00d6PING Tuffa A Day To Remember bj\u00f6d p\u00e5 en professionell och kraftfull show trots en gr\u00f6tig ljudbild. Gruppen blandar friskt mellan skatepunk och death metal. Men varf\u00f6r m\u00e5ste Jeremy McKinnon sv\u00e4ra hela tiden? <a class=\"continue-reading-link\" href=\"https:\/\/www.kultursidan.nu\/?p=20329\">L\u00e4s mer <span class=\"meta-nav\">&rarr; <\/span><\/a><\/p>\n","protected":false},"author":1001006,"featured_media":0,"comment_status":"closed","ping_status":"open","sticky":false,"template":"","format":"standard","meta":{"_jetpack_memberships_contains_paid_content":false,"footnotes":""},"categories":[1],"tags":[29,13],"class_list":["post-20329","post","type-post","status-publish","format-standard","hentry","category-okategoriserade","tag-festival","tag-musik"],"jetpack_featured_media_url":"","jetpack_sharing_enabled":true,"_links":{"self":[{"href":"https:\/\/www.kultursidan.nu\/index.php?rest_route=\/wp\/v2\/posts\/20329","targetHints":{"allow":["GET"]}}],"collection":[{"href":"https:\/\/www.kultursidan.nu\/index.php?rest_route=\/wp\/v2\/posts"}],"about":[{"href":"https:\/\/www.kultursidan.nu\/index.php?rest_route=\/wp\/v2\/types\/post"}],"author":[{"embeddable":true,"href":"https:\/\/www.kultursidan.nu\/index.php?rest_route=\/wp\/v2\/users\/1001006"}],"replies":[{"embeddable":true,"href":"https:\/\/www.kultursidan.nu\/index.php?rest_route=%2Fwp%2Fv2%2Fcomments&post=20329"}],"version-history":[{"count":0,"href":"https:\/\/www.kultursidan.nu\/index.php?rest_route=\/wp\/v2\/posts\/20329\/revisions"}],"wp:attachment":[{"href":"https:\/\/www.kultursidan.nu\/index.php?rest_route=%2Fwp%2Fv2%2Fmedia&parent=20329"}],"wp:term":[{"taxonomy":"category","embeddable":true,"href":"https:\/\/www.kultursidan.nu\/index.php?rest_route=%2Fwp%2Fv2%2Fcategories&post=20329"},{"taxonomy":"post_tag","embeddable":true,"href":"https:\/\/www.kultursidan.nu\/index.php?rest_route=%2Fwp%2Fv2%2Ftags&post=20329"}],"curies":[{"name":"wp","href":"https:\/\/api.w.org\/{rel}","templated":true}]}}