{"id":20333,"date":"2015-06-26T12:13:55","date_gmt":"2015-06-26T11:13:55","guid":{"rendered":"https:\/\/intelligent-friend-7861.standoutwp.com\/?p=20333"},"modified":"2015-06-26T12:13:55","modified_gmt":"2015-06-26T11:13:55","slug":"the-districts-harda-1900-talspop-recension","status":"publish","type":"post","link":"https:\/\/www.kultursidan.nu\/?p=20333","title":{"rendered":"The Districts h\u00e5rda 1900-talspop (recension)"},"content":{"rendered":"<p><a href=\"https:\/\/www.kultursidan.nu\/wp-content\/uploads\/2015\/06\/IMG_1278_2.jpg\"><img loading=\"lazy\" decoding=\"async\" class=\"alignnone size-medium wp-image-20334\" src=\"https:\/\/www.kultursidan.nu\/wp-content\/uploads\/2015\/06\/IMG_1278_2-567x425.jpg\" alt=\"The Districts.\" width=\"567\" height=\"425\" srcset=\"https:\/\/www.kultursidan.nu\/wp-content\/uploads\/2015\/06\/IMG_1278_2-567x425.jpg 567w, https:\/\/www.kultursidan.nu\/wp-content\/uploads\/2015\/06\/IMG_1278_2-1024x768.jpg 1024w, https:\/\/www.kultursidan.nu\/wp-content\/uploads\/2015\/06\/IMG_1278_2-444x333.jpg 444w, https:\/\/www.kultursidan.nu\/wp-content\/uploads\/2015\/06\/IMG_1278_2-150x113.jpg 150w, https:\/\/www.kultursidan.nu\/wp-content\/uploads\/2015\/06\/IMG_1278_2.jpg 1280w\" sizes=\"auto, (max-width: 567px) 100vw, 567px\" \/><\/a><br \/>\n<em>The Districts far runt som vilda furier p\u00e5 t\u00e4ltets scen. Vid ett tillf\u00e4lle s\u00e5g det ut som s\u00e5ngaren\/gitarristen skulle m\u00f6rda mikrofonstativet.<br \/>\n<\/em><\/p>\n<p>&nbsp;<\/p>\n<h1><span style=\"color: #ff0000;\">Till\u00e5ts uttrycket v\u00e5lds-indie?<\/span><\/h1>\n<p>&nbsp;<\/p>\n<p><strong>Jag har bara lyssnat p\u00e5 The Districts i ett par veckor, men deras intelligenta pop har f\u00e5ngat mitt intresse.<\/strong> Det f\u00f6rsta som sl\u00e5r mig \u00e4r att de \u00e4r s\u00e5&#8230; unga. Hur \u00e4r det m\u00f6jligt? Musiken \u00e4r ju s\u00e5 sp\u00e4ckad med referenser till \u00e4ldre musik och l\u00e5ter s\u00e5 mogen.<\/p>\n<p>Det andra som sl\u00e5r mig \u00e4r att st\u00f6rre delen av publiken \u00e4r&#8230; lika unga. Och de kan l\u00e5tarna och sjunger med. Hur \u00e4r det m\u00f6jligt? Hur har jag missat t\u00e5get? Och n\u00e4r gick det? Finns det n\u00e5n tidtabell?<\/p>\n<p>Det \u00e4r v\u00e4l bara att inse att jag m\u00e5ste b\u00f6rja lyssna p\u00e5 radio igen. Men det k\u00e4nns s\u00e5 1900-tal. G\u00f6r ungdomar verkligen det, eller finns det n\u00e5n djungeltrumma som g\u00e5r p\u00e5 en frekvens som \u00e4r oh\u00f6rbar f\u00f6r oss lite&#8230; \u00e4ldre?<\/p>\n<p>&nbsp;<\/p>\n<p><a title=\"The Districts by Lotta Sandelin, on Flickr\" href=\"https:\/\/www.flickr.com\/photos\/kultursidan\/19171812555\"><img loading=\"lazy\" decoding=\"async\" src=\"https:\/\/c4.staticflickr.com\/4\/3703\/19171812555_879c4462dd.jpg\" alt=\"The Districts\" width=\"400\" height=\"251\" \/><\/a><br \/>\n<em> The Districts spelar som det vore dagen innan jordens underg\u00e5ng<\/em><\/p>\n<p>&nbsp;<\/p>\n<p><strong>Bara det faktum att de ligger p\u00e5 skivetiketten Fat Possum var nog f\u00f6r att dra till sig mitt intresse.<\/strong> De \u00e4r ju k\u00e4nda f\u00f6r att ha \u00e5terupplivat s\u00e5dana bluesstorheter som exempelvis R L Burnside och T-Model Ford; gamla gubbar som n\u00e4stan var bortgl\u00f6mda. Men det h\u00e4r \u00e4r ju inte blues. Hur gick det h\u00e4r till?<\/p>\n<p>Jag blir inte klok p\u00e5 musiken heller. Det \u00e4r pop, men h\u00e5rd s\u00e5dan. De b\u00e4gge gitarrerna har en n\u00e4rmast o\u00e4ndlig reverb. Jag kommer att t\u00e4nka p\u00e5 tidiga U2 (innan de stelnade till arenarock). Men \u00e4nd\u00e5 inte. De liknar The Hold Steady, men de \u00e4r mycket mer dynamiska. S\u00e5ngerna byggs upp, stannar till, startar om igen. Men de \u00e4r helt klart ber\u00e4ttande. Det finns en americana i botten.<\/p>\n<p>Jack White dyker upp i mina tankar, och en l\u00e5t \u00e4r n\u00e4stan en rip-off p\u00e5 hans band White Stripes <em>We&#8217;re Going To Be Friends<\/em>. Snygg st\u00f6ld!<\/p>\n<p><strong>Alla fyra ser ut som l\u00e5ngh\u00e5riga muppar som g\u00f6mmer sig under luggarna.<\/strong> Men det \u00e4r ingen stilla shoegaze, nej, nej. De far runt som vilda furier p\u00e5 t\u00e4ltets scen. Galnast av alla \u00e4r s\u00e5ngaren\/gitarristen. Vid ett tillf\u00e4lle s\u00e5g det ut som han skulle m\u00f6rda mikrofonstativet. Men alla spelar som det vore dagen innan jordens underg\u00e5ng. Det l\u00e5ter ju s\u00e5 sn\u00e4llt p\u00e5 skivorna, ju.<\/p>\n<p>De v\u00e4ver en ljudmatta med reverb och rundg\u00e5ng. S\u00e5 bromsar den upp innan den s\u00e4tter fart igen. Det \u00e4r b\u00e5de atmosf\u00e4riskt och h\u00e5rt. En sorts v\u00e5lds-indie, om uttrycket f\u00f6rst\u00e5s. Men vem tusan k\u00f6rar? Det \u00e4r ett mysterium. Kanske \u00e4r det ljudteknikern, han verkar vara bandets femte medlem. N\u00e4r rundg\u00e5ngen verkar planl\u00f6s vandrar den pl\u00f6tsligt fr\u00e5n sida till sida.<\/p>\n<p><strong>Mycket bra och mycket underligt.<\/strong> De \u00e4r f\u00f6r unga. Det l\u00e5ter f\u00f6r moget. Och f\u00f6r vackert. Jag tror sommarens strandmusik \u00e4r funnen.<\/p>\n<p><em>Text och foto: Michael Strandhed<\/em><\/p>\n<p>BILDSPEL (FLASH) \u2013 KLICKA P\u00c5 BILDEN <em><br \/>\nALT\/MOBIL: SE BILDSPELET <a title=\"Bildspel\" href=\"https:\/\/www.flickr.com\/photos\/kultursidan\/sets\/72157655095510245\/show\/\" target=\"_blank\">H\u00c4R<\/a><\/em><br \/>\n<object width=\"400\" height=\"300\"><param name=\"flashvars\" value=\"offsite=true&amp;lang=en-us&amp;page_show_url=%2Fphotos%2Fkultursidan%2Fsets%2F72157655095510245%2Fshow%2F&amp;page_show_back_url=%2Fphotos%2Fkultursidan%2Fsets%2F72157655095510245%2F&amp;set_id=72157655095510245&amp;jump_to=\" \/><param name=\"movie\" value=\"https:\/\/www.flickr.com\/apps\/slideshow\/show.swf?v=1811922554\" \/><param name=\"allowFullScreen\" value=\"true\" \/><\/object><\/p>\n<blockquote>\n<h3><em>BR\u00c5VALLA FESTIVAL Norrk\u00f6ping<\/em><\/h3>\n<p>25 juni 2015<br \/>\nScen: Pacific 14:00<br \/>\n<em> <strong>The Districts<\/strong><\/em><\/p><\/blockquote>\n<p>L\u00c4NKAR<br \/>\nThe Districts <a href=\"http:\/\/thedistrictsband.com\" target=\"_blank\">hemsida<\/a> <a href=\"https:\/\/www.facebook.com\/thedistrictsband?fref=ts\" target=\"_blank\">Facebook<\/a><br \/>\nBr\u00e5valla festival <a href=\"http:\/\/www.bravallafestival.se\" target=\"_blank\">hemsida<\/a> <a href=\"https:\/\/www.facebook.com\/bravallafestivalen?ref=ts&amp;fref=ts\" target=\"_blank\">Facebook<\/a><\/p>\n<p>BR\u00c5VALLA \u2013 TORSDAG 25 JUNI<br \/>\nOs\u00e4krade minnen fr\u00e5n Br\u00e5valla dag 1 <a href=\"https:\/\/www.kultursidan.nu\/?p=20329\" target=\"_blank\">recension<\/a> Kultursidan.nu 26\/6 2015 (A Day To Remember)<br \/>\nSonic Surf City i sinnessjukt tempo <a href=\"https:\/\/www.kultursidan.nu\/?p=20323\" target=\"_blank\">recension<\/a> Kultursidan.nu 25\/5 2015<\/p>\n<p>BR\u00c5VALLA \u2013 INF\u00d6R FESTIVALEN<br \/>\nNu du Br\u00e5valla. Nu k\u00f6r vi! <a href=\"https:\/\/www.kultursidan.nu\/?p=20311\" target=\"_blank\">reportage<\/a> Kultursidan.nu 25\/6 2015<br \/>\nPlanera f\u00f6r Br\u00e5vallafestival i tio \u00e5r till <a href=\"https:\/\/www.kultursidan.nu\/?p=20295\" target=\"_blank\">kr\u00f6nika<\/a> Kultursidan.nu 24\/6 2015<\/p>\n","protected":false},"excerpt":{"rendered":"<p>NORRK\u00d6PING N\u00e4r gick t\u00e5get? The Districts sp\u00e4ckar sin musik med referenser till \u00e4ldre musik. Den l\u00e5ter mogen, popig och h\u00e5rd, i t\u00e4ltet ute p\u00e5 Br\u00e5valla. Fyra l\u00e5ngh\u00e5riga muppar spelar som vore det dagen innan jordens underg\u00e5ng. <a class=\"continue-reading-link\" href=\"https:\/\/www.kultursidan.nu\/?p=20333\">L\u00e4s mer <span class=\"meta-nav\">&rarr; <\/span><\/a><\/p>\n","protected":false},"author":1001006,"featured_media":0,"comment_status":"closed","ping_status":"open","sticky":false,"template":"","format":"standard","meta":{"_jetpack_memberships_contains_paid_content":false,"footnotes":""},"categories":[7],"tags":[29,13],"class_list":["post-20333","post","type-post","status-publish","format-standard","hentry","category-norrkoping","tag-festival","tag-musik"],"jetpack_featured_media_url":"","jetpack_sharing_enabled":true,"_links":{"self":[{"href":"https:\/\/www.kultursidan.nu\/index.php?rest_route=\/wp\/v2\/posts\/20333","targetHints":{"allow":["GET"]}}],"collection":[{"href":"https:\/\/www.kultursidan.nu\/index.php?rest_route=\/wp\/v2\/posts"}],"about":[{"href":"https:\/\/www.kultursidan.nu\/index.php?rest_route=\/wp\/v2\/types\/post"}],"author":[{"embeddable":true,"href":"https:\/\/www.kultursidan.nu\/index.php?rest_route=\/wp\/v2\/users\/1001006"}],"replies":[{"embeddable":true,"href":"https:\/\/www.kultursidan.nu\/index.php?rest_route=%2Fwp%2Fv2%2Fcomments&post=20333"}],"version-history":[{"count":0,"href":"https:\/\/www.kultursidan.nu\/index.php?rest_route=\/wp\/v2\/posts\/20333\/revisions"}],"wp:attachment":[{"href":"https:\/\/www.kultursidan.nu\/index.php?rest_route=%2Fwp%2Fv2%2Fmedia&parent=20333"}],"wp:term":[{"taxonomy":"category","embeddable":true,"href":"https:\/\/www.kultursidan.nu\/index.php?rest_route=%2Fwp%2Fv2%2Fcategories&post=20333"},{"taxonomy":"post_tag","embeddable":true,"href":"https:\/\/www.kultursidan.nu\/index.php?rest_route=%2Fwp%2Fv2%2Ftags&post=20333"}],"curies":[{"name":"wp","href":"https:\/\/api.w.org\/{rel}","templated":true}]}}