{"id":20361,"date":"2015-06-27T13:35:53","date_gmt":"2015-06-27T12:35:53","guid":{"rendered":"https:\/\/intelligent-friend-7861.standoutwp.com\/?p=20361"},"modified":"2015-06-27T13:35:53","modified_gmt":"2015-06-27T12:35:53","slug":"winnerbacks-eld-brinner-stilla-och-stark-recension","status":"publish","type":"post","link":"https:\/\/www.kultursidan.nu\/?p=20361","title":{"rendered":"Winnerb\u00e4cks eld brinner stilla och stark (recension)"},"content":{"rendered":"<p><a href=\"https:\/\/www.kultursidan.nu\/wp-content\/uploads\/2015\/06\/Lars-Winnerbck-1.jpeg\"><img loading=\"lazy\" decoding=\"async\" class=\"alignnone size-medium wp-image-20363\" src=\"https:\/\/www.kultursidan.nu\/wp-content\/uploads\/2015\/06\/Lars-Winnerbck-1-567x377.jpeg\" alt=\"Lars Winnerb\u00e4ck\" width=\"567\" height=\"377\" srcset=\"https:\/\/www.kultursidan.nu\/wp-content\/uploads\/2015\/06\/Lars-Winnerbck-1-567x377.jpeg 567w, https:\/\/www.kultursidan.nu\/wp-content\/uploads\/2015\/06\/Lars-Winnerbck-1-1024x680.jpeg 1024w, https:\/\/www.kultursidan.nu\/wp-content\/uploads\/2015\/06\/Lars-Winnerbck-1-501x333.jpeg 501w, https:\/\/www.kultursidan.nu\/wp-content\/uploads\/2015\/06\/Lars-Winnerbck-1-150x100.jpeg 150w, https:\/\/www.kultursidan.nu\/wp-content\/uploads\/2015\/06\/Lars-Winnerbck-1.jpeg 1280w\" sizes=\"auto, (max-width: 567px) 100vw, 567px\" \/><\/a><br \/>\n<em>Inifr\u00e5n granskogen. Lars Winnerb\u00e4ck t\u00e4nde en eld och skingrade r\u00f6kens dimmor.<br \/>\n<\/em><\/p>\n<p>&nbsp;<\/p>\n<h1><span style=\"color: #ff0000;\">Halvv\u00e4gs in i konserten h\u00e4nder n\u00e5got<\/span><\/h1>\n<p>&nbsp;<\/p>\n<p><strong>Det k\u00e4nns litegrann som ett rutinjobb. <\/strong>Bra l\u00e5ter det, det g\u00f6r det alltid. Men det \u00e4r liksom lite\u2026 tr\u00e5kigt. Oengagerat.<\/p>\n<p>Lasse \u00f6ppnar med <em>Vem som helst blues<\/em> fr\u00e5n senaste skivan Hosianna. Det \u00e4r tungt, l\u00e5ngsamt och allvarligt. N\u00e4sta l\u00e5t, <em>G\u00e5 med mig vart jag g\u00e5r,<\/em> \u00e4r p\u00e5 skivan en duett med Th\u00e5str\u00f6m och l\u00e5ter faktiskt som om den kunde varit skriven av honom. Att den kommer s\u00e5 tidigt under konserten grusar mina f\u00f6rhoppningar om att sagde man ska dyka upp som g\u00e4startist och mycket riktigt sjunger Winnerb\u00e4ck hela l\u00e5ten sj\u00e4lv.<\/p>\n<p>&nbsp;<\/p>\n<p><a title=\"Lars Winnerb\u00e4ck by Lotta Sandelin, on Flickr\" href=\"https:\/\/www.flickr.com\/photos\/kultursidan\/19175919446\"><img loading=\"lazy\" decoding=\"async\" src=\"https:\/\/c1.staticflickr.com\/1\/468\/19175919446_8afc493ee6.jpg\" alt=\"Lars Winnerb\u00e4ck\" width=\"266\" height=\"400\" \/><\/a><br \/>\n<em> Lars Winnerb\u00e4ck imponerar.<\/em><\/p>\n<p>&nbsp;<\/p>\n<p><strong>B\u00f6rjan av konserten g\u00e5r i ett l\u00e5ngsamt tempo. <\/strong>Nya l\u00e5tar blandade med l\u00e5ngsamma versioner av \u00e4ldre l\u00e5tar som <em>Elegi<\/em> och <em>Ingen soldat<\/em>. R\u00f6ken fr\u00e5n r\u00f6kmaskinerna ligger s\u00e5 tung p\u00e5 scenen att bandet stundtals knappt syns.<\/p>\n<p>Sedan, kanske halvv\u00e4gs in i konserten h\u00e4nder n\u00e5got. <em>Vart tog den d\u00e4r elden v\u00e4gen? <\/em>sjunger Winnerb\u00e4ck, och d\u00e5 verkar han hitta den. Det \u00e4r en stillsam eld, men den finns d\u00e4r och den stannar kvar.<\/p>\n<p>Han avslutar med <em>S\u00f6ndermarken<\/em> fr\u00e5n skivan med samma namn, en skildring av Winnerb\u00e4cks uppv\u00e4xt i 1980-talets Link\u00f6ping.<\/p>\n<p><strong>Bandet l\u00e4mnar scenen och publiken f\u00f6rs\u00f6ker ropa tillbaka dem.<\/strong> En tjej bredvid mig utbrister \u201dNej, han f\u00e5r inte g\u00e5! Han har ju bara spelat typ fem l\u00e5tar!\u201d Hon har tur. Lasse kommer tillbaka, kl\u00e4ttrar ner fr\u00e5n scenen och st\u00e5ende vid kravallstaketet bjuder han p\u00e5 ett extranummer, kompad av Johan Persson p\u00e5 piano.<\/p>\n<p>Att b\u00e5de sjunga och spela munspel med fans som sliter i hans kl\u00e4der och petar honom i ansiktet \u00e4r en riktig utmaning men han klarar det utan att tappa vare sig fattningen eller mikrofonen. Jag \u00e4r imponerad.<\/p>\n<p><strong>F\u00f6rresten, det d\u00e4r jag sa om rutinjobb\u2026 Gl\u00f6m det.<\/strong><\/p>\n<p><em>Text: Hanna Svensson<br \/>\nFoto: Samuel Sandelin<\/em><br \/>\nBILDSPEL (FLASH) \u2013 KLICKA P\u00c5 BILDEN <em><br \/>\nALT\/MOBIL: SE BILDSPELET <a title=\"Bildspel\" href=\"https:\/\/www.flickr.com\/photos\/kultursidan\/sets\/72157655139873145\/show\/\" target=\"_blank\">H\u00c4R<\/a><\/em><br \/>\n<object width=\"400\" height=\"300\"><param name=\"flashvars\" value=\"offsite=true&amp;lang=en-us&amp;page_show_url=%2Fphotos%2Fkultursidan%2Fsets%2F72157655139873145%2Fshow%2F&amp;page_show_back_url=%2Fphotos%2Fkultursidan%2Fsets%2F72157655139873145%2F&amp;set_id=72157655139873145&amp;jump_to=\" \/><param name=\"movie\" value=\"https:\/\/www.flickr.com\/apps\/slideshow\/show.swf?v=1811922554\" \/><param name=\"allowFullScreen\" value=\"true\" \/><\/object><\/p>\n<blockquote>\n<h3><em>BR\u00c5VALLA FESTIVAL Norrk\u00f6ping<\/em><\/h3>\n<p>26 juni 2015<br \/>\nScen: Panorama 20:30<br \/>\n<em> <strong>Lars Winnerb\u00e4ck<\/strong><\/em><\/p><\/blockquote>\n<p>L\u00c4NKAR<br \/>\nLars Winnerb\u00e4ck <a href=\"http:\/\/winnerback.se\" target=\"_blank\">hemsida<\/a> <a href=\"https:\/\/www.facebook.com\/pages\/Lars-Winnerb\u00e4ck\/122421941102026\" target=\"_blank\">Facebook <\/a><br \/>\nBr\u00e5valla festival <a href=\"http:\/\/www.bravallafestival.se\" target=\"_blank\">hemsida<\/a> <a href=\"https:\/\/www.facebook.com\/bravallafestivalen?ref=ts&amp;fref=ts\" target=\"_blank\">Facebook<\/a><\/p>\n<p>BR\u00c5VALLA \u2013 FREDAG 26 JUNI<br \/>\nV\u00e4rldsstj\u00e4rnan Robbie Williams <a href=\"https:\/\/www.kultursidan.nu\/?p=20357\" target=\"_blank\">recension<\/a> Kultursidan.nu 27\/6 2015<\/p>\n<p>BR\u00c5VALLA \u2013 TORSDAG 25 JUNI<br \/>\nDanko Jones is fucking Rock \u2018n\u2019 Roll! <a href=\"https:\/\/www.kultursidan.nu\/?p=20339\" target=\"_blank\">recension<\/a> Kultursidan.nu 26\/6 2015<br \/>\nDe fyra coola syskonen Sierota <a href=\"https:\/\/www.kultursidan.nu\/?p=20336\" target=\"_blank\">recension<\/a> Kultursidan.nu 26\/6 2015 (Echosmith)<br \/>\nThe Districts h\u00e5rda 1900-talspop <a href=\"https:\/\/www.kultursidan.nu\/?p=20333\" target=\"_blank\">recension<\/a> Kultursidan.nu 26\/6 2015<br \/>\nOs\u00e4krade minnen fr\u00e5n Br\u00e5valla dag 1 <a href=\"https:\/\/www.kultursidan.nu\/?p=20329\" target=\"_blank\">recension<\/a> Kultursidan.nu 26\/6 2015 (A Day To Remember)<br \/>\nSonic Surf City i sinnessjukt tempo <a href=\"https:\/\/www.kultursidan.nu\/?p=20323\" target=\"_blank\">recension<\/a> Kultursidan.nu 25\/5 2015<\/p>\n<p>BR\u00c5VALLA \u2013 INF\u00d6R FESTIVALEN<br \/>\nNu du Br\u00e5valla. Nu k\u00f6r vi! <a href=\"https:\/\/www.kultursidan.nu\/?p=20311\" target=\"_blank\">reportage<\/a> Kultursidan.nu 25\/6 2015<br \/>\nPlanera f\u00f6r Br\u00e5vallafestival i tio \u00e5r till <a href=\"https:\/\/www.kultursidan.nu\/?p=20295\" target=\"_blank\">kr\u00f6nika<\/a> Kultursidan.nu 24\/6 2015<\/p>\n","protected":false},"excerpt":{"rendered":"<p>NORRK\u00d6PING R\u00f6ken ligger s\u00e5 tung p\u00e5 scenen att bandet stundtals knappt syns. Lasse \u00f6ppnar med Vem som helst blues fr\u00e5n senaste skivan Hosianna. Det \u00e4r tungt, l\u00e5ngsamt och allvarligt. <a class=\"continue-reading-link\" href=\"https:\/\/www.kultursidan.nu\/?p=20361\">L\u00e4s mer <span class=\"meta-nav\">&rarr; <\/span><\/a><\/p>\n","protected":false},"author":1001006,"featured_media":0,"comment_status":"closed","ping_status":"open","sticky":false,"template":"","format":"standard","meta":{"_jetpack_memberships_contains_paid_content":false,"footnotes":""},"categories":[7],"tags":[29,13],"class_list":["post-20361","post","type-post","status-publish","format-standard","hentry","category-norrkoping","tag-festival","tag-musik"],"jetpack_featured_media_url":"","jetpack_sharing_enabled":true,"_links":{"self":[{"href":"https:\/\/www.kultursidan.nu\/index.php?rest_route=\/wp\/v2\/posts\/20361","targetHints":{"allow":["GET"]}}],"collection":[{"href":"https:\/\/www.kultursidan.nu\/index.php?rest_route=\/wp\/v2\/posts"}],"about":[{"href":"https:\/\/www.kultursidan.nu\/index.php?rest_route=\/wp\/v2\/types\/post"}],"author":[{"embeddable":true,"href":"https:\/\/www.kultursidan.nu\/index.php?rest_route=\/wp\/v2\/users\/1001006"}],"replies":[{"embeddable":true,"href":"https:\/\/www.kultursidan.nu\/index.php?rest_route=%2Fwp%2Fv2%2Fcomments&post=20361"}],"version-history":[{"count":0,"href":"https:\/\/www.kultursidan.nu\/index.php?rest_route=\/wp\/v2\/posts\/20361\/revisions"}],"wp:attachment":[{"href":"https:\/\/www.kultursidan.nu\/index.php?rest_route=%2Fwp%2Fv2%2Fmedia&parent=20361"}],"wp:term":[{"taxonomy":"category","embeddable":true,"href":"https:\/\/www.kultursidan.nu\/index.php?rest_route=%2Fwp%2Fv2%2Fcategories&post=20361"},{"taxonomy":"post_tag","embeddable":true,"href":"https:\/\/www.kultursidan.nu\/index.php?rest_route=%2Fwp%2Fv2%2Ftags&post=20361"}],"curies":[{"name":"wp","href":"https:\/\/api.w.org\/{rel}","templated":true}]}}