{"id":20393,"date":"2015-06-29T13:04:56","date_gmt":"2015-06-29T12:04:56","guid":{"rendered":"https:\/\/intelligent-friend-7861.standoutwp.com\/?p=20393"},"modified":"2015-06-30T11:30:48","modified_gmt":"2015-06-30T10:30:48","slug":"lat-rostmiraklet-emeli-sande-inspirera-recension","status":"publish","type":"post","link":"https:\/\/www.kultursidan.nu\/?p=20393","title":{"rendered":"L\u00e5t r\u00f6stmiraklet Emeli Sand\u00e9 inspirera (recension)"},"content":{"rendered":"<p><a href=\"https:\/\/www.kultursidan.nu\/wp-content\/uploads\/2015\/06\/Emeli-Sand10.jpg\"><img loading=\"lazy\" decoding=\"async\" class=\"alignnone size-medium wp-image-20395\" src=\"https:\/\/www.kultursidan.nu\/wp-content\/uploads\/2015\/06\/Emeli-Sand10-567x377.jpg\" alt=\"Emeli Sand\u00e9\" width=\"567\" height=\"377\" srcset=\"https:\/\/www.kultursidan.nu\/wp-content\/uploads\/2015\/06\/Emeli-Sand10-567x377.jpg 567w, https:\/\/www.kultursidan.nu\/wp-content\/uploads\/2015\/06\/Emeli-Sand10-1024x680.jpg 1024w, https:\/\/www.kultursidan.nu\/wp-content\/uploads\/2015\/06\/Emeli-Sand10-501x333.jpg 501w, https:\/\/www.kultursidan.nu\/wp-content\/uploads\/2015\/06\/Emeli-Sand10-150x100.jpg 150w, https:\/\/www.kultursidan.nu\/wp-content\/uploads\/2015\/06\/Emeli-Sand10.jpg 1280w\" sizes=\"auto, (max-width: 567px) 100vw, 567px\" \/><\/a><br \/>\n<em>N\u00e4rmast. Emeli Sand\u00e9 fortsatte fr\u00e5n Br\u00e5vallas st\u00f6rsta scen direkt till n\u00e4sta festival, Tinderbox i Danmark.<\/em><\/p>\n<p>&nbsp;<\/p>\n<h1><span style=\"color: #ff0000;\">Next to me \u00e4r med r\u00e4tta en monsterhit<\/span><\/h1>\n<p>&nbsp;<\/p>\n<p><strong>Det \u00e4r sv\u00e5rt att kalla n\u00e5gon ok\u00e4nd som har l\u00e5tar med \u00f6ver 50 miljoner visningar p\u00e5 YouTube,<\/strong> men konkurrensen var stenh\u00e5rd p\u00e5 Br\u00e5valla med folkk\u00e4ra storheter, b\u00e5de inhemska och internationella, som Lasse Winnerb\u00e4ck och Robbie Williams.<\/p>\n<p><strong>Hade Spotifyflickan Zara Larsson, som klagade \u00f6ver mansdominansen, l\u00e5tit som fru Sand\u00e9 hade jag f\u00f6rst\u00e5tt utspelet<\/strong> (Winnerb\u00e4ck och Williams var dock magnifika), nu blev det bara l\u00f6jligt. Troligen var den st\u00f6rsta r\u00f6sten p\u00e5 hela Br\u00e5valla just Emeli Sand\u00e9s, och hon hade definitivt f\u00f6rtj\u00e4nat en glammigare inramning.<\/p>\n<p><em>Next to me<\/em> \u00e4r med r\u00e4tta en monsterhit, som Emeli sjunger med en operam\u00e4ssig \u201dpipa\u201d med trumpetliknande styrka och omf\u00e5ng. Hon har en osviklig men \u00e4nd\u00e5 flexibel rytmk\u00e4nsla i \u201dafro\u201d-tradition och hittar dessutom n\u00e5gra fina nyanser i de l\u00e5ngsammare numren.<\/p>\n<p>&nbsp;<\/p>\n<p><a title=\"Emeli Sand9 by Lotta Sandelin, on Flickr\" href=\"https:\/\/www.flickr.com\/photos\/kultursidan\/19075642350\"><img loading=\"lazy\" decoding=\"async\" src=\"https:\/\/c1.staticflickr.com\/1\/279\/19075642350_283ce87e9e.jpg\" alt=\"Emeli Sand9\" width=\"400\" height=\"266\" \/><\/a><br \/>\n<em> Kompet var skickligt med engagerad trummis och Motown-soulig k\u00f6r.<\/em><\/p>\n<p>&nbsp;<\/p>\n<p><strong>Konserten var l\u00e4tt bluesig och soulig p\u00e5 l\u00e4ttare Motown-man\u00e9r och kompbandet var skickligt.<\/strong> Det var \u00f6verlag lite f\u00f6r likartat trots viss variation och underh\u00e5llningen var inte lika \u201dtung\u201d och publiktillv\u00e4nd som hos de stora herrarna ovan. Givetvis har de mer ekonomiska resurser till sitt f\u00f6rfogande, s\u00e5 spelet \u00e4r n\u00e5got \u201driggat\u201d.<\/p>\n<p>Jag hoppas denna s\u00e5ngmaskin och krutpaket (\u00e4nd\u00e5 inte stor rent fysiskt) kunde inspirera festivalens mer bortsk\u00e4mda flickor (oanvsett k\u00f6n och \u00e5lder. Red:s anm.) och s\u00e4kert kommer Emeli Sand\u00e9 att bli \u00e4nnu st\u00f6rre fram\u00f6ver.<\/p>\n<p><em>Text: Lars Henriksson<br \/>\nFoto: Samuel Sandelin<\/em><\/p>\n<p>BILDSPEL (FLASH) \u2013 KLICKA P\u00c5 BILDEN <em><br \/>\nALT\/MOBIL: SE BILDSPELET <a title=\"Bildspel\" href=\"https:\/\/www.flickr.com\/photos\/kultursidan\/sets\/72157655227558695\/show\/\" target=\"_blank\">H\u00c4R<\/a><\/em><br \/>\n<object width=\"400\" height=\"300\"><param name=\"flashvars\" value=\"offsite=true&amp;lang=en-us&amp;page_show_url=%2Fphotos%2Fkultursidan%2Fsets%2F72157655227558695%2Fshow%2F&amp;page_show_back_url=%2Fphotos%2Fkultursidan%2Fsets%2F72157655227558695%2F&amp;set_id=72157655227558695&amp;jump_to=\" \/><param name=\"movie\" value=\"https:\/\/www.flickr.com\/apps\/slideshow\/show.swf?v=1811922554\" \/><param name=\"allowFullScreen\" value=\"true\" \/><\/object><\/p>\n<blockquote>\n<h3><em>BR\u00c5VALLA FESTIVAL Norrk\u00f6ping<\/em><\/h3>\n<p>26 juni 2015<br \/>\nScen: Panorama 16.30<em><br \/>\n<strong>Emeli Sand\u00e9<\/strong><\/em><\/p><\/blockquote>\n<p>L\u00c4NKAR<br \/>\nEmeli Sand\u00e9 <a href=\"http:\/\/us.emelisande.com\" target=\"_blank\">hemsida<\/a> <a href=\"https:\/\/www.facebook.com\/emelisande\" target=\"_blank\">Facebook<\/a><br \/>\nBr\u00e5valla festival <a href=\"http:\/\/www.bravallafestival.se\" target=\"_blank\">hemsida<\/a> <a href=\"https:\/\/www.facebook.com\/bravallafestivalen?ref=ts&amp;fref=ts\" target=\"_blank\">Facebook<\/a><\/p>\n<p>BR\u00c5VALLA \u2013 L\u00d6RDAG 27 JUNI<br \/>\nKSMB fortfarande arga djupt i hj\u00e4rtat <a href=\"https:\/\/www.kultursidan.nu\/?p=20388\" target=\"_blank\">recension<\/a> Kultursidan.nu 29\/6 2015<\/p>\n<p>BR\u00c5VALLA \u2013 FREDAG 26 JUNI<br \/>\nGatlopp\u00a0 mellan Br\u00e5vallas scener <a href=\"https:\/\/www.kultursidan.nu\/?p=20376\" target=\"_blank\">reportage<\/a> Kultursidan.nu 27\/6 2015<br \/>\nF\u00e4rgglad punk p\u00e5 riktigt <a href=\"https:\/\/www.kultursidan.nu\/?p=20370\" target=\"_blank\">recension<\/a> Kultursidan.nu 27\/6 2015<br \/>\nWinnerb\u00e4cks eld brinner stilla och stark <a href=\"https:\/\/www.kultursidan.nu\/?p=20361\" target=\"_blank\">recension<\/a> Kultursidan.nu 27\/6 2015<br \/>\nV\u00e4rldsstj\u00e4rnan Robbie Williams <a href=\"https:\/\/www.kultursidan.nu\/?p=20357\" target=\"_blank\">recension<\/a> Kultursidan.nu 27\/6 2015<\/p>\n<p>BR\u00c5VALLA \u2013 TORSDAG 25 JUNI<br \/>\nTuffa Arch Enemys growlande Alissa <a href=\"https:\/\/www.kultursidan.nu\/?p=20373\" target=\"_blank\">recension<\/a> Kultursidan.nu 27\/6 2015<br \/>\nDanko Jones is fucking Rock \u2018n\u2019 Roll! <a href=\"https:\/\/www.kultursidan.nu\/?p=20339\" target=\"_blank\">recension<\/a> Kultursidan.nu 26\/6 2015<br \/>\nDe fyra coola syskonen Sierota <a href=\"https:\/\/www.kultursidan.nu\/?p=20336\" target=\"_blank\">recension<\/a> Kultursidan.nu 26\/6 2015 (Echosmith)<br \/>\nThe Districts h\u00e5rda 1900-talspop <a href=\"https:\/\/www.kultursidan.nu\/?p=20333\" target=\"_blank\">recension<\/a> Kultursidan.nu 26\/6 2015<br \/>\nOs\u00e4krade minnen fr\u00e5n Br\u00e5valla dag 1 <a href=\"https:\/\/www.kultursidan.nu\/?p=20329\" target=\"_blank\">recension<\/a> Kultursidan.nu 26\/6 2015 (A Day To Remember)<br \/>\nSonic Surf City i sinnessjukt tempo <a href=\"https:\/\/www.kultursidan.nu\/?p=20323\" target=\"_blank\">recension<\/a> Kultursidan.nu 25\/5 2015<\/p>\n<p>BR\u00c5VALLA \u2013 INF\u00d6R FESTIVALEN<br \/>\nNu du Br\u00e5valla. Nu k\u00f6r vi! <a href=\"https:\/\/www.kultursidan.nu\/?p=20311\" target=\"_blank\">reportage<\/a> Kultursidan.nu 25\/6 2015<br \/>\nPlanera f\u00f6r Br\u00e5vallafestival i tio \u00e5r till <a href=\"https:\/\/www.kultursidan.nu\/?p=20295\" target=\"_blank\">kr\u00f6nika<\/a> Kultursidan.nu 24\/6 2015<\/p>\n","protected":false},"excerpt":{"rendered":"<p>NORRK\u00d6PING I konkurrensen med de folkk\u00e4ra manliga storheterna kommer Emeli Sand\u00e9 i skuggan. Troligtvis var den st\u00f6rsta r\u00f6sten p\u00e5 Br\u00e5valla \u00e4nd\u00e5 Emeli Sand\u00e9s, som sjunger med operam\u00e4ssig \u201dpipa\u201d med en trumpets styrka och omf\u00e5ng. <a class=\"continue-reading-link\" href=\"https:\/\/www.kultursidan.nu\/?p=20393\">L\u00e4s mer <span class=\"meta-nav\">&rarr; <\/span><\/a><\/p>\n","protected":false},"author":1001006,"featured_media":0,"comment_status":"closed","ping_status":"open","sticky":false,"template":"","format":"standard","meta":{"_jetpack_memberships_contains_paid_content":false,"footnotes":""},"categories":[7],"tags":[29,13],"class_list":["post-20393","post","type-post","status-publish","format-standard","hentry","category-norrkoping","tag-festival","tag-musik"],"jetpack_featured_media_url":"","jetpack_sharing_enabled":true,"_links":{"self":[{"href":"https:\/\/www.kultursidan.nu\/index.php?rest_route=\/wp\/v2\/posts\/20393","targetHints":{"allow":["GET"]}}],"collection":[{"href":"https:\/\/www.kultursidan.nu\/index.php?rest_route=\/wp\/v2\/posts"}],"about":[{"href":"https:\/\/www.kultursidan.nu\/index.php?rest_route=\/wp\/v2\/types\/post"}],"author":[{"embeddable":true,"href":"https:\/\/www.kultursidan.nu\/index.php?rest_route=\/wp\/v2\/users\/1001006"}],"replies":[{"embeddable":true,"href":"https:\/\/www.kultursidan.nu\/index.php?rest_route=%2Fwp%2Fv2%2Fcomments&post=20393"}],"version-history":[{"count":0,"href":"https:\/\/www.kultursidan.nu\/index.php?rest_route=\/wp\/v2\/posts\/20393\/revisions"}],"wp:attachment":[{"href":"https:\/\/www.kultursidan.nu\/index.php?rest_route=%2Fwp%2Fv2%2Fmedia&parent=20393"}],"wp:term":[{"taxonomy":"category","embeddable":true,"href":"https:\/\/www.kultursidan.nu\/index.php?rest_route=%2Fwp%2Fv2%2Fcategories&post=20393"},{"taxonomy":"post_tag","embeddable":true,"href":"https:\/\/www.kultursidan.nu\/index.php?rest_route=%2Fwp%2Fv2%2Ftags&post=20393"}],"curies":[{"name":"wp","href":"https:\/\/api.w.org\/{rel}","templated":true}]}}