{"id":20398,"date":"2015-06-29T14:53:20","date_gmt":"2015-06-29T13:53:20","guid":{"rendered":"https:\/\/intelligent-friend-7861.standoutwp.com\/?p=20398"},"modified":"2015-06-29T14:53:20","modified_gmt":"2015-06-29T13:53:20","slug":"sabaton-sprudlar-av-spelgladje-recension","status":"publish","type":"post","link":"https:\/\/www.kultursidan.nu\/?p=20398","title":{"rendered":"Sabaton sprudlar av spelgl\u00e4dje (recension)"},"content":{"rendered":"<p><a href=\"https:\/\/www.kultursidan.nu\/wp-content\/uploads\/2015\/06\/Sabaton11.jpg\"><img loading=\"lazy\" decoding=\"async\" class=\"alignnone size-medium wp-image-20399\" src=\"https:\/\/www.kultursidan.nu\/wp-content\/uploads\/2015\/06\/Sabaton11-567x377.jpg\" alt=\"Sabaton\" width=\"567\" height=\"377\" srcset=\"https:\/\/www.kultursidan.nu\/wp-content\/uploads\/2015\/06\/Sabaton11-567x377.jpg 567w, https:\/\/www.kultursidan.nu\/wp-content\/uploads\/2015\/06\/Sabaton11-1024x680.jpg 1024w, https:\/\/www.kultursidan.nu\/wp-content\/uploads\/2015\/06\/Sabaton11-501x333.jpg 501w, https:\/\/www.kultursidan.nu\/wp-content\/uploads\/2015\/06\/Sabaton11-150x100.jpg 150w, https:\/\/www.kultursidan.nu\/wp-content\/uploads\/2015\/06\/Sabaton11.jpg 1280w\" sizes=\"auto, (max-width: 567px) 100vw, 567px\" \/><\/a><br \/>\n<em>Mellan det bombastiska och det oskuldsfulla. Sabaton sprudlade av spelgl\u00e4dje p\u00e5 Br\u00e5valla.<br \/>\n<\/em><\/p>\n<p>&nbsp;<\/p>\n<h1><span style=\"color: #ff0000;\">Bombastiskt, skojfriskt och oskuldsfullt<br \/>\n<\/span><\/h1>\n<p>&nbsp;<\/p>\n<p><strong>Jag vet inte om Sabatons show p\u00e5 Br\u00e5vallas n\u00e4st st\u00f6rsta scen, Luna, \u00e4r en briljant regisserad teater med lysande sk\u00e5despelare, eller om Sabaton verkligen blev s\u00e5 \u00f6verraskade av uppslutningen som de s\u00e4ger.<\/strong> Jag tror det lutar mot det senare. Jag undrar verkligen vilka som var mest lyriska, bandet eller publiken?<\/p>\n<p>Vad \u00e4r det d\u00e5 vi ser? \u00c5 ena sidan en v\u00e4lrepeterad show d\u00e4r l\u00e5tarna sitter som en sm\u00e4ck och ett Sabaton i h\u00f6gform. Det \u00e4r fullt \u00f6s, energiskt och explosivt redan fr\u00e5n start, med extra betoning p\u00e5 explosivt. Eldkastarna g\u00e5r bokstavligt talat varma, och det sparas d\u00e5 rakt inte p\u00e5 krutet heller n\u00e4r effekterna badar allt i ljus. Det \u00e4r precis s\u00e5 effektfyllt och \u00f6verd\u00e5digt som man vill att Sabaton ska vara.<\/p>\n<p>&nbsp;<\/p>\n<p><a title=\"Sabaton by Lotta Sandelin, on Flickr\" href=\"https:\/\/www.flickr.com\/photos\/kultursidan\/19077411680\"><img loading=\"lazy\" decoding=\"async\" src=\"https:\/\/c4.staticflickr.com\/4\/3914\/19077411680_4bcd2c7919.jpg\" alt=\"Sabaton\" width=\"266\" height=\"400\" \/><\/a><br \/>\n<em> \u00d6ser in explosiv energi.<\/em><\/p>\n<p>&nbsp;<\/p>\n<p><strong>Det betyder dock att det inte heller blir n\u00e5gra st\u00f6rre \u00f6verraskningar p\u00e5 den fronten.<\/strong> Men vad hade kunnat ge det, egentligen? M\u00f6jligen en \u00f6verflygning med stridshelikoptrar i formation under finalnumren, men utmed den v\u00e4gen ligger nog bara hybris, ekonomisk ruin och vansinne f\u00f6r bandet. Det h\u00e4r duger alldeles utm\u00e4rkt. I alla fall f\u00f6r stunden&#8230;<\/p>\n<p><strong>&#8230;\u00e5 andra sidan tror jag inte att storheten n\u00f6dv\u00e4ndigtvis kommer p\u00e5verka grabbarna fr\u00e5n Dalarna \u00e4n p\u00e5 ett tag.<\/strong> De verkar som sagt uppriktigt r\u00f6rda \u00f6ver fansens uppslutning p\u00e5 Br\u00e5valla. De m\u00e5 ha byggt upp sin image med bombastiska shower och l\u00e5tar p\u00e5 ett tydligt krigstema, men de ger ett v\u00e4ldigt jordn\u00e4ra och n\u00e4stan oskuldsfullt intryck. Det kan vara d\u00e4rf\u00f6r de n\u00e4stan verkar golvade av publikm\u00e4ngden och dess gensvar p\u00e5 showen.<\/p>\n<p>&nbsp;<\/p>\n<p><a title=\"Sabaton by Lotta Sandelin, on Flickr\" href=\"https:\/\/www.flickr.com\/photos\/kultursidan\/19264996925\"><img loading=\"lazy\" decoding=\"async\" src=\"https:\/\/c1.staticflickr.com\/1\/382\/19264996925_59cdb0bf38.jpg\" alt=\"Sabaton\" width=\"500\" height=\"332\" \/><\/a><br \/>\n<em> Plojhumor. Charmigt men med f\u00f6rb\u00e4ttringspotential.<\/em><\/p>\n<p>&nbsp;<\/p>\n<p><strong>Dock \u00e4r mellansnacken mest rena plojgrejer bandmedlemmarna sinsemellan samt ibland \u00e4ven deras crew, och de kan inte anklagas f\u00f6r att bedriva humor p\u00e5 n\u00e5gon h\u00f6g niv\u00e5.<\/strong> Men vi sm\u00e5fnissar f\u00f6rn\u00f6jt \u00e4ven fast de ber\u00e4ttar att de drar samma sk\u00e4mt p\u00e5 alla konserter. Till viss del i alla fall. Det finns tydliga glimtar av spontanitet och en del spex k\u00e4nns helt klart improviserade.<\/p>\n<p>Inom teaterv\u00e4rlden finns det en tradition att busa lite med varandra under den sista f\u00f6rest\u00e4llningen, utan att publiken ska m\u00e4rka det. S\u00e5 k\u00e4nns spexen i showen. Of\u00f6rberedda, men lite uppsluppet och skojfriskt, utan att man tar sig p\u00e5 f\u00f6r stort allvar. Detta \u00e4r helt klart showens svagaste punkt, h\u00e4r finns det en del f\u00f6rb\u00e4ttringspotential, som i sig inte \u00e4r n\u00e5got negativt f\u00f6r ett band som \u00e4nd\u00e5 \u00e4r s\u00e5 starkt som Sabaton nu \u00e4r.<\/p>\n<p><strong>Sabaton g\u00f6r ju n\u00e4mligen \u00e4nd\u00e5 sin grej, och de g\u00f6r det med bravur. <\/strong>Publiken \u00e4lskar dem och sjunger med varenda l\u00e5t. Vanligtvis brukar det vara artisten p\u00e5 scenen som leder sin publik, men h\u00e4r var det nog faktiskt stundtals tv\u00e4rt om.<\/p>\n<p>En del tycker kanske inte att de \u00e4r det h\u00e4ftigaste bandet att lyssna p\u00e5 l\u00e4ngre (min k\u00e4ra mor har till och med uttryckt sig positivt om dem! Ve Och Fasa!) men vad har det f\u00f6r betydelse n\u00e4r man f\u00e5r l\u00e5tar man faktiskt gillar serverade i en snygg show av en s\u00e5ngare som bokstavligt talat sprudlar av gl\u00e4dje \u00f6ver att f\u00e5 g\u00f6ra det? Tja, jag kommer definitivt se fram emot n\u00e4sta g\u00e5ng jag ser dem, s\u00e5 \u00f6verl\u00e5ter jag gn\u00e4llandet till de h\u00e5rdrocks-hipsters som nu verkar finnas d\u00e4r ute.<\/p>\n<p><em>Text och foto: Samuel Sandelin<\/em><\/p>\n<p>BILDSPEL (FLASH) \u2013 KLICKA P\u00c5 BILDEN <em><br \/>\nALT\/MOBIL: SE BILDSPELET <a title=\"Bildspel\" href=\"https:\/\/www.flickr.com\/photos\/kultursidan\/sets\/72157654815943828\/show\/\" target=\"_blank\">H\u00c4R<\/a><\/em><br \/>\n<object width=\"400\" height=\"300\"><param name=\"flashvars\" value=\"offsite=true&amp;lang=en-us&amp;page_show_url=%2Fphotos%2Fkultursidan%2Fsets%2F72157654815943828%2Fshow%2F&amp;page_show_back_url=%2Fphotos%2Fkultursidan%2Fsets%2F72157654815943828%2F&amp;set_id=72157654815943828&amp;jump_to=\" \/><param name=\"movie\" value=\"https:\/\/www.flickr.com\/apps\/slideshow\/show.swf?v=1811922554\" \/><param name=\"allowFullScreen\" value=\"true\" \/><\/object><\/p>\n<blockquote>\n<h3><em>BR\u00c5VALLA FESTIVAL Norrk\u00f6ping<\/em><\/h3>\n<p>27 juni 2015<br \/>\nScen: Luna 23.30<em><br \/>\n<strong>Sabaton<\/strong><\/em><\/p><\/blockquote>\n<p>L\u00c4NKAR<br \/>\nSabaton <a href=\"http:\/\/www.sabaton.net\" target=\"_blank\">hemsida<\/a> <a href=\"https:\/\/www.facebook.com\/sabaton\" target=\"_blank\">Facebook<\/a><br \/>\nBr\u00e5valla festival <a href=\"http:\/\/www.bravallafestival.se\" target=\"_blank\">hemsida<\/a> <a href=\"https:\/\/www.facebook.com\/bravallafestivalen?ref=ts&amp;fref=ts\" target=\"_blank\">Facebook<\/a><\/p>\n<p>BR\u00c5VALLA \u2013 L\u00d6RDAG 27 JUNI<br \/>\nKSMB fortfarande arga djupt i hj\u00e4rtat <a href=\"https:\/\/www.kultursidan.nu\/?p=20388\" target=\"_blank\">recension<\/a> Kultursidan.nu 29\/6 2015<\/p>\n<p>BR\u00c5VALLA \u2013 FREDAG 26 JUNI<br \/>\nL\u00e5t r\u00f6stmiraklet Emeli Sand\u00e9 inspirera <a href=\"https:\/\/www.kultursidan.nu\/?p=20393\" target=\"_blank\">recension<\/a> Kultursidan.nu 29\/6 2015<br \/>\nGatlopp\u00a0 mellan Br\u00e5vallas scener <a href=\"https:\/\/www.kultursidan.nu\/?p=20376\" target=\"_blank\">reportage<\/a> Kultursidan.nu 27\/6 2015<br \/>\nF\u00e4rgglad punk p\u00e5 riktigt <a href=\"https:\/\/www.kultursidan.nu\/?p=20370\" target=\"_blank\">recension<\/a> Kultursidan.nu 27\/6 2015<br \/>\nWinnerb\u00e4cks eld brinner stilla och stark <a href=\"https:\/\/www.kultursidan.nu\/?p=20361\" target=\"_blank\">recension<\/a> Kultursidan.nu 27\/6 2015<br \/>\nV\u00e4rldsstj\u00e4rnan Robbie Williams <a href=\"https:\/\/www.kultursidan.nu\/?p=20357\" target=\"_blank\">recension<\/a> Kultursidan.nu 27\/6 2015<\/p>\n<p>BR\u00c5VALLA \u2013 TORSDAG 25 JUNI<br \/>\nTuffa Arch Enemys growlande Alissa <a href=\"https:\/\/www.kultursidan.nu\/?p=20373\" target=\"_blank\">recension<\/a> Kultursidan.nu 27\/6 2015<br \/>\nDanko Jones is fucking Rock \u2018n\u2019 Roll! <a href=\"https:\/\/www.kultursidan.nu\/?p=20339\" target=\"_blank\">recension<\/a> Kultursidan.nu 26\/6 2015<br \/>\nDe fyra coola syskonen Sierota <a href=\"https:\/\/www.kultursidan.nu\/?p=20336\" target=\"_blank\">recension<\/a> Kultursidan.nu 26\/6 2015 (Echosmith)<br \/>\nThe Districts h\u00e5rda 1900-talspop <a href=\"https:\/\/www.kultursidan.nu\/?p=20333\" target=\"_blank\">recension<\/a> Kultursidan.nu 26\/6 2015<br \/>\nOs\u00e4krade minnen fr\u00e5n Br\u00e5valla dag 1 <a href=\"https:\/\/www.kultursidan.nu\/?p=20329\" target=\"_blank\">recension<\/a> Kultursidan.nu 26\/6 2015 (A Day To Remember)<br \/>\nSonic Surf City i sinnessjukt tempo <a href=\"https:\/\/www.kultursidan.nu\/?p=20323\" target=\"_blank\">recension<\/a> Kultursidan.nu 25\/5 2015<\/p>\n<p>BR\u00c5VALLA \u2013 INF\u00d6R FESTIVALEN<br \/>\nNu du Br\u00e5valla. Nu k\u00f6r vi! <a href=\"https:\/\/www.kultursidan.nu\/?p=20311\" target=\"_blank\">reportage<\/a> Kultursidan.nu 25\/6 2015<br \/>\nPlanera f\u00f6r Br\u00e5vallafestival i tio \u00e5r till <a href=\"https:\/\/www.kultursidan.nu\/?p=20295\" target=\"_blank\">kr\u00f6nika<\/a> Kultursidan.nu 24\/6 2015<\/p>\n","protected":false},"excerpt":{"rendered":"<p>NORRK\u00d6PING Sabaton var i h\u00f6gform p\u00e5 Br\u00e5valla. Det var fullt \u00f6s, energiskt och explosivt redan fr\u00e5n start, med extra betoning p\u00e5 explosivt. Publiken sj\u00f6ng med i varenda l\u00e5t, vem som ledde vem kan diskuteras.  <a class=\"continue-reading-link\" href=\"https:\/\/www.kultursidan.nu\/?p=20398\">L\u00e4s mer <span class=\"meta-nav\">&rarr; <\/span><\/a><\/p>\n","protected":false},"author":1001006,"featured_media":0,"comment_status":"closed","ping_status":"open","sticky":false,"template":"","format":"standard","meta":{"_jetpack_memberships_contains_paid_content":false,"footnotes":""},"categories":[7],"tags":[29,13],"class_list":["post-20398","post","type-post","status-publish","format-standard","hentry","category-norrkoping","tag-festival","tag-musik"],"jetpack_featured_media_url":"","jetpack_sharing_enabled":true,"_links":{"self":[{"href":"https:\/\/www.kultursidan.nu\/index.php?rest_route=\/wp\/v2\/posts\/20398","targetHints":{"allow":["GET"]}}],"collection":[{"href":"https:\/\/www.kultursidan.nu\/index.php?rest_route=\/wp\/v2\/posts"}],"about":[{"href":"https:\/\/www.kultursidan.nu\/index.php?rest_route=\/wp\/v2\/types\/post"}],"author":[{"embeddable":true,"href":"https:\/\/www.kultursidan.nu\/index.php?rest_route=\/wp\/v2\/users\/1001006"}],"replies":[{"embeddable":true,"href":"https:\/\/www.kultursidan.nu\/index.php?rest_route=%2Fwp%2Fv2%2Fcomments&post=20398"}],"version-history":[{"count":0,"href":"https:\/\/www.kultursidan.nu\/index.php?rest_route=\/wp\/v2\/posts\/20398\/revisions"}],"wp:attachment":[{"href":"https:\/\/www.kultursidan.nu\/index.php?rest_route=%2Fwp%2Fv2%2Fmedia&parent=20398"}],"wp:term":[{"taxonomy":"category","embeddable":true,"href":"https:\/\/www.kultursidan.nu\/index.php?rest_route=%2Fwp%2Fv2%2Fcategories&post=20398"},{"taxonomy":"post_tag","embeddable":true,"href":"https:\/\/www.kultursidan.nu\/index.php?rest_route=%2Fwp%2Fv2%2Ftags&post=20398"}],"curies":[{"name":"wp","href":"https:\/\/api.w.org\/{rel}","templated":true}]}}