{"id":20413,"date":"2015-06-30T13:39:19","date_gmt":"2015-06-30T12:39:19","guid":{"rendered":"https:\/\/intelligent-friend-7861.standoutwp.com\/?p=20413"},"modified":"2015-06-30T14:26:02","modified_gmt":"2015-06-30T13:26:02","slug":"dags-att-ladda-om-infor-bravalla-2016","status":"publish","type":"post","link":"https:\/\/www.kultursidan.nu\/?p=20413","title":{"rendered":"Dags att ladda om inf\u00f6r Br\u00e5valla 2016"},"content":{"rendered":"<p><a href=\"https:\/\/www.kultursidan.nu\/wp-content\/uploads\/2015\/06\/IMG_1148.jpg\"><img loading=\"lazy\" decoding=\"async\" class=\"alignnone size-medium wp-image-20414\" src=\"https:\/\/www.kultursidan.nu\/wp-content\/uploads\/2015\/06\/IMG_1148-567x425.jpg\" alt=\"V\u00e4lkommen till Br\u00e5valla 2016.\" width=\"567\" height=\"425\" srcset=\"https:\/\/www.kultursidan.nu\/wp-content\/uploads\/2015\/06\/IMG_1148-567x425.jpg 567w, https:\/\/www.kultursidan.nu\/wp-content\/uploads\/2015\/06\/IMG_1148-1024x768.jpg 1024w, https:\/\/www.kultursidan.nu\/wp-content\/uploads\/2015\/06\/IMG_1148-444x333.jpg 444w, https:\/\/www.kultursidan.nu\/wp-content\/uploads\/2015\/06\/IMG_1148-150x113.jpg 150w, https:\/\/www.kultursidan.nu\/wp-content\/uploads\/2015\/06\/IMG_1148.jpg 1280w\" sizes=\"auto, (max-width: 567px) 100vw, 567px\" \/><\/a><br \/>\n<em>V\u00e4lkommen tillbaka till Br\u00e5valla 2016.<\/em><\/p>\n<p>&nbsp;<\/p>\n<h1><span style=\"color: #ff0000;\">N\u00e4rmare detaljer sl\u00e4pps f\u00f6rst senare<\/span><\/h1>\n<p>&nbsp;<\/p>\n<p><strong>N\u00e4sta \u00e5r infaller Br\u00e5valla festival 30 juni till 2 juli. Du har v\u00e4l k\u00f6pt biljett?<\/strong> Pyntar du 1.495 kronor s\u00e5 har du tre dagars \u00f6ronbed\u00f6vande n\u00f6je som i en liten billig om\u00e4rkt ask. Blind bird-biljetter kallas det.<\/p>\n<p>St\u00e4dpatrullerna har knappt ens b\u00f6rjat g\u00f6ra rent hus efter den nyligen avslutade festivalen f\u00f6rr\u00e4n arrang\u00f6ren FKP Scorpio vill fylla gr\u00e4smattan med ny publik. G\u00e4rna lite fler \u00e4n de 50.703 bes\u00f6kare de p\u00e5st\u00e5r sig vara n\u00f6jda med det h\u00e4r \u00e5ret.<\/p>\n<p><strong>Antalet biljetter till detta rej\u00e4lt rabatterade pris \u00e4r begr\u00e4nsat, ok\u00e4nt hur m\u00e5nga.<\/strong> Vad k\u00f6paren f\u00e5r f\u00f6r pengarna \u00e4r uppemot ganska s\u00e5 klart: uppemot 100 rock- och popkonserter att v\u00e4lja p\u00e5, varav n\u00e5gra anses som m y c k e t\u00a0 s t o r a namn. Vidare troligen 20 st\u00e5uppkomiker, ett n\u00f6jesf\u00e4lt och lite till.<\/p>\n<p>N\u00e4rmare detaljer, exakt vilka storheter och andra k\u00e4nda och m\u00e5nga mer ok\u00e4nda, kommer att sl\u00e4ppas f\u00f6rst i h\u00f6st\u2013vinter\u2013v\u00e5r men d\u00e5 har Blind bird-f\u00e5geln flugit sin kos.<\/p>\n<p><strong>Bredden \u2013 n\u00e5got f\u00f6r alla inom rockens och popens genrer \u2013 karakt\u00e4riserar Br\u00e5valla festival.<\/strong> Publiken blir snabbt bortsk\u00e4md. Med de allra st\u00f6rsta sl\u00e4ppen tidigt f\u00f6rsvann \u00f6verraskningsmomentet. Kanske FKP Scorpio ska tjuvh\u00e5lla p\u00e5 en av de stora stj\u00e4rnorna till n\u00e4sta \u00e5r. Om nu f\u00f6rs\u00e4ljningen rullar p\u00e5 bra, fr\u00e5n och med idag.<\/p>\n<p><em>Text: Ann-Charlotte Sandelin<br \/>\nFoto: Michael Strandhed<br \/>\n<\/em><\/p>\n<blockquote>\n<h3><em>BR\u00c5VALLA Norrk\u00f6ping<\/em><\/h3>\n<p>Torsdag 30 juni \u2013 l\u00f6rdag 2 juli 2016 <em><strong><br \/>\nBr\u00e5valla festival<\/strong><\/em><\/p><\/blockquote>\n<p>L\u00c4NKAR<br \/>\nBr\u00e5valla festival <a href=\"http:\/\/www.bravallafestival.se\" target=\"_blank\">hemsida<\/a> <a href=\"http:\/\/www.eventim.se\/biljetter.html?affiliate=ESE&amp;doc=artistPages%2Ftickets&amp;fun=artist&amp;action=tickets&amp;erid=1447525&amp;includeOnlybookable=true&amp;x10=1&amp;x11=br\u00e5va\" target=\"_blank\">Blind Bird-biljetter<\/a><\/p>\n","protected":false},"excerpt":{"rendered":"<p>NORRK\u00d6PING N\u00e4sta \u00e5r infaller Br\u00e5valla festival 30 juni till 2 juli. Du har v\u00e4l k\u00f6pt biljett? Pyntar du 1.495 kronor nu s\u00e5 har du tre dagars \u00f6ronbed\u00f6vande n\u00f6je som i en liten billig om\u00e4rkt ask. Blind bird-biljetter kallas det. <a class=\"continue-reading-link\" href=\"https:\/\/www.kultursidan.nu\/?p=20413\">L\u00e4s mer <span class=\"meta-nav\">&rarr; <\/span><\/a><\/p>\n","protected":false},"author":1001006,"featured_media":0,"comment_status":"closed","ping_status":"open","sticky":false,"template":"","format":"standard","meta":{"_jetpack_memberships_contains_paid_content":false,"footnotes":""},"categories":[7],"tags":[29,13],"class_list":["post-20413","post","type-post","status-publish","format-standard","hentry","category-norrkoping","tag-festival","tag-musik"],"jetpack_featured_media_url":"","jetpack_sharing_enabled":true,"_links":{"self":[{"href":"https:\/\/www.kultursidan.nu\/index.php?rest_route=\/wp\/v2\/posts\/20413","targetHints":{"allow":["GET"]}}],"collection":[{"href":"https:\/\/www.kultursidan.nu\/index.php?rest_route=\/wp\/v2\/posts"}],"about":[{"href":"https:\/\/www.kultursidan.nu\/index.php?rest_route=\/wp\/v2\/types\/post"}],"author":[{"embeddable":true,"href":"https:\/\/www.kultursidan.nu\/index.php?rest_route=\/wp\/v2\/users\/1001006"}],"replies":[{"embeddable":true,"href":"https:\/\/www.kultursidan.nu\/index.php?rest_route=%2Fwp%2Fv2%2Fcomments&post=20413"}],"version-history":[{"count":0,"href":"https:\/\/www.kultursidan.nu\/index.php?rest_route=\/wp\/v2\/posts\/20413\/revisions"}],"wp:attachment":[{"href":"https:\/\/www.kultursidan.nu\/index.php?rest_route=%2Fwp%2Fv2%2Fmedia&parent=20413"}],"wp:term":[{"taxonomy":"category","embeddable":true,"href":"https:\/\/www.kultursidan.nu\/index.php?rest_route=%2Fwp%2Fv2%2Fcategories&post=20413"},{"taxonomy":"post_tag","embeddable":true,"href":"https:\/\/www.kultursidan.nu\/index.php?rest_route=%2Fwp%2Fv2%2Ftags&post=20413"}],"curies":[{"name":"wp","href":"https:\/\/api.w.org\/{rel}","templated":true}]}}