{"id":20423,"date":"2015-06-30T18:51:04","date_gmt":"2015-06-30T17:51:04","guid":{"rendered":"https:\/\/intelligent-friend-7861.standoutwp.com\/?p=20423"},"modified":"2015-07-01T11:58:16","modified_gmt":"2015-07-01T10:58:16","slug":"hardrockare-och-musik-allatare-pa-hotell","status":"publish","type":"post","link":"https:\/\/www.kultursidan.nu\/?p=20423","title":{"rendered":"H\u00e5rdrockare och musik-all\u00e4tare p\u00e5 hotell"},"content":{"rendered":"<p><a href=\"https:\/\/www.kultursidan.nu\/wp-content\/uploads\/2015\/06\/IMG_1549.jpg\"><img loading=\"lazy\" decoding=\"async\" class=\"alignnone size-medium wp-image-20422\" src=\"https:\/\/www.kultursidan.nu\/wp-content\/uploads\/2015\/06\/IMG_1549-567x425.jpg\" alt=\"Bubbel-akt\" width=\"567\" height=\"425\" srcset=\"https:\/\/www.kultursidan.nu\/wp-content\/uploads\/2015\/06\/IMG_1549-567x425.jpg 567w, https:\/\/www.kultursidan.nu\/wp-content\/uploads\/2015\/06\/IMG_1549-1024x768.jpg 1024w, https:\/\/www.kultursidan.nu\/wp-content\/uploads\/2015\/06\/IMG_1549-444x333.jpg 444w, https:\/\/www.kultursidan.nu\/wp-content\/uploads\/2015\/06\/IMG_1549-150x113.jpg 150w, https:\/\/www.kultursidan.nu\/wp-content\/uploads\/2015\/06\/IMG_1549.jpg 1280w\" sizes=\"auto, (max-width: 567px) 100vw, 567px\" \/><\/a><br \/>\n<em>Bubbel-akt. Ljus, musik och ballonger p\u00e5 Br\u00e5valla.<\/em><\/p>\n<p>&nbsp;<\/p>\n<h1><span style=\"color: #ff0000;\">Snabbrecensioner och konsertbilder<\/span><\/h1>\n<p>&nbsp;<\/p>\n<p><strong>Inga mer leriga festivalcampingar, h\u00e5rdrockarna \u00c5sa och Claes fr\u00e5n J\u00f6nk\u00f6ping f\u00f6redrar mjuka s\u00e4ngar.<\/strong> Niklas fr\u00e5n Falun blev nerv\u00f6s n\u00e4r 2.000 kronor f\u00f6rsvann fr\u00e5n betalarmbandet. Musiken kommer n\u00e4rmare n\u00e4r \u00f6lt\u00e4lten \u00e4r l\u00e5ngt borta. Och \u00f6lmuggspanten har sina f\u00f6rdelar.<\/p>\n<p><strong>Det har ocks\u00e5 sina f\u00f6rdelar med en varm dusch och en sk\u00f6n s\u00e4ng efter en bl\u00e5sig festivaldag och dito kv\u00e4ll p\u00e5 Br\u00e5valla gamla flygf\u00e4lt.<\/strong> \u00c5sa Tis\u00e9n och Claes Mattsson fr\u00e5n J\u00f6nk\u00f6ping \u00e4ter frukost p\u00e5 lilla Borgs Villahotell i Kneippen. \u00c4n s\u00e5 l\u00e4nge \u00e4r det ganska lugnt fast klockan \u00e4r \u00f6ver nio, g\u00e4sterna tar sovmorgon och droppar in allteftersom. N\u00e5gra ska stanna \u00f6ver hela festivalen, andra \u00e5ker hem. Som \u00c5sa och Claes som n\u00f6jer sig med en enda festivaldag, vilket \u00e4r en av anledningarna till valet av boende.<\/p>\n<p>\u2013 Festivalcamping ger en s\u00e4rskild st\u00e4mning, det funkar inte om man ska ge sig av, s\u00e4ger Claes Mattsson.<\/p>\n<p>\u2013 Jag har t\u00e4ltat under m\u00e5nga festivaler f\u00f6rr. Jag kan det, nu har jag blivit bekv\u00e4m, tycker \u00c5sa Tis\u00e9n.<\/p>\n<p>De gillar st\u00e4mningen p\u00e5 Br\u00e5valla, \u201davslappnad\u201d \u00e4r ordet, och det var helt ok att sitta i gr\u00e4set. V\u00e4dret var hyfsat, uppeh\u00e5ll och till och med lite sol redan p\u00e5 torsdagen, men bl\u00e5sten var kylig.<\/p>\n<p>&nbsp;<\/p>\n<p><a title=\"Parkway Drive by Lotta Sandelin, on Flickr\" href=\"https:\/\/www.flickr.com\/photos\/kultursidan\/18678388384\"><img loading=\"lazy\" decoding=\"async\" src=\"https:\/\/c1.staticflickr.com\/1\/405\/18678388384_7e4308cd6c.jpg\" alt=\"Parkway Drive\" width=\"266\" height=\"400\" \/><\/a><br \/>\n<em> Parkway Drive. Australiensarna gjorde en fantastiskt bra spelning.<\/em><\/p>\n<p>&nbsp;<\/p>\n<p><strong>De \u00e4r h\u00e5rdrockare s\u00e5 de valde torsdagens spelningar \u2013 \u201den massa bra band\u201d \u2013 och ger rad snabbrecensioner <\/strong>Att de spelningar de ville g\u00e5 p\u00e5 gavs p\u00e5 tv\u00e5 scener n\u00e4ra varandra, lite ifr\u00e5n de andra tre, hade b\u00e5de f\u00f6rdelar (praktiskt) och nackdelar (inget m\u00f6te med andra genrers artister och publik).<\/p>\n<p>\u2013 B\u00e4st var australiensiska Parkway Drive som vi inte sett live tidigare. (Claes)<br \/>\n\u2013 In Flames g\u00f6r alltid j\u00e4ttebra shower med pyroteknik och laserteknik. (\u00c5sa, medh\u00e5ll fr\u00e5n Claes)<br \/>\n\u2013 Deadmau5. Vi gick f\u00f6rbi deras scen och de hade ocks\u00e5 personligt ljus (Claes)<br \/>\n\u2013 Vinden bl\u00e5ste bort ljudet n\u00e4r man st\u00e5r i utkanten av scenen. (\u00c5sa)<br \/>\n\u2013 Arch Enemys ljud blev lite gr\u00f6tigt, det var kallt och jag ville in i folkm\u00e4ngden f\u00f6r att h\u00e5lla mig varm. Annars f\u00f6redrar jag att st\u00e5 n\u00e4rmare mixerbordet. (Claes)<\/p>\n<p><strong>Theresa Seger fr\u00e5n Falun \u00e4r p\u00e5 Br\u00e5valla och Borgs Villahotell f\u00f6r tredje g\u00e5ngen. <\/strong>I \u00e5r delar hon en l\u00e4genhet, som hotellet disponerar n\u00e4r det blir toppar, med kompisarna Tobias Jernberg och Niklas Hermansson.<\/p>\n<p>\u2013 Jag gick p\u00e5 Peace &amp; Love f\u00f6rut men valde Br\u00e5valla f\u00f6r tv\u00e5 \u00e5r sedan, kul med en ny festival och de hade bra akter, ber\u00e4ttar Theresa Seger.<\/p>\n<p>Det \u00e4r Theresa och Tobias som best\u00e4mmer vilka akter g\u00e4nget ska lyssna p\u00e5. Niklas kallar sig all\u00e4tare och tycker det mesta \u00e4r kul, s\u00e4rskilt att uppt\u00e4cka band och musik han annars inte skulle h\u00f6ra p\u00e5.<\/p>\n<p><strong>Snabbrecensioner av Theresa, Tobias och Niklas efter torsdagens spelningar:<br \/>\n<\/strong>\u2013 Millencolin f\u00f6rtj\u00e4nar att bli omn\u00e4mnda. De var bra.<br \/>\n\u2013 Maskinen var j\u00e4ttebra. B\u00e4st ig\u00e5r.<br \/>\n\u2013 Vad var det d\u00e4r i t\u00e4ltet, den amerikanska tjejen?<br \/>\n\u2013 Echosmith. Det var en s\u00e5n spelning vi bara hamnade p\u00e5 f\u00f6r att bli varma men det var bra.<\/p>\n<p>\u2013 Vi ska kanske se Muse. Jag antar att vi ska se Robbie Williams, Faith No More. Lasse Winnerb\u00e4ck vill jag se och Refused idag ocks\u00e5, r\u00e4knar Tobias upp inf\u00f6r fredagens festivalbes\u00f6k.<\/p>\n<p>\u2013 Det var ju inte det vi kommer f\u00f6r, vi pratade om det i bilen, kontrar Niklas. Du sa nej n\u00e4r jag sa Robbie Williams. D\u00e5 kom vi \u00f6verens om att n\u00e4r vi \u00e4r h\u00e4r och han \u00e4r h\u00e4r\u2026<\/p>\n<p>&nbsp;<\/p>\n<p><a title=\"Niklas Hermansson med betalchip by Lotta Sandelin, on Flickr\" href=\"https:\/\/www.flickr.com\/photos\/kultursidan\/19111984218\"><img loading=\"lazy\" decoding=\"async\" src=\"https:\/\/c2.staticflickr.com\/4\/3929\/19111984218_6b1f3bd029.jpg\" alt=\"Niklas Hermansson med betalchip\" width=\"267\" height=\"400\" \/><\/a><br \/>\n<em> Betalchippen \u00e4r inte helt tillf\u00f6rlitliga \u00e4nnu. Niklas Hermansson har bra mycket mer kvar \u00e4n de 0 kronor appen visar i mobilen.<\/em><\/p>\n<p>&nbsp;<\/p>\n<p><strong>\u2013 Jag skulle vilja ha tillg\u00e5ng till festen p\u00e5 campingen, s\u00e4ger Theresa.<\/strong><br \/>\n\u2013 Det vet man ju hur det blir d\u00e5. Kommer man in d\u00e4r s\u00e5 missar man allt annat, protesterar Tobias och f\u00e5r Theresa med sig igen:<\/p>\n<p>\u2013 Det \u00e4r bra att det \u00e4r \u00f6lt\u00e4lt \u00f6verallt men inte n\u00e4ra scenerna. F\u00f6r annars \u00e4r risken att man sitter i t\u00e4ltet, ser lite, h\u00f6r lite, missar festivalen.<\/p>\n<p>Det nya pantsystemet f\u00e5r tummen upp. Det g\u00f6r att festivalomr\u00e5det \u00e4r mindre skr\u00e4pigt.<\/p>\n<p>\u2013 Vi har plockat upp kastade muggar och ser att andra gjort det ocks\u00e5. Det \u00e4r ju 20 sp\u00e4nn. Jag tror inte alla fattat hur systemet fungerar, s\u00e4ger Theresa.<\/p>\n<p><strong>Br\u00e5valla festival \u00e4r kontantl\u00f6s, all f\u00f6rs\u00e4ljning av mat, dryck och bandens merchandise sker med hj\u00e4lp av festivalarmbandens betalchip. <\/strong>F\u00f6rra \u00e5ret var det premi\u00e4r \u2013 och fungerade mindre bra (l\u00e4tt kaos uppstod) f\u00f6rsta dagen. I \u00e5r har det flutit riktigt bra men inte perfekt.<\/p>\n<p>Niklas Hermansson drabbades. Han hade tankat 2.000 kronor en vecka i f\u00f6rv\u00e4g p\u00e5 n\u00e4tet men n\u00e4r han skulle handla s\u00e5 gick det inte. Han fick g\u00e5 tillbaka hela v\u00e4gen tv\u00e4rs \u00f6ver f\u00e4ltet, och det \u00e4r stort, till administrationen utanf\u00f6r omr\u00e5det d\u00e4r Scorpios egen personal satt. D\u00e4r var en \u201darmbands-k\u00f6\u201d p\u00e5 10-15 personer. Niklas h\u00f6rde hur killen framf\u00f6r honom fick veta att de s\u00e5g hans pengar i datorn men inte p\u00e5 armbandet.<\/p>\n<p>\u2013 S\u00e5 n\u00e4r det var min tur sa jag \u201dMy money is in limbo\u201d, ber\u00e4ttar Niklas och tyckte att problemet l\u00f6stes smidigt, bandet fylldes p\u00e5 och kunde anv\u00e4ndas. Men min sida uppdateras inte, jag vet inte hur mycket jag har kvar.<\/p>\n<p>\u2013 De kunde v\u00e4l kolla alla betalchip n\u00e4r vi f\u00e5r banden, f\u00f6resl\u00e5r han luttrat. Nu var jag f\u00f6rst tvungen att uppt\u00e4cka att det inte fungerade n\u00e4r jag betalade och s\u00e5 g\u00e5 tillbaka \u00f6ver f\u00e4ltet f\u00f6r att f\u00e5 det justerat.<\/p>\n<p><em>Text: Ann-Charlotte Sandelin<br \/>\nFoto: Ann-Charlotte Sandelin, Samuel Sandelin, Michael Strandhed<br \/>\n(foton fr\u00e5n In Flames, Millencolin och Parkway Drive)<\/em><\/p>\n<blockquote>\n<h3><em>BR\u00c5VALLA Norrk\u00f6ping<\/em><\/h3>\n<p>25\u201327 juni 2015<em><br \/>\n<strong>Br\u00e5valla festival<\/strong><\/em><\/p><\/blockquote>\n<p>L\u00c4NKAR<br \/>\nBr\u00e5valla festival <a href=\"http:\/\/www.bravallafestival.se\" target=\"_blank\">hemsida<\/a> <a href=\"https:\/\/www.facebook.com\/bravallafestivalen?ref=ts&amp;fref=ts\" target=\"_blank\">Facebook<\/a><\/p>\n<p>BR\u00c5VALLA 2016<br \/>\nDags att ladda om inf\u00f6r Br\u00e5valla 2016 <a href=\"https:\/\/www.kultursidan.nu\/?p=20413\" target=\"_blank\">reportage<\/a> Kultursidan.nu 30\/6 2015<\/p>\n<p>BR\u00c5VALLA \u2013 L\u00d6RDAG 27 JUNI<br \/>\nH\u00f6gintensiva Marmozets sprutar grus <a href=\"https:\/\/www.kultursidan.nu\/?p=20407\" target=\"_blank\">recension<\/a> Kultursidan.nu 30\/6 2015<br \/>\nSabaton sprudlar av spelgl\u00e4dje <a href=\"https:\/\/www.kultursidan.nu\/?p=20398\" target=\"_blank\">recension<\/a> Kultursidan.nu 29\/6 2015<br \/>\nKSMB fortfarande arga djupt i hj\u00e4rtat <a href=\"https:\/\/www.kultursidan.nu\/?p=20388\" target=\"_blank\">recension<\/a> Kultursidan.nu 29\/6 2015<\/p>\n<p>BR\u00c5VALLA \u2013 FREDAG 26 JUNI<br \/>\nL\u00e5t r\u00f6stmiraklet Emeli Sand\u00e9 inspirera <a href=\"https:\/\/www.kultursidan.nu\/?p=20393\" target=\"_blank\">recension<\/a> Kultursidan.nu 29\/6 2015<br \/>\nGatlopp\u00a0 mellan Br\u00e5vallas scener <a href=\"https:\/\/www.kultursidan.nu\/?p=20376\" target=\"_blank\">reportage<\/a> Kultursidan.nu 27\/6 2015<br \/>\nF\u00e4rgglad punk p\u00e5 riktigt <a href=\"https:\/\/www.kultursidan.nu\/?p=20370\" target=\"_blank\">recension<\/a> Kultursidan.nu 27\/6 2015<br \/>\nWinnerb\u00e4cks eld brinner stilla och stark <a href=\"https:\/\/www.kultursidan.nu\/?p=20361\" target=\"_blank\">recension<\/a> Kultursidan.nu 27\/6 2015<br \/>\nV\u00e4rldsstj\u00e4rnan Robbie Williams <a href=\"https:\/\/www.kultursidan.nu\/?p=20357\" target=\"_blank\">recension<\/a> Kultursidan.nu 27\/6 2015<\/p>\n<p>BR\u00c5VALLA \u2013 TORSDAG 25 JUNI<br \/>\nTuffa Arch Enemys growlande Alissa <a href=\"https:\/\/www.kultursidan.nu\/?p=20373\" target=\"_blank\">recension<\/a> Kultursidan.nu 27\/6 2015<br \/>\nDanko Jones is fucking Rock \u2018n\u2019 Roll! <a href=\"https:\/\/www.kultursidan.nu\/?p=20339\" target=\"_blank\">recension<\/a> Kultursidan.nu 26\/6 2015<br \/>\nDe fyra coola syskonen Sierota <a href=\"https:\/\/www.kultursidan.nu\/?p=20336\" target=\"_blank\">recension<\/a> Kultursidan.nu 26\/6 2015 (Echosmith)<br \/>\nThe Districts h\u00e5rda 1900-talspop <a href=\"https:\/\/www.kultursidan.nu\/?p=20333\" target=\"_blank\">recension<\/a> Kultursidan.nu 26\/6 2015<br \/>\nOs\u00e4krade minnen fr\u00e5n Br\u00e5valla dag 1 <a href=\"https:\/\/www.kultursidan.nu\/?p=20329\" target=\"_blank\">recension<\/a> Kultursidan.nu 26\/6 2015 (A Day To Remember)<br \/>\nSonic Surf City i sinnessjukt tempo <a href=\"https:\/\/www.kultursidan.nu\/?p=20323\" target=\"_blank\">recension<\/a> Kultursidan.nu 25\/5 2015<\/p>\n<p>BR\u00c5VALLA \u2013 INF\u00d6R FESTIVALEN<br \/>\nNu du Br\u00e5valla. Nu k\u00f6r vi! <a href=\"https:\/\/www.kultursidan.nu\/?p=20311\" target=\"_blank\">reportage<\/a> Kultursidan.nu 25\/6 2015<br \/>\nPlanera f\u00f6r Br\u00e5vallafestival i tio \u00e5r till <a href=\"https:\/\/www.kultursidan.nu\/?p=20295\" target=\"_blank\">kr\u00f6nika<\/a> Kultursidan.nu 24\/6 2015<\/p>\n<p>BR\u00c5VALLA 2015 \u2013 BILDSPEL (FLASH) \u2013 KLICKA P\u00c5 BILDEN <em><br \/>\nALT\/MOBIL: SE BILDSPELET <a title=\"Bildspel\" href=\"https:\/\/www.flickr.com\/photos\/kultursidan\/sets\/72157652942333574\/show\/\" target=\"_blank\">H\u00c4R<\/a><\/em><br \/>\n<object width=\"400\" height=\"300\"><param name=\"flashvars\" value=\"offsite=true&amp;lang=en-us&amp;page_show_url=%2Fphotos%2Fkultursidan%2Fsets%2F72157652942333574%2Fshow%2F&amp;page_show_back_url=%2Fphotos%2Fkultursidan%2Fsets%2F72157652942333574%2F&amp;set_id=72157652942333574&amp;jump_to=\" \/><param name=\"movie\" value=\"https:\/\/www.flickr.com\/apps\/slideshow\/show.swf?v=1811922554\" \/><param name=\"allowFullScreen\" value=\"true\" \/><\/object><\/p>\n<p>IN FLAMES \u2013 BILDSPEL (FLASH) \u2013 KLICKA P\u00c5 BILDEN <em><br \/>\nALT\/MOBIL: SE BILDSPELET <a title=\"Bildspel\" href=\"https:\/\/www.flickr.com\/photos\/kultursidan\/sets\/72157654859242559\/show\/\" target=\"_blank\">H\u00c4R<\/a><\/em><br \/>\n<object width=\"400\" height=\"300\"><param name=\"flashvars\" value=\"offsite=true&amp;lang=en-us&amp;page_show_url=%2Fphotos%2Fkultursidan%2Fsets%2F72157654859242559%2Fshow%2F&amp;page_show_back_url=%2Fphotos%2Fkultursidan%2Fsets%2F72157654859242559%2F&amp;set_id=72157654859242559&amp;jump_to=\" \/><param name=\"movie\" value=\"https:\/\/www.flickr.com\/apps\/slideshow\/show.swf?v=1811922554\" \/><param name=\"allowFullScreen\" value=\"true\" \/><\/object><\/p>\n<p>MILLENCOLIN \u2013 BILDSPEL (FLASH) \u2013 KLICKA P\u00c5 BILDEN <em><br \/>\nALT\/MOBIL: SE BILDSPELET <a title=\"Bildspel\" href=\"https:\/\/www.flickr.com\/photos\/kultursidan\/sets\/72157654859539709\/show\/\" target=\"_blank\">H\u00c4R<\/a><\/em><br \/>\n<object width=\"400\" height=\"300\"><param name=\"flashvars\" value=\"offsite=true&amp;lang=en-us&amp;page_show_url=%2Fphotos%2Fkultursidan%2Fsets%2F72157654859539709%2Fshow%2F&amp;page_show_back_url=%2Fphotos%2Fkultursidan%2Fsets%2F72157654859539709%2F&amp;set_id=72157654859539709&amp;jump_to=\" \/><param name=\"movie\" value=\"https:\/\/www.flickr.com\/apps\/slideshow\/show.swf?v=1811922554\" \/><param name=\"allowFullScreen\" value=\"true\" \/><\/object><\/p>\n<p>PARKWAY DRIVE \u2013 BILDSPEL (FLASH) \u2013 KLICKA P\u00c5 BILDEN <em><br \/>\nALT\/MOBIL: SE BILDSPELET <a title=\"Bildspel\" href=\"https:\/\/www.flickr.com\/photos\/kultursidan\/sets\/72157655283629015\/show\/\" target=\"_blank\">H\u00c4R<\/a><\/em><br \/>\n<object width=\"400\" height=\"300\"><param name=\"flashvars\" value=\"offsite=true&amp;lang=en-us&amp;page_show_url=%2Fphotos%2Fkultursidan%2Fsets%2F72157655283629015%2Fshow%2F&amp;page_show_back_url=%2Fphotos%2Fkultursidan%2Fsets%2F72157655283629015%2F&amp;set_id=72157655283629015&amp;jump_to=\" \/><param name=\"movie\" value=\"https:\/\/www.flickr.com\/apps\/slideshow\/show.swf?v=1811922554\" \/><param name=\"allowFullScreen\" value=\"true\" \/><\/object><\/p>\n<p>FESTIVALBES\u00d6KARE\/HOTELLG\u00c4STER \u2013 BILDSPEL (FLASH) \u2013 KLICKA P\u00c5 BILDEN <em><br \/>\nALT\/MOBIL: SE BILDSPELET <a title=\"Bildspel\" href=\"https:\/\/www.flickr.com\/photos\/kultursidan\/sets\/72157652941657944\/show\/\" target=\"_blank\">H\u00c4R<\/a><\/em><br \/>\n<object width=\"400\" height=\"300\"><param name=\"flashvars\" value=\"offsite=true&amp;lang=en-us&amp;page_show_url=%2Fphotos%2Fkultursidan%2Fsets%2F72157652941657944%2Fshow%2F&amp;page_show_back_url=%2Fphotos%2Fkultursidan%2Fsets%2F72157652941657944%2F&amp;set_id=72157652941657944&amp;jump_to=\" \/><param name=\"movie\" value=\"https:\/\/www.flickr.com\/apps\/slideshow\/show.swf?v=1811922554\" \/><param name=\"allowFullScreen\" value=\"true\" \/><\/object><\/p>\n","protected":false},"excerpt":{"rendered":"<p>NORRK\u00d6PING Inga mer leriga festivalcampingar. H\u00e5rdrockarna \u00c5sa och Claes fr\u00e5n J\u00f6nk\u00f6ping f\u00f6redrar mjuka s\u00e4ngar. Niklas fr\u00e5n Falun blev nerv\u00f6s n\u00e4r 2.000 kronor f\u00f6rsvann fr\u00e5n betalarmbandet. Musiken kommer n\u00e4rmare n\u00e4r \u00f6lt\u00e4lten \u00e4r l\u00e5ngt borta. <a class=\"continue-reading-link\" href=\"https:\/\/www.kultursidan.nu\/?p=20423\">L\u00e4s mer <span class=\"meta-nav\">&rarr; <\/span><\/a><\/p>\n","protected":false},"author":1001006,"featured_media":0,"comment_status":"closed","ping_status":"open","sticky":false,"template":"","format":"standard","meta":{"_jetpack_memberships_contains_paid_content":false,"footnotes":""},"categories":[7],"tags":[29,13],"class_list":["post-20423","post","type-post","status-publish","format-standard","hentry","category-norrkoping","tag-festival","tag-musik"],"jetpack_featured_media_url":"","jetpack_sharing_enabled":true,"_links":{"self":[{"href":"https:\/\/www.kultursidan.nu\/index.php?rest_route=\/wp\/v2\/posts\/20423","targetHints":{"allow":["GET"]}}],"collection":[{"href":"https:\/\/www.kultursidan.nu\/index.php?rest_route=\/wp\/v2\/posts"}],"about":[{"href":"https:\/\/www.kultursidan.nu\/index.php?rest_route=\/wp\/v2\/types\/post"}],"author":[{"embeddable":true,"href":"https:\/\/www.kultursidan.nu\/index.php?rest_route=\/wp\/v2\/users\/1001006"}],"replies":[{"embeddable":true,"href":"https:\/\/www.kultursidan.nu\/index.php?rest_route=%2Fwp%2Fv2%2Fcomments&post=20423"}],"version-history":[{"count":0,"href":"https:\/\/www.kultursidan.nu\/index.php?rest_route=\/wp\/v2\/posts\/20423\/revisions"}],"wp:attachment":[{"href":"https:\/\/www.kultursidan.nu\/index.php?rest_route=%2Fwp%2Fv2%2Fmedia&parent=20423"}],"wp:term":[{"taxonomy":"category","embeddable":true,"href":"https:\/\/www.kultursidan.nu\/index.php?rest_route=%2Fwp%2Fv2%2Fcategories&post=20423"},{"taxonomy":"post_tag","embeddable":true,"href":"https:\/\/www.kultursidan.nu\/index.php?rest_route=%2Fwp%2Fv2%2Ftags&post=20423"}],"curies":[{"name":"wp","href":"https:\/\/api.w.org\/{rel}","templated":true}]}}