{"id":20519,"date":"2015-07-06T15:51:34","date_gmt":"2015-07-06T14:51:34","guid":{"rendered":"https:\/\/intelligent-friend-7861.standoutwp.com\/?p=20519"},"modified":"2015-07-06T15:51:34","modified_gmt":"2015-07-06T14:51:34","slug":"blandart-monstrar-pa-sommaren-2015","status":"publish","type":"post","link":"https:\/\/www.kultursidan.nu\/?p=20519","title":{"rendered":"BlandArt m\u00f6nstrar p\u00e5 sommaren 2015"},"content":{"rendered":"<p><a href=\"https:\/\/www.kultursidan.nu\/wp-content\/uploads\/2015\/07\/IMG_7771.jpg\"><img loading=\"lazy\" decoding=\"async\" class=\"alignnone size-medium wp-image-20520\" src=\"https:\/\/www.kultursidan.nu\/wp-content\/uploads\/2015\/07\/IMG_7771-567x378.jpg\" alt=\"BlandArt\" width=\"567\" height=\"378\" srcset=\"https:\/\/www.kultursidan.nu\/wp-content\/uploads\/2015\/07\/IMG_7771-567x378.jpg 567w, https:\/\/www.kultursidan.nu\/wp-content\/uploads\/2015\/07\/IMG_7771-1024x682.jpg 1024w, https:\/\/www.kultursidan.nu\/wp-content\/uploads\/2015\/07\/IMG_7771-500x333.jpg 500w, https:\/\/www.kultursidan.nu\/wp-content\/uploads\/2015\/07\/IMG_7771-150x100.jpg 150w, https:\/\/www.kultursidan.nu\/wp-content\/uploads\/2015\/07\/IMG_7771.jpg 1280w\" sizes=\"auto, (max-width: 567px) 100vw, 567px\" \/><\/a><em><br \/>\nKonst och brukskonst. K\u00e5ge Olssons tekannor p\u00e5 rad framf\u00f6r Lars Malms smalh\u00f6ga sk\u00e5p. De flankeras av Sigrid Ericsons m\u00e5lning till v\u00e4nster och Solveig Strids bild till h\u00f6ger.<\/em><\/p>\n<p>&nbsp;<\/p>\n<h1><span style=\"color: #ff0000;\">Stadigt, dekorativt, enkelt, magiskt<\/span><\/h1>\n<p>&nbsp;<\/p>\n<p><strong>Jag \u00e5terkommer g\u00e4rna till BlandArts sommarutst\u00e4llningar, en m\u00f6nstring av vad som h\u00e4nt gruppen och dess medlemmar sedan sist.<\/strong> N\u00e5gon \u00e4r ny, n\u00e5gon annan avst\u00e5r. Det blir en l\u00e5ngsam r\u00f6relse i tiden.<\/p>\n<p>Ljuset faller vackert i Galleri R\u00e5dhuset i S\u00f6derk\u00f6ping. Grafik, m\u00e5leri, skulptur, v\u00e4vnader, smide och tr\u00e4arbeten tar plats i de tre rummen. Bj\u00f6rn R\u00f6merts skulpturer har v\u00e4xt en aning. Solvieg Strid utvinner nya ber\u00e4ttelser ur fibern. Anders Fredin klappar p\u00e5 porten.<\/p>\n<p><strong>Det \u00e4r andra g\u00e5ngen f\u00f6r smeden Anders Fredin<\/strong>, vars portklappar smyckar en uppst\u00e4lld d\u00f6rr av grova plank. Han deltog b\u00e5de i BlandArts <em>H\u00f6stutst\u00e4llning<\/em> och i generationsutst\u00e4llningen <em>Ung inspiration<\/em> strax dessf\u00f6rinnan. Brukssmide f\u00f6r hem och tr\u00e4dg\u00e5rd, g\u00e4rna dekorerat med l\u00f6v, \u00e4r det han presenterar h\u00e4r.<\/p>\n<p><strong>K\u00e5ge Olsson presenterar stadig brukskeramik.<\/strong> Han st\u00e4ller ut tunga tillbringare och rej\u00e4la tekannor med h\u00f6g pip. Det \u00e4r detaljer i form och yta det kommer an p\u00e5. Tekannan i mitten \u00e4r rektangul\u00e4r, l\u00e4ckert gr\u00f6n med ett ljusare band.<\/p>\n<p><strong>Anv\u00e4ndbara \u00e4r ocks\u00e5 Lars Malms <\/strong>h\u00f6gsmala tr\u00e4sk\u00e5p som han arbetat med i m\u00e5nga \u00e5r. Den h\u00e4r g\u00e5ngen smyckade av bokst\u00e4ver eller siffror, \u00f6ppningen en f\u00e4rgmarkerad slingrande linje och kr\u00f6nta av taggiga kronor.<\/p>\n<p>&nbsp;<\/p>\n<p><a title=\"Janne Bergstr\u00f6m och Bj\u00f6rn R\u00f6mert by Lotta Sandelin, on Flickr\" href=\"https:\/\/www.flickr.com\/photos\/kultursidan\/19277758720\"><img loading=\"lazy\" decoding=\"async\" src=\"https:\/\/c2.staticflickr.com\/4\/3867\/19277758720_ecb97182fd.jpg\" alt=\"Janne Bergstr\u00f6m och Bj\u00f6rn R\u00f6mert\" width=\"267\" height=\"400\" \/><\/a><br \/>\n<em> Slokande blomma i figurens hand. Bj\u00f6rn R\u00f6merts figurer \u00e4r lite st\u00f6rre. P\u00e5 v\u00e4ggen ovanf\u00f6r en gouache av Janne Bergstr\u00f6m. Till h\u00f6ger anas den tunna gardinen\/v\u00e4ggdelaren av Margareta Oldfeldt.<\/em><\/p>\n<p>&nbsp;<\/p>\n<p><strong>Margareta Oldfeldt hyllar enkelhet i sitt v\u00e4veri.<\/strong> En trasmatta i ljusa nyanser med m\u00f6rkgr\u00f6n(?) rand p\u00e5 j\u00e4mnt avst\u00e5nd. En gardin\/rumsdelare med genomsl\u00e4pp. Enkelt och raffinerat. Att hon pr\u00f6var annat uttryck visar hon med ett par akvareller, jag fastnar inte f\u00f6r dem, men just nu, andra veckan i juli, \u00e4r det hennes tur i Lilla galleriet d\u00e5 hon visar mer av den varan j\u00e4mte mer av sin textila konst.<\/p>\n<p><strong>Smide av en annan art st\u00e5r Bj\u00f6rn R\u00f6mert f\u00f6r.<\/strong> Hans tankev\u00e4ckande gestalter, smala sorgmodiga skepnader, har minsann v\u00e4xt till sig, om \u00e4n proportionerna \u00e4r desamma.<\/p>\n<p>\u2013 Jag gjorde best\u00e4llningsarbeten p\u00e5 stora figurer, f\u00f6rklarar Bj\u00f6rn R\u00f6mert och m\u00e5ttar en dryg meter \u00f6ver golvet. Det var roligt, jag kunde arbeta mer med detaljer.<\/p>\n<p>Efter det uppdraget k\u00e4ndes det naturligt att arbeta i ett aningens st\u00f6rre format f\u00f6rst\u00e5r jag. N\u00e5got annat som h\u00e4nt \u00e4r att en och annan figur samverkar med en kontrasterande form, som en nym\u00e5nes sk\u00e4ra, en ganska bred historia. Eller vilar trygg i en stor hand, som de gjorde i den separatutst\u00e4llning som Bj\u00f6rn R\u00f6mert visade tillsammans med f\u00e4rgglada kollegan Gunnar \u00d6stlund i Lilla galleriet under en (nu g\u00e5ngen) junivecka.<\/p>\n<p>&nbsp;<\/p>\n<p><a title=\"Sigrid Ericson by Lotta Sandelin, on Flickr\" href=\"https:\/\/www.flickr.com\/photos\/kultursidan\/19458977172\"><img loading=\"lazy\" decoding=\"async\" src=\"https:\/\/c1.staticflickr.com\/1\/531\/19458977172_49aab2a2a6.jpg\" alt=\"Sigrid Ericson\" width=\"400\" height=\"327\" \/><\/a><br \/>\n<em> Frihet. Olja p\u00e5 duk av Sigrid Ericson.<\/em><\/p>\n<p>&nbsp;<\/p>\n<p><strong>P\u00e5 v\u00e4ggarna h\u00e4nger bildkonstn\u00e4rernas verk i olja, grafik och fiber. <\/strong>Fiber? P\u00e5 s\u00e4tt och vis \u00e4r allt fiber; avst\u00e5ndet mellan broderi, bildv\u00e4v, akvarell, m\u00e5lning p\u00e5 duk och grafik \u00e4r kortare \u00e4n vi vanligen t\u00e4nker oss.<\/p>\n<p><strong>Sigrid Ericsons m\u00e5lningar \u00e4r magiska,<\/strong> f\u00e4rgen blandad i f\u00e4lt som l\u00e5ter \u00f6gat ana ett landskap. N\u00e5got suddigt, n\u00e5got skarpt. F\u00e4rgen rinner, prickar. Avslutat i tid.<\/p>\n<p><strong>Ohla S\u00f6derlunds specialitet \u00e4r grafik,<\/strong> klassiska tekniker som tr\u00e4snitt, akvatint och torrn\u00e5l men ocks\u00e5 och linoleum och mjukgrund. Den svartvita grafiken \u00e4r l\u00e5gm\u00e4ld men rymmer s\u00e5 mycket. H\u00e4r fr\u00e5n en gammal stuga i en backe till en h\u00f6g kl\u00e4der som slingrar sig p\u00e5 sovrumsstolen. Sedan kastar han sig p\u00e5 pastellkritorna och m\u00e5lar en stor b\u00e5t!<\/p>\n<p><strong>Lena Neander visar med sin enda,<\/strong> jag tror det \u00e4r den enda, bildv\u00e4v hur hon m\u00e5lar med den grova tr\u00e5den. Inte olikt kritor, fast t\u00e4tare, mycket t\u00e4tare. Jag fotograferar en detaljbild, den finns med i bildspelet.<\/p>\n<p><strong>Janne Bergstr\u00f6m b\u00e5de m\u00e5lar (oftast gouacher) och broderar. <\/strong>Det \u00e4r n\u00e4r han s\u00e4tter n\u00e5len i konsten han \u00e4r som mest full i fan. Minsann har han inte blivit riktig skicklig med \u00e5ren, stygnen \u00e4r j\u00e4mna och han f\u00f6r fina skuggningar.<\/p>\n<p><strong>Solveig Strid g\u00f6r eget papper.<\/strong> Sedan n\u00e5gra \u00e5r arbetar hon \u00e4ven med papyrus, l\u00e5ter materialen m\u00f6tas. Papperet f\u00e4rgar hon eller f\u00e4rgar in, papyrusen kan st\u00e5 f\u00f6r sig sj\u00e4lv. Materialets struktur framh\u00e4vs i collagen. B\u00e4st tycker jag om portr\u00e4ttet av ett par som m\u00f6ts, i antytt \u00e5lderdomliga kl\u00e4der. Hon i mjukt rundad sjalett, han med ett fyrkantat huvud. <em>\u00c5terkomst<\/em> heter verket.<\/p>\n<p><em>Text och foto: Ann-Charlotte Sandelin<\/em><\/p>\n<p>SOMMARUTST\u00c4LLNING \u2013 BILDSPEL (FLASH) \u2013 KLICKA P\u00c5 BILDEN <em><br \/>\nALT\/MOBIL: SE BILDSPELET <a title=\"Bildspel\" href=\"https:\/\/www.flickr.com\/photos\/kultursidan\/sets\/72157655114127600\/show\/\" target=\"_blank\">H\u00c4R<\/a><\/em><br \/>\n<object width=\"400\" height=\"300\"><param name=\"flashvars\" value=\"offsite=true&amp;lang=en-us&amp;page_show_url=%2Fphotos%2Fkultursidan%2Fsets%2F72157655114127600%2Fshow%2F&amp;page_show_back_url=%2Fphotos%2Fkultursidan%2Fsets%2F72157655114127600%2F&amp;set_id=72157655114127600&amp;jump_to=\" \/><param name=\"movie\" value=\"https:\/\/www.flickr.com\/apps\/slideshow\/show.swf?v=1811922554\" \/><param name=\"allowFullScreen\" value=\"true\" \/><\/object><\/p>\n<p>BJ\u00d6RN R\u00d6MERT OCH GUNNAR \u00d6STLUND \u2013 BILDSPEL (FLASH) \u2013 KLICKA P\u00c5 BILDEN <em><br \/>\nALT\/MOBIL: SE BILDSPELET <a title=\"Bildspel\" href=\"https:\/\/www.flickr.com\/photos\/kultursidan\/sets\/72157655464478876\/show\/\" target=\"_blank\">H\u00c4R<\/a><\/em><br \/>\n<object width=\"400\" height=\"300\"><param name=\"flashvars\" value=\"offsite=true&amp;lang=en-us&amp;page_show_url=%2Fphotos%2Fkultursidan%2Fsets%2F72157655464478876%2Fshow%2F&amp;page_show_back_url=%2Fphotos%2Fkultursidan%2Fsets%2F\/72157655464478876%2F&amp;set_id=72157655464478876&amp;jump_to=\" \/><param name=\"movie\" value=\"https:\/\/www.flickr.com\/apps\/slideshow\/show.swf?v=1811922554\" \/><param name=\"allowFullScreen\" value=\"true\" \/><\/object><\/p>\n<blockquote>\n<h3><em>GALLERI R\u00c5DHUSET S\u00f6derk\u00f6ping<\/em><\/h3>\n<p>13 juni \u2013 23 augusti 2015<em><br \/>\n<strong>BlandArt<\/strong><\/em><br \/>\n<em> Konst och konsthantverk<\/em><\/p>\n<p style=\"padding-left: 30px;\"><em>MEDVERKANDE (SEPARATUTST\u00c4LLNING)<\/em><br \/>\n<em> Lars Malm (v. 25)<\/em><br \/>\n<em> Bj\u00f6rn R\u00f6mert (v. 26)<\/em><br \/>\n<em> Sigrid Ericson (v. 27)<\/em><br \/>\n<em> Margareta Oldfeldt (v. 28)<\/em><br \/>\n<em> Anders Fredin (v. 29)<\/em><br \/>\n<em> Ohla S\u00f6derlund (v. 30)<\/em><br \/>\n<em> Lena Neander (v. 31)<\/em><br \/>\n<em> Solveig Strid (v. 32)<\/em><br \/>\n<em> K\u00e5ge Olsson\u00a0(v. 33)<\/em><br \/>\n<em> Janne Bergstr\u00f6m (v. 34)<\/em><\/p>\n<\/blockquote>\n<p>L\u00c4NKAR<br \/>\nBlandArt <a href=\"http:\/\/www.blandart.com\" target=\"_blank\">hemsida<\/a> <a href=\"https:\/\/www.facebook.com\/pages\/BlandArt\/309889599061583?fref=ts\" target=\"_blank\">Facebook <\/a><\/p>\n","protected":false},"excerpt":{"rendered":"<p>S\u00d6DERK\u00d6PING Ljuset faller vackert i Galleri R\u00e5dhuset. Grafik, m\u00e5leri, skulptur, v\u00e4vnader, smide och tr\u00e4arbeten tar plats i tre rum. Bj\u00f6rn R\u00f6merts skulpturer har v\u00e4xt en aning. Solvieg Strid utvinner nya ber\u00e4ttelser ur fibern. Anders Fredin klappar p\u00e5 porten. <a class=\"continue-reading-link\" href=\"https:\/\/www.kultursidan.nu\/?p=20519\">L\u00e4s mer <span class=\"meta-nav\">&rarr; <\/span><\/a><\/p>\n","protected":false},"author":1001006,"featured_media":0,"comment_status":"closed","ping_status":"open","sticky":false,"template":"","format":"standard","meta":{"_jetpack_memberships_contains_paid_content":false,"footnotes":""},"categories":[6],"tags":[61,14],"class_list":["post-20519","post","type-post","status-publish","format-standard","hentry","category-soderkoping","tag-hantverk","tag-konst"],"jetpack_featured_media_url":"","jetpack_sharing_enabled":true,"_links":{"self":[{"href":"https:\/\/www.kultursidan.nu\/index.php?rest_route=\/wp\/v2\/posts\/20519","targetHints":{"allow":["GET"]}}],"collection":[{"href":"https:\/\/www.kultursidan.nu\/index.php?rest_route=\/wp\/v2\/posts"}],"about":[{"href":"https:\/\/www.kultursidan.nu\/index.php?rest_route=\/wp\/v2\/types\/post"}],"author":[{"embeddable":true,"href":"https:\/\/www.kultursidan.nu\/index.php?rest_route=\/wp\/v2\/users\/1001006"}],"replies":[{"embeddable":true,"href":"https:\/\/www.kultursidan.nu\/index.php?rest_route=%2Fwp%2Fv2%2Fcomments&post=20519"}],"version-history":[{"count":0,"href":"https:\/\/www.kultursidan.nu\/index.php?rest_route=\/wp\/v2\/posts\/20519\/revisions"}],"wp:attachment":[{"href":"https:\/\/www.kultursidan.nu\/index.php?rest_route=%2Fwp%2Fv2%2Fmedia&parent=20519"}],"wp:term":[{"taxonomy":"category","embeddable":true,"href":"https:\/\/www.kultursidan.nu\/index.php?rest_route=%2Fwp%2Fv2%2Fcategories&post=20519"},{"taxonomy":"post_tag","embeddable":true,"href":"https:\/\/www.kultursidan.nu\/index.php?rest_route=%2Fwp%2Fv2%2Ftags&post=20519"}],"curies":[{"name":"wp","href":"https:\/\/api.w.org\/{rel}","templated":true}]}}